{"id":32829,"date":"2023-06-29T14:17:33","date_gmt":"2023-06-29T20:17:33","guid":{"rendered":"https:\/\/eloficiodehistoriar.com.mx\/?p=32829"},"modified":"2023-06-29T14:17:33","modified_gmt":"2023-06-29T20:17:33","slug":"apelacion-a-la-memoria-celebracion-y-un-homenaje-a-la-esperanza-la-exposicion-juegos-de-ninxs-1999-2022","status":"publish","type":"post","link":"https:\/\/eloficiodehistoriar.com.mx\/?p=32829","title":{"rendered":"Apelaci\u00f3n a la memoria, celebraci\u00f3n y un homenaje a la esperanza; La exposici\u00f3n\u00a0Juegos de ni\u00f1xs, 1999-2022"},"content":{"rendered":"<div id=\"main-cont\">\n<article>\n<div id=\"article-cont\" class=\"main-cont article-cont actuality\">\n<div class=\"cabeza\">Francis Al\u00ffs apela a la memoria y festeja en el MUAC el regocijo<\/div>\n<div class=\"sumarios\">\n<p><em>Juegos de ni\u00f1xs, 1999-2022<\/em>\u00a0incluye 27 piezas audiovisuales que muestran la diversidad l\u00fadica en el mundo<\/p>\n<\/div>\n<div id=\"article-text\" class=\"text\">\n<div class=\"foto\">\n<div class=\"pie-foto\">El artista belga Francis Al\u00ffs refiri\u00f3 que realiz\u00f3 estos registros porque muchas de estas pr\u00e1cticas recreativas est\u00e1n en peligro de desaparecer por <q>el sobrecuidado de los padres y (el auge de) las redes sociales<\/q>.<\/div>\n<div><\/div>\n<\/div>\n<div class=\"col col1\">\n<div class=\"credito-autor\">\u00c1ngel Vargas<\/div>\n<div class=\"credito-titulo\"><\/div>\n<div class=\"hemero\">La Jornada<\/p>\n<\/div>\n<p class=\"s-s\">Una apelaci\u00f3n a la memoria, una celebraci\u00f3n del regocijo y un homenaje a la esperanza. As\u00ed se resume la exposici\u00f3n\u00a0<em>Juegos de ni\u00f1xs, 1999-2022<\/em>, de Francis Al\u00ffs (Amberes, 1959), con la que el Museo Universitario Arte Contempor\u00e1neo (MUAC) festeja su 15 aniversario. La muestra es considerada por los responsables de ese recinto\u00a0<q>una de las m\u00e1s importantes<\/q>\u00a0propuestas art\u00edsticas de este a\u00f1o.<\/p>\n<p>La muestra, abierta al p\u00fablico hasta mediados de septiembre, est\u00e1 conformada por dos pinturas y 27 de las 33 piezas audiovisuales en las que el artista ha documentado diversos juegos infantiles que se practican en varias regiones del mundo donde las crisis econ\u00f3micas, la fuerza de la tradici\u00f3n y las comunidades sociales han hecho subsistir la vida colectiva de la infancia en el espacio p\u00fablico.<\/p>\n<p>Estas obras son parte de\u00a0<q>un ambicioso archivo en curso de pr\u00e1cticas urbanas<\/q>\u00a0que la modernizaci\u00f3n va desterrando de la vida cotidiana, a medida que el concepto de espacio p\u00fablico va quedando trastornado por el predominio de los veh\u00edculos y el acaparamiento del tiempo libre por las distracciones electr\u00f3nicas, anot\u00f3 Cuauht\u00e9moc Medina, curador en jefe del MUAC.<\/p>\n<p>La exhibici\u00f3n ocupa tres salas del museo de la Universidad Nacional Aut\u00f3noma de M\u00e9xico y, si algo impacta de \u00e9sta es su sonido: un estridente e inmersivo rumor que parece un gigantesco enjambre o aviario del que se desprenden voces, risas y gritos de infantes de diversas culturas en pleno \u00e9xtasis de alegr\u00eda, algo que de inmediato detona la nostalgia de algunos espectadores.<\/p>\n<p>Los juegos de ni\u00f1os siempre han inspirado a Francis Al\u00ffs. \u201cSi ves una pieza como\u00a0<em>El colector<\/em>, que hice a principios de los 90 \u2013y que forma parte del acervo del MUAC\u2013, ya era la recreaci\u00f3n de un juego de mi ni\u00f1ez, en el que jalaba un im\u00e1n por las calles o el patio de la escuela. Los juegos\u00a0<em>per se<\/em>\u00a0y sus din\u00e1micas siempre han sido un referente muy importante en mi obra, como se ve en proyectos anteriores a estos videos\u201d.<\/p>\n<p>En un recorrido por la muestra, el artista europeo radicado en M\u00e9xico considera este proyecto dentro de una nueva etapa en su vida y trayectoria art\u00edstica, en la que se ha propuesto \u201cpasar el protagonismo a la siguiente generaci\u00f3n, que son los ni\u00f1os, y retraerme, literalmente.<\/p>\n<\/div>\n<div class=\"col col2\">\n<p><q>Esa fue la raz\u00f3n de esta exposici\u00f3n. Aqu\u00ed es una posici\u00f3n mucho m\u00e1s documentalista, m\u00e1s etnol\u00f3gica, como un nuevo cap\u00edtulo, una nueva \u00e9poca del trabajo que apenas estoy empezando a desarrollar.<\/q><\/p>\n<p>Francis Al\u00ffs refiri\u00f3 que el registro de estos juegos responde a que muchos de ellos est\u00e1n en peligro de desaparecer frente a\u00a0<q>la p\u00e9rdida de la calle, el sobrecuidado de los padres, (el auge de) las redes sociales y porque el espacio p\u00fablico se ha vuelto m\u00e1s peligroso<\/q>.<\/p>\n<p>La raz\u00f3n principal de esta serie es\u00a0<q>registrar un momento de transici\u00f3n. No estoy juzgando qu\u00e9 est\u00e1 mejor o peor de lo que est\u00e1 pasando. Claramente estamos viviendo un momento de transici\u00f3n y me pareci\u00f3 importante documentarlo<\/q>.<\/p>\n<p>El creador se refiri\u00f3 al sobrecogedor video de un grupo de ni\u00f1os que jugaba futbol con una pelota imaginaria en Iraq por la prohibici\u00f3n que hizo el Estado Isl\u00e1mico de ese deporte.<\/p>\n<p>\u201cFue filmado un mes antes de la liberaci\u00f3n de Mosul (en 2017). Esos ni\u00f1os, como acto de resistencia heroica, se inventan este juego para eludir la prohibici\u00f3n de la pelota, que est\u00e1 vista como un juego occidental. S\u00e9 que es una situaci\u00f3n que ocurre en otros lugares del mundo: esa dimensi\u00f3n del juego como una manera de los ni\u00f1os de enfrentar la realidad en la que se encuentran.<\/p>\n<p>\u201cEs una manera muy sencilla, como lo menciono en la presentaci\u00f3n de la exposici\u00f3n: los adultos hablan para procesar sus emociones y problemas; los ni\u00f1os juegan. Entonces, esa fue la respuesta frente a la imposici\u00f3n de prohibir la pelota y ejecutar a quienes hab\u00edan visto un partido de futbol en la\u00a0<em>tele<\/em>\u00a0unos meses antes. Sent\u00ed que era necesario registrar ese momento.\u201d<\/p>\n<p>El MUAC se ubica en el Centro Cultural Universitario<\/p>\n<p>Insurgentes Sur 3000, Ciudad de M\u00e9xico<\/p>\n<\/div>\n<\/div>\n<div class=\"go gui\">\n<div class=\"go-up\"><\/div>\n<\/div>\n<\/div>\n<\/article>\n<\/div>\n","protected":false},"excerpt":{"rendered":"<p>Francis Al\u00ffs apela a la memoria y festeja en el MUAC el regocijo Juegos de ni\u00f1xs, 1999-2022\u00a0incluye 27 piezas audiovisuales que muestran la diversidad l\u00fadica en el mundo El artista belga Francis Al\u00ffs refiri\u00f3 que realiz\u00f3 estos registros porque muchas de estas pr\u00e1cticas recreativas est\u00e1n en peligro de desaparecer por el sobrecuidado de los padres [&hellip;]<\/p>\n","protected":false},"author":249,"featured_media":32830,"comment_status":"open","ping_status":"closed","sticky":false,"template":"","format":"standard","meta":{"footnotes":""},"categories":[26],"tags":[],"class_list":["post-32829","post","type-post","status-publish","format-standard","has-post-thumbnail","hentry","category-mundo"],"_links":{"self":[{"href":"https:\/\/eloficiodehistoriar.com.mx\/index.php?rest_route=\/wp\/v2\/posts\/32829","targetHints":{"allow":["GET"]}}],"collection":[{"href":"https:\/\/eloficiodehistoriar.com.mx\/index.php?rest_route=\/wp\/v2\/posts"}],"about":[{"href":"https:\/\/eloficiodehistoriar.com.mx\/index.php?rest_route=\/wp\/v2\/types\/post"}],"author":[{"embeddable":true,"href":"https:\/\/eloficiodehistoriar.com.mx\/index.php?rest_route=\/wp\/v2\/users\/249"}],"replies":[{"embeddable":true,"href":"https:\/\/eloficiodehistoriar.com.mx\/index.php?rest_route=%2Fwp%2Fv2%2Fcomments&post=32829"}],"version-history":[{"count":1,"href":"https:\/\/eloficiodehistoriar.com.mx\/index.php?rest_route=\/wp\/v2\/posts\/32829\/revisions"}],"predecessor-version":[{"id":32831,"href":"https:\/\/eloficiodehistoriar.com.mx\/index.php?rest_route=\/wp\/v2\/posts\/32829\/revisions\/32831"}],"wp:featuredmedia":[{"embeddable":true,"href":"https:\/\/eloficiodehistoriar.com.mx\/index.php?rest_route=\/wp\/v2\/media\/32830"}],"wp:attachment":[{"href":"https:\/\/eloficiodehistoriar.com.mx\/index.php?rest_route=%2Fwp%2Fv2%2Fmedia&parent=32829"}],"wp:term":[{"taxonomy":"category","embeddable":true,"href":"https:\/\/eloficiodehistoriar.com.mx\/index.php?rest_route=%2Fwp%2Fv2%2Fcategories&post=32829"},{"taxonomy":"post_tag","embeddable":true,"href":"https:\/\/eloficiodehistoriar.com.mx\/index.php?rest_route=%2Fwp%2Fv2%2Ftags&post=32829"}],"curies":[{"name":"wp","href":"https:\/\/api.w.org\/{rel}","templated":true}]}}