{"id":32839,"date":"2023-06-30T12:00:50","date_gmt":"2023-06-30T18:00:50","guid":{"rendered":"https:\/\/eloficiodehistoriar.com.mx\/?p=32839"},"modified":"2023-06-30T12:00:50","modified_gmt":"2023-06-30T18:00:50","slug":"medealand-dirigida-por-esther-andre-gonzalez-es-investigacion-poetica-del-ineficaz-justicia-y-de-la-iniquidad","status":"publish","type":"post","link":"https:\/\/eloficiodehistoriar.com.mx\/?p=32839","title":{"rendered":"\u00abMedealand\u00bb dirigida por Esther Andr\u00e9 Gonz\u00e1lez es investigaci\u00f3n po\u00e9tica del ineficaz justicia y de la iniquidad."},"content":{"rendered":"<div id=\"main-cont\">\n<article>\n<div id=\"article-cont\" class=\"main-cont article-cont actuality\">\n<div class=\"cabeza\"><em>Medealand<\/em>\u00a0reflexiona sobre la normalizaci\u00f3n de la iniquidad<\/div>\n<div class=\"sumarios\">\n<p>La obra revela la realidad del sistema jur\u00eddico: la defensa de los predadores y el debilitamiento de los vulnerables<\/p>\n<\/div>\n<div id=\"article-text\" class=\"text\">\n<div class=\"foto\">\n<div class=\"pie-foto\">Basada en el texto hom\u00f3nimo de la autora sueca Sara Stridsberg, la puesta en escena <em>Medealand<\/em> ofrecer\u00e1 sus dos \u00faltimas funciones en el Foro Sor Juana In\u00e9s de la Cruz del Centro Cultural Universitario.<\/div>\n<div><\/div>\n<\/div>\n<div class=\"col\">\n<div class=\"credito-autor\">Daniel L\u00f3pez Aguilar<\/div>\n<div class=\"credito-titulo\"><\/div>\n<div class=\"hemero\">La Jornada<\/p>\n<\/div>\n<p class=\"s-s\">En\u00a0<em>Medealand<\/em>, la directora esc\u00e9nica Esther Andr\u00e9 Gonz\u00e1lez y Teatro UNAM realizan\u00a0<q>una investigaci\u00f3n po\u00e9tica de nuestro ineficaz sentido de justicia, as\u00ed como una reflexi\u00f3n sobre la normalizaci\u00f3n de la iniquidad<\/q>.<\/p>\n<p>Basada en el texto hom\u00f3nimo de la autora sueca Sara Stridsberg, la puesta en escena ofrecer\u00e1 sus dos \u00faltimas funciones hoy y ma\u00f1ana en el Foro Sor Juana In\u00e9s de la Cruz del Centro Cultural Universitario de la m\u00e1xima casa de estudios.<\/p>\n<p>El significado del mito griego de Medea, quien mata a sus hijos para vengarse de su marido, \u201csobrepasa por mucho al personaje y la an\u00e9cdota.\u00a0<em>Medealand\u00a0<\/em>interroga a nuestra civilizaci\u00f3n occidental desde la maternidad como valor incuestionable, como identidad femenina dignificante y como \u00fanica opci\u00f3n existencial para la mujer ante el patriarcado\u201d, explic\u00f3 Andr\u00e9 Gonz\u00e1lez en entrevista con\u00a0<em>La Jornada<\/em>.<\/p>\n<p>\u201c\u00bfQu\u00e9 margen de acci\u00f3n y de incidencia tiene una madre migrante aislada frente al Poder Judicial en la actualidad? El montaje duele porque revela la realidad de nuestro sistema jur\u00eddico: la defensa de los predadores y el debilitamiento de los vulnerables.<\/p>\n<p>\u201cVivimos en una sociedad enferma de injusticia, cinismo y abuso.\u00a0<em>Medealand\u00a0<\/em>tambi\u00e9n expone ante nosotros la crueldad, la hipocres\u00eda y arbitrariedad de las pol\u00edticas migratorias de la comunidad europea y otros pa\u00edses poderosos.<\/p>\n<p><q>Durante siglos nuestras fuentes mitol\u00f3gicas han sido secuestradas y monitoreadas por el filtro y la censura del patriarcado. Hoy ese sistema mis\u00f3gino se encuentra en v\u00edas de putrefacci\u00f3n.<\/q><\/p>\n<p>La trama gira en torno a Medea, quien se encuentra internada en un centro siqui\u00e1trico y ha sido condenada al exilio en un pa\u00eds ajeno en todos los sentidos. Aunque a veces recibe visitas, su esposo y su suegro le provocan c\u00f3lera. Extranjera y con dos hijos, recibe dos consejos:\u00a0<q>resignarse o rebelarse<\/q>.<\/p>\n<p>El elenco est\u00e1 integrado por Paula Watson, Clarissa Malheiros, Juan Carlos Remolina Su\u00e1rez, Elizabeth Pedroza, David Calder\u00f3n Le\u00f3n, Assira Abate y Tamara G. Cano. El karaoke, el circuito cerrado, el dise\u00f1o espacial, el videoarte, la danza, la fotograf\u00eda y las artes pl\u00e1sticas son otros elementos que cobran vida en el escenario.<\/p>\n<p>Dramaturga y actriz, Andr\u00e9 Gonz\u00e1lez considera que el de la Llorona y Medea son dos mitos ligados entre s\u00ed, pues ambos hacen referencia a la maternidad y la cuestionan de forma radical.<\/p>\n<p>\u201cEstos relatos han sido colonizados poco a poco por una interpretaci\u00f3n t\u00f3xica y reductora. Por medio de ese lente deformante tambi\u00e9n han sido reducidas a narraciones privadas de mujeres locas, ardidas, sin escr\u00fapulos, que matan a sus propios hijos para vengarse de la infidelidad de sus hombres.<\/p>\n<p>\u201cSon ejemplos de lo que les pasa a las f\u00e9minas que se portan mal y ser\u00e1n castigadas. En la actualidad prevalece una lectura de estos mitos que encamina y refuerza creencias de la mujer como el origen de todo mal. Afortunadamente, las cosas est\u00e1n cambiando.<\/p>\n<p><q>Necesitamos nuevas narrativas que sirvan de herramienta para apropiarse, reflexionar, compartir e interpretar colectivamente los mitos fundadores de nuestras democracias<\/q>, puntualiz\u00f3 la directora teatral (Ciudad de M\u00e9xico, 1961).<\/p>\n<p>\u201cEsta obra es interesante por las preguntas que provoca, por su invitaci\u00f3n a dejar la inercia y abandonar el h\u00e1bito de rumiar las mismas ideas, las mismas disyuntivas y respuestas masticadas mil veces. No es una historia alegre. Sin embargo, produce esperanza y hasta euforia.<\/p>\n<p><q>En una \u00e9poca posmoderna en la que prevalece el escepticismo, el renacimiento de las narraciones ancestrales son quiz\u00e1s un intento de rechazar las respuestas simplistas. El mito permite que las complejidades y contradicciones entre los individuos y la sociedad cobren vida ofreciendo una plataforma de reflexi\u00f3n, cuyas respuestas no sean un\u00edvocas<\/q>, concluy\u00f3 la directora.<\/p>\n<p>Las \u00faltimas funciones de\u00a0<em>Medealand<\/em>\u00a0ser\u00e1n hoy a las 19:30 horas y ma\u00f1ana a las 19. Los boletos cuestan 150 pesos, con descuento de 50 por ciento a alumnos, maestros, ex alumnos de la UNAM y beneficiarios con la tarjeta del Instituto Nacional de las Personas Adultas Mayores.<\/p>\n<\/div>\n<\/div>\n<div class=\"go gui\">\n<div class=\"go-next\"><\/div>\n<div class=\"go-up\"><\/div>\n<\/div>\n<\/div>\n<\/article>\n<\/div>\n<div id=\"interstitialdfpportadas\"><\/div>\n","protected":false},"excerpt":{"rendered":"<p>Medealand\u00a0reflexiona sobre la normalizaci\u00f3n de la iniquidad La obra revela la realidad del sistema jur\u00eddico: la defensa de los predadores y el debilitamiento de los vulnerables Basada en el texto hom\u00f3nimo de la autora sueca Sara Stridsberg, la puesta en escena Medealand ofrecer\u00e1 sus dos \u00faltimas funciones en el Foro Sor Juana In\u00e9s de la [&hellip;]<\/p>\n","protected":false},"author":249,"featured_media":32840,"comment_status":"open","ping_status":"closed","sticky":false,"template":"","format":"standard","meta":{"footnotes":""},"categories":[26],"tags":[],"class_list":["post-32839","post","type-post","status-publish","format-standard","has-post-thumbnail","hentry","category-mundo"],"_links":{"self":[{"href":"https:\/\/eloficiodehistoriar.com.mx\/index.php?rest_route=\/wp\/v2\/posts\/32839","targetHints":{"allow":["GET"]}}],"collection":[{"href":"https:\/\/eloficiodehistoriar.com.mx\/index.php?rest_route=\/wp\/v2\/posts"}],"about":[{"href":"https:\/\/eloficiodehistoriar.com.mx\/index.php?rest_route=\/wp\/v2\/types\/post"}],"author":[{"embeddable":true,"href":"https:\/\/eloficiodehistoriar.com.mx\/index.php?rest_route=\/wp\/v2\/users\/249"}],"replies":[{"embeddable":true,"href":"https:\/\/eloficiodehistoriar.com.mx\/index.php?rest_route=%2Fwp%2Fv2%2Fcomments&post=32839"}],"version-history":[{"count":1,"href":"https:\/\/eloficiodehistoriar.com.mx\/index.php?rest_route=\/wp\/v2\/posts\/32839\/revisions"}],"predecessor-version":[{"id":32841,"href":"https:\/\/eloficiodehistoriar.com.mx\/index.php?rest_route=\/wp\/v2\/posts\/32839\/revisions\/32841"}],"wp:featuredmedia":[{"embeddable":true,"href":"https:\/\/eloficiodehistoriar.com.mx\/index.php?rest_route=\/wp\/v2\/media\/32840"}],"wp:attachment":[{"href":"https:\/\/eloficiodehistoriar.com.mx\/index.php?rest_route=%2Fwp%2Fv2%2Fmedia&parent=32839"}],"wp:term":[{"taxonomy":"category","embeddable":true,"href":"https:\/\/eloficiodehistoriar.com.mx\/index.php?rest_route=%2Fwp%2Fv2%2Fcategories&post=32839"},{"taxonomy":"post_tag","embeddable":true,"href":"https:\/\/eloficiodehistoriar.com.mx\/index.php?rest_route=%2Fwp%2Fv2%2Ftags&post=32839"}],"curies":[{"name":"wp","href":"https:\/\/api.w.org\/{rel}","templated":true}]}}