{"id":32842,"date":"2023-06-30T12:25:34","date_gmt":"2023-06-30T18:25:34","guid":{"rendered":"https:\/\/eloficiodehistoriar.com.mx\/?p=32842"},"modified":"2023-06-30T12:25:34","modified_gmt":"2023-06-30T18:25:34","slug":"una-relacion-no-se-deteriora-con-los-anos-si-siempre-es-honesta-y-llena-de-ilusion-y-respeto-o-f-m-45-anos","status":"publish","type":"post","link":"https:\/\/eloficiodehistoriar.com.mx\/?p=32842","title":{"rendered":"\u00abUna relaci\u00f3n no se deteriora con los a\u00f1os si siempre es honesta y llena de ilusi\u00f3n y respeto\u00bb O. F. M. 45 a\u00f1os"},"content":{"rendered":"<div id=\"main-cont\">\n<article>\n<div id=\"article-cont\" class=\"main-cont article-cont actuality\">\n<div class=\"cabeza\">Atrilistas de otras orquestas aportan a la Sinf\u00f3nica de Miner\u00eda su car\u00e1cter ecl\u00e9ctico<\/div>\n<div class=\"sumarios\">\n<p>Es dif\u00edcil mantener un conjunto como proyecto fresco y atractivo, explica su director Carlos Miguel Prieto<\/p>\n<\/div>\n<div id=\"article-text\" class=\"text\">\n<div class=\"foto\">\n<div class=\"pie-foto\">La Orquesta Sinf\u00f3nica de Miner\u00eda iniciar\u00e1 ma\u00f1ana su temporada de verano 2023, con la que celebrar\u00e1 su 45 aniversario, mientras el director Carlos Miguel Prieto cumplir\u00e1 17 a\u00f1os al frente de la agrupaci\u00f3n.<\/div>\n<div><\/div>\n<\/div>\n<div class=\"col col1\">\n<div class=\"credito-autor\">\u00c1ngel Vargas<\/div>\n<div class=\"credito-titulo\"><\/div>\n<div class=\"hemero\">La Jornada<\/p>\n<\/div>\n<p class=\"s-s\">Mantener una orquesta como un proyecto fresco y atractivo no es sencillo, como lo sabe el director Carlos Miguel Prieto, quien cumplir\u00e1 17 a\u00f1os en el podio de la Orquesta Sinf\u00f3nica de Miner\u00eda (OSM) durante su temporada de verano 2023, que comienza ma\u00f1ana y con la cual dicha agrupaci\u00f3n celebrar\u00e1 su 45 aniversario.<\/p>\n<p><q>Una relaci\u00f3n no se deteriora con los a\u00f1os si siempre es honesta y llena de ilusi\u00f3n y respeto. Para m\u00ed eso es sustancial. Nunca he sido una persona dictatorial, no puedo ni en mi casa, y de nada sirve<\/q>, explica el tambi\u00e9n violinista a\u00a0<em>La Jornada<\/em>.<\/p>\n<p><q>Adem\u00e1s, tomo la m\u00fasica desde un punto de vista colaborativo, m\u00e1s que mandar; hay que ser pr\u00e1cticos y poder sacar un concierto en cuatro o cinco ensayos, pero al mismo tiempo creo que la colaboraci\u00f3n es importante para mantener esa buena relaci\u00f3n. En realidad, siento como si yo estuviera tocando en la orquesta m\u00e1s que dirigi\u00e9ndola.<\/q><\/p>\n<p>Se\u00f1ala que otro de sus secretos es conocer bien a los m\u00fasicos de la agrupaci\u00f3n, incluso a quienes vienen de fuera, a los cuales recluta, dice, porque le gusta c\u00f3mo tocan en alguna otra orquesta.<\/p>\n<p><q>Esta organizaci\u00f3n (la Sinf\u00f3nica de Miner\u00eda) tambi\u00e9n fue fundada por algunos m\u00fasicos de orquestas muy famosas, como las de Berl\u00edn y Chicago, que formaron parte de este proyecto; todav\u00eda sigue algo as\u00ed. Entonces, todas las temporadas hay gente nueva que estoy conociendo, pero acaban siendo amigos despu\u00e9s de un ensayo<\/q>, indica.<\/p>\n<p><q>Hay muchos m\u00fasicos que conozco, ya sea de la Sinf\u00f3nica Nacional, de las filarm\u00f3nicas de la Ciudad, de la UNAM o de Xalapa, que son orquestas que he conocido muy bien. Eso es lo que da a la OSM ese eclecticismo, que son grupos a veces dis\u00edmbolos, pero muy padres, de artistas que se ven durante el verano y que adem\u00e1s vienen con la sabidur\u00eda de que no van a tener vacaciones, porque esto es much\u00edsimo trabajo.<\/q><\/p>\n<\/div>\n<div class=\"col col2\">\n<p>Hay que recordar que, si bien ya tiene presentaciones en diversas \u00e9pocas del a\u00f1o, entre ellas las fiestas patrias y Navidad, la Sinf\u00f3nica de Miner\u00eda es en su origen una orquesta de verano, conformada por atrilistas de diversas agrupaciones nacionales e incluso extranjeras, mientras \u00e9stas tienen su receso vacacional de ese periodo.<\/p>\n<p>Carlos Miguel Prieto destaca que esta orquesta se distingue de otras por ser un proyecto musical de la sociedad civil, ya que no depende de ning\u00fan organismo gubernamental, si bien cuenta con el apoyo de la Universidad Nacional Aut\u00f3noma de M\u00e9xico (UNAM), que le facilita la Sala Nezahualc\u00f3yotl como su sede.<\/p>\n<p><q>Dependemos m\u00e1s que otras orquestas de la voluntad de la gente de comprar boletos. No nos podemos jugar el pellejo haciendo cosas tan raras que no jalen gente, no podr\u00edamos seguir funcionando, pero a pesar de eso hemos logrado hacer grabaciones como la del a\u00f1o pasado con Deutsche Grammophon, y ahora se viene un par de giras por Estados Unidos. Todo es cuesti\u00f3n de voluntad y organizaci\u00f3n.<\/q><\/p>\n<p>Destaca que son varios los cambios experimentados por la OSM en estos 45 a\u00f1os. Entre los m\u00e1s significativos est\u00e1n que su consejo ha dejado de ser exclusivamente de hombres, ingenieros y ex alumnos de la UNAM, adem\u00e1s de que se ha dado un relevo generacional.<\/p>\n<p>De la orquesta recuerda que no cuenta con una plantilla fija, en sentido estricto, por lo que considera que \u201cel m\u00fasico que viene a tocar cada a\u00f1o lo hace con mucho gusto e ilusi\u00f3n.<\/p>\n<p>\u201cHay una conexi\u00f3n muy especial con el p\u00fablico, que el a\u00f1o pasado fue fort\u00edsima e incluso rompimos todos los r\u00e9cords.<\/p>\n<p><q>No s\u00e9 si atribuirlo a la pospandemia, a que tocamos todas las sinfon\u00edas de Beethoven o a que hicimos una mercadotecnia diferente, pero tuvimos mucha gente<\/q>, asevera.<\/p>\n<\/div>\n<\/div>\n<div class=\"go gui\">\n<div class=\"go-up\"><\/div>\n<\/div>\n<\/div>\n<\/article>\n<\/div>\n<div id=\"interstitialdfpportadas\"><\/div>\n","protected":false},"excerpt":{"rendered":"<p>Atrilistas de otras orquestas aportan a la Sinf\u00f3nica de Miner\u00eda su car\u00e1cter ecl\u00e9ctico Es dif\u00edcil mantener un conjunto como proyecto fresco y atractivo, explica su director Carlos Miguel Prieto La Orquesta Sinf\u00f3nica de Miner\u00eda iniciar\u00e1 ma\u00f1ana su temporada de verano 2023, con la que celebrar\u00e1 su 45 aniversario, mientras el director Carlos Miguel Prieto cumplir\u00e1 [&hellip;]<\/p>\n","protected":false},"author":249,"featured_media":32843,"comment_status":"open","ping_status":"closed","sticky":false,"template":"","format":"standard","meta":{"footnotes":""},"categories":[26],"tags":[],"class_list":["post-32842","post","type-post","status-publish","format-standard","has-post-thumbnail","hentry","category-mundo"],"_links":{"self":[{"href":"https:\/\/eloficiodehistoriar.com.mx\/index.php?rest_route=\/wp\/v2\/posts\/32842","targetHints":{"allow":["GET"]}}],"collection":[{"href":"https:\/\/eloficiodehistoriar.com.mx\/index.php?rest_route=\/wp\/v2\/posts"}],"about":[{"href":"https:\/\/eloficiodehistoriar.com.mx\/index.php?rest_route=\/wp\/v2\/types\/post"}],"author":[{"embeddable":true,"href":"https:\/\/eloficiodehistoriar.com.mx\/index.php?rest_route=\/wp\/v2\/users\/249"}],"replies":[{"embeddable":true,"href":"https:\/\/eloficiodehistoriar.com.mx\/index.php?rest_route=%2Fwp%2Fv2%2Fcomments&post=32842"}],"version-history":[{"count":1,"href":"https:\/\/eloficiodehistoriar.com.mx\/index.php?rest_route=\/wp\/v2\/posts\/32842\/revisions"}],"predecessor-version":[{"id":32844,"href":"https:\/\/eloficiodehistoriar.com.mx\/index.php?rest_route=\/wp\/v2\/posts\/32842\/revisions\/32844"}],"wp:featuredmedia":[{"embeddable":true,"href":"https:\/\/eloficiodehistoriar.com.mx\/index.php?rest_route=\/wp\/v2\/media\/32843"}],"wp:attachment":[{"href":"https:\/\/eloficiodehistoriar.com.mx\/index.php?rest_route=%2Fwp%2Fv2%2Fmedia&parent=32842"}],"wp:term":[{"taxonomy":"category","embeddable":true,"href":"https:\/\/eloficiodehistoriar.com.mx\/index.php?rest_route=%2Fwp%2Fv2%2Fcategories&post=32842"},{"taxonomy":"post_tag","embeddable":true,"href":"https:\/\/eloficiodehistoriar.com.mx\/index.php?rest_route=%2Fwp%2Fv2%2Ftags&post=32842"}],"curies":[{"name":"wp","href":"https:\/\/api.w.org\/{rel}","templated":true}]}}