{"id":32845,"date":"2023-06-30T12:36:39","date_gmt":"2023-06-30T18:36:39","guid":{"rendered":"https:\/\/eloficiodehistoriar.com.mx\/?p=32845"},"modified":"2023-06-30T12:36:39","modified_gmt":"2023-06-30T18:36:39","slug":"juan-carlos-guarneros-disenador-grafico-con-60-exposiciones-artista-del-algoritmo-tambien-canta-jazz","status":"publish","type":"post","link":"https:\/\/eloficiodehistoriar.com.mx\/?p=32845","title":{"rendered":"Juan Carlos Guarneros, dise\u00f1ador gr\u00e1fico con 60 exposiciones, artista del algoritmo, tambi\u00e9n canta jazz"},"content":{"rendered":"<div id=\"main-cont\">\n<article>\n<div id=\"article-cont\" class=\"main-cont article-cont actuality\">\n<div class=\"cabeza\">Con su jazz, cre\u00f3 Juan Carlos Guarneros la banda sonora de obras de Vicente Rojo<\/div>\n<div class=\"sumarios\">\n<p>Hizo composiciones para a 89 piezas que representan mundos simb\u00f3licos y m\u00edticos, as\u00ed como a estructuras sim\u00e9tricas y matem\u00e1ticas del pintor y escultor<\/p>\n<\/div>\n<div id=\"article-text\" class=\"text\">\n<div class=\"foto\">\n<div class=\"pie-foto\">El artista ofreci\u00f3 un recital en el Museo Nacional de la Estampa.<\/div>\n<div><\/div>\n<\/div>\n<div class=\"col col1\">\n<div class=\"credito-autor\">Juan Jos\u00e9 Olivares<\/div>\n<div class=\"credito-titulo\"><\/div>\n<div class=\"hemero\">La Jornada<\/p>\n<\/div>\n<p class=\"s-s\">Juan Carlos Guarneros es un dise\u00f1ador gr\u00e1fico especializado en el arte fractal. Desde 2004, su obra se ha presentado en m\u00e1s de 60 exposiciones en M\u00e9xico, Argentina, Italia, Austria y B\u00e9lgica.<\/p>\n<p>Este artista del algoritmo repetitivo que emula al de la naturaleza, como ha dicho sobre su inspiraci\u00f3n, tambi\u00e9n canta jazz. S\u00ed, el g\u00e9nero de la s\u00edncopa parece que puede coexistir a lado de las artes visuales en sentir de Guarneros, quien ha ofrecido sus canciones de swing-jazz old skool en recintos como el Museo Nacional de San Carlos, el Franz Mayer, la Casa de la Cultura Postal y el Acuario Inbursa, entre otros.<\/p>\n<p>Ahora, el creativo del color ofreci\u00f3 este mi\u00e9rcoles un recital que se erigi\u00f3 como el\u00a0<em>soundtrack<\/em>\u00a0de la policrom\u00eda sim\u00e9trica del maestro Vicente Rojo.<\/p>\n<p>En el Museo Nacional de la Estampa (Munae) dentro del marco de Noche de Museos, Juan Carlos Guarneros interpret\u00f3 una serie de piezas cl\u00e1sicas de swing y de un repertorio seleccionado especialmente a partir de las sensaciones que se despertaron en \u00e9l tras presenciar una visita guiada de la exposici\u00f3n\u00a0<em>Vicente Rojo x Vicente Rojo<\/em>, que justo est\u00e1 montada en este recinto.<\/p>\n<p>Con piezas como\u00a0<em>Todos quieren ser un gato jazz<\/em>,\u00a0<em>On the Sunny side of the Street<\/em>,\u00a0<em>Come Fly With Me<\/em>,\u00a0<em>I\u2019ve got you Under my Skin<\/em>,\u00a0<em>Beyond the sea<\/em>,\u00a0<em>Fly me to the Moon<\/em>,\u00a0<em>Somethin\u2019 Stupid<\/em>,\u00a0<em>Singin\u2019 in the rain<\/em>,\u00a0<em>My way y That\u2019s life<\/em>, entre otras, Juan Carlos, ataviado cual\u00a0<em>crooner<\/em>\u00a0a lo Frank Sinatra, sonoriz\u00f3 la litograf\u00eda, la serigrafia, el intaglio, el aguafuerte, la aguatinta, la colagraf\u00eda y la improntograf\u00eda del maestro Rojo, nacido en Barcelona, en 1932 pero que desde su llegada a M\u00e9xico, en 1949, desarroll\u00f3 una brillante trayectoria como dise\u00f1ador gr\u00e1fico, editor, pintor, escultor y grabador.<\/p>\n<p>El mundo buc\u00f3lico de Rojo se pudo escuchar a trav\u00e9s del canto de Guarneros, quien canci\u00f3n tras canci\u00f3n y s\u00f3lo con una bocina y las pistas, relataba aspectos e ideas del artista pl\u00e1stico.\u00a0<q>Cada una de sus obras es una invitaci\u00f3n para volar con \u00e9l<\/q>, comentaba el cantante antes de soltar\u00a0<em>Come Fly With Me<\/em>.<\/p>\n<\/div>\n<div class=\"col col2\">\n<p>Una hora y media de jazz cl\u00e1sico para darle ac\u00fastica a 89 obras que representan mundos simb\u00f3licos y m\u00edticos, as\u00ed como a estructuras sim\u00e9tricas y matem\u00e1ticas como las de Rojo, creador \u00fanico.<\/p>\n<p>El concierto de Guarneros se realiz\u00f3 como parte de la Noche de Museos, donde el p\u00fablico tuvo la oportunidad de recorrer la muestra\u00a0<em>Vicente Rojo x Vicente Rojo, retrospectiva 1968-2020<\/em>, dedicada al pintor, escultor y grabador hispano-mexicano.<\/p>\n<p>La exposici\u00f3n est\u00e1 conformada por 89 piezas, entre carpetas y libros del artista realizados en litograf\u00eda, grabado en metal y serigraf\u00eda, tambi\u00e9n se incluye la obra in\u00e9dita\u00a0<em>Jard\u00edn de ni\u00f1os<\/em>\u00a0(2020), una improntograf\u00eda, hecha en el taller Proyecto Gr\u00e1fica 21, de Lorena Zozaya. La pieza pertenece a la serie\u00a0<em>Jardines<\/em>, tambi\u00e9n de 2020, que nunca se hab\u00eda exhibido.<\/p>\n<p>En el vest\u00edbulo hay varios gui\u00f1os a la producci\u00f3n de Vicente Rojo y en el techo se reproduce su vitral\u00a0<em>Versi\u00f3n celeste<\/em>\u00a0(2019), realizado en la casa matriz del Nacional Monte de Piedad, en el Centro Hist\u00f3rico. Se representan, adem\u00e1s, las disciplinas en las que incursion\u00f3, como la pintura, la escultura y la gr\u00e1fica, ya que en ellas trabaj\u00f3 distintos temas.<\/p>\n<p><em>Vicente Rojo x Vicente Rojo\u00a0<\/em>emite una sensaci\u00f3n l\u00fadica y experimental en todo momento, al igual que la obra juguetona y de b\u00fasqueda de su autor. Incluso, se reproduce un rinc\u00f3n de su estudio.<\/p>\n<p>La exposici\u00f3n, que es el resultado de dos a\u00f1os de planeaci\u00f3n, est\u00e1 integrada por obras del acervo del Munae, as\u00ed como por piezas de colecciones privadas, en especial de la familia Rojo.<\/p>\n<p>La muestra\u00a0<em>Vicente Rojo x Vicente Rojo, retrospectiva gr\u00e1fica 1968-2020<\/em>\u00a0permanecer\u00e1 abierta al p\u00fablico hasta el 9 de julio en el Munae (avenida Hidalgo 39, Plaza de la Santa Veracruz, Centro Hist\u00f3rico).<\/p>\n<\/div>\n<\/div>\n<div class=\"go gui\">\n<div class=\"go-up\"><\/div>\n<\/div>\n<\/div>\n<\/article>\n<\/div>\n<div id=\"interstitialdfpportadas\"><\/div>\n","protected":false},"excerpt":{"rendered":"<p>Con su jazz, cre\u00f3 Juan Carlos Guarneros la banda sonora de obras de Vicente Rojo Hizo composiciones para a 89 piezas que representan mundos simb\u00f3licos y m\u00edticos, as\u00ed como a estructuras sim\u00e9tricas y matem\u00e1ticas del pintor y escultor El artista ofreci\u00f3 un recital en el Museo Nacional de la Estampa. Juan Jos\u00e9 Olivares La Jornada [&hellip;]<\/p>\n","protected":false},"author":249,"featured_media":32846,"comment_status":"open","ping_status":"closed","sticky":false,"template":"","format":"standard","meta":{"footnotes":""},"categories":[26],"tags":[],"class_list":["post-32845","post","type-post","status-publish","format-standard","has-post-thumbnail","hentry","category-mundo"],"_links":{"self":[{"href":"https:\/\/eloficiodehistoriar.com.mx\/index.php?rest_route=\/wp\/v2\/posts\/32845","targetHints":{"allow":["GET"]}}],"collection":[{"href":"https:\/\/eloficiodehistoriar.com.mx\/index.php?rest_route=\/wp\/v2\/posts"}],"about":[{"href":"https:\/\/eloficiodehistoriar.com.mx\/index.php?rest_route=\/wp\/v2\/types\/post"}],"author":[{"embeddable":true,"href":"https:\/\/eloficiodehistoriar.com.mx\/index.php?rest_route=\/wp\/v2\/users\/249"}],"replies":[{"embeddable":true,"href":"https:\/\/eloficiodehistoriar.com.mx\/index.php?rest_route=%2Fwp%2Fv2%2Fcomments&post=32845"}],"version-history":[{"count":1,"href":"https:\/\/eloficiodehistoriar.com.mx\/index.php?rest_route=\/wp\/v2\/posts\/32845\/revisions"}],"predecessor-version":[{"id":32847,"href":"https:\/\/eloficiodehistoriar.com.mx\/index.php?rest_route=\/wp\/v2\/posts\/32845\/revisions\/32847"}],"wp:featuredmedia":[{"embeddable":true,"href":"https:\/\/eloficiodehistoriar.com.mx\/index.php?rest_route=\/wp\/v2\/media\/32846"}],"wp:attachment":[{"href":"https:\/\/eloficiodehistoriar.com.mx\/index.php?rest_route=%2Fwp%2Fv2%2Fmedia&parent=32845"}],"wp:term":[{"taxonomy":"category","embeddable":true,"href":"https:\/\/eloficiodehistoriar.com.mx\/index.php?rest_route=%2Fwp%2Fv2%2Fcategories&post=32845"},{"taxonomy":"post_tag","embeddable":true,"href":"https:\/\/eloficiodehistoriar.com.mx\/index.php?rest_route=%2Fwp%2Fv2%2Ftags&post=32845"}],"curies":[{"name":"wp","href":"https:\/\/api.w.org\/{rel}","templated":true}]}}