{"id":32848,"date":"2023-06-30T12:42:23","date_gmt":"2023-06-30T18:42:23","guid":{"rendered":"https:\/\/eloficiodehistoriar.com.mx\/?p=32848"},"modified":"2023-06-30T12:42:23","modified_gmt":"2023-06-30T18:42:23","slug":"universum-museo-de-las-ciencias-unam-se-remodela-con-enfasis-en-la-primera-infancia-la-ciencia-es-parte-de-la-vida","status":"publish","type":"post","link":"https:\/\/eloficiodehistoriar.com.mx\/?p=32848","title":{"rendered":"\u00abUniversum\u00bb Museo de las Ciencias, UNAM se remodela con \u00e9nfasis en la primera infancia; la ciencia es parte de la vida"},"content":{"rendered":"<div id=\"main-cont\">\n<article>\n<div id=\"article-cont\" class=\"main-cont article-cont actuality\">\n<div class=\"cabeza\">Universum se renueva y apuesta por la democratizaci\u00f3n del conocimiento<\/div>\n<div class=\"sumarios\">\n<p>La ciencia es patrimonio intelectual de todos, asegura la directora del recinto<\/p>\n<\/div>\n<div id=\"article-text\" class=\"text\">\n<div class=\"foto\">\n<div class=\"pie-foto\">Motivar a jugar con la ciencia donde sea, parte de nuestra misi\u00f3n, afirma Mar\u00eda Emilia Beyer.<\/div>\n<div><\/div>\n<\/div>\n<div class=\"col col1\">\n<div class=\"credito-autor\">Reyes Mart\u00ednez Torrijos<\/div>\n<div class=\"credito-titulo\"><\/div>\n<div class=\"hemero\">La Jornada<\/p>\n<\/div>\n<p class=\"s-s\">A 30 a\u00f1os de su apertura, Universum, Museo de las Ciencias, de la Universidad Nacional Aut\u00f3noma de M\u00e9xico (UNAM) remodela varios de sus espacios con una inversi\u00f3n de 20 millones de pesos y especial \u00e9nfasis en la primera infancia. Tambi\u00e9n ampl\u00eda su apuesta original para proponer que la ciencia es parte de la vida cotidiana y un patrimonio intelectual de todos, sin importar la escolaridad, explic\u00f3 Mar\u00eda Emilia Beyer, directora del recinto.<\/p>\n<p>En entrevista con\u00a0<em>La Jornada,<\/em>\u00a0la bi\u00f3loga Beyer se\u00f1al\u00f3 que lo que hoy desea hacer el museo\u00a0<q>es mostrar l\u00edneas de pensamiento que ayuden a construir a la sociedad y mejorar nuestra vida. Queremos democratizar el conocimiento. Que no te puedas enterar porque no cursaste ocho a\u00f1os de una licenciatura y un posgrado, no deber\u00eda ser<\/q>.<\/p>\n<p>Sostuvo\u00a0<q>que no se entiende lo que vivimos, desde el celular, la grabadora y las vacunas para poder salir de un encierro en el que estuvimos, etc\u00e9tera, sin la ciencia y la tecnolog\u00eda; si quieres ser un ciudadano del siglo XXI tal vez lo que te ense\u00f1an en la escuela, que son conceptos b\u00e1sicos, de pronto se quedan cortos<\/q>.<\/p>\n<p>La vanguardia de las ciencias, consider\u00f3 Beyer, est\u00e1 en otro lado y la manera de acercarse a ella puede ser a trav\u00e9s del juego en un museo como Universum.\u00a0<q>Ya no somos \u00fanicamente el foro de encuentro para ayudar a los maestros a ense\u00f1ar mejor la ciencia<\/q>.<\/p>\n<p>En un ambiente posterior al encierro por la pandemia de covid-19, Mar\u00eda Emilia Beyer inform\u00f3 que en el museo se vio un repunte del inter\u00e9s del p\u00fablico por la qu\u00edmica y c\u00f3mo funcionan las ciencias de la salud, pero lo m\u00e1s importante fue el deseo de saber m\u00e1s acerca de las emociones y la salud mental.<\/p>\n<p>La tambi\u00e9n fil\u00f3sofa de la ciencia refiri\u00f3 que por esa raz\u00f3n han generado actividades relacionadas con el cerebro, en las que se\u00a0<q>habla de c\u00f3mo afecta un encierro; c\u00f3mo, de acuerdo con tu rango de edad, deber\u00edas dormir m\u00e1s o menos para sentirte mejor; cu\u00e1les son las tendencias de la depresi\u00f3n cuando pasas por algo muy fuerte como la pandemia: miedo, sentir la amenaza a tu salud y de tus familiares, la p\u00e9rdida de gente que conoc\u00edas y de h\u00e1bitos saludables, que te daban ciertos ritmos biol\u00f3gicos<\/q>.<\/p>\n<p class=\"sumario\">Socializar<\/p>\n<p class=\"s-s\">Detall\u00f3:\u00a0<q>En Universum vimos el inter\u00e9s del p\u00fablico en esos temas y estamos abriendo l\u00edneas narrativas para hablar de sentimientos, de emociones, de qu\u00e9 nos dice de la felicidad la investigaci\u00f3n en sicolog\u00eda y ciencias para retornar al punto donde est\u00e1bamos o incluso mejorar<\/q>.<\/p>\n<p>En la actualidad, a\u00f1adi\u00f3 Beyer, el museo propone \u201cespacios de juego, pues sabemos que ayudan a generar felicidad; es una forma de acercarnos a la ciencia, a su aprendizaje y a socializar.<\/p>\n<p><q>Es una forma de generar mayor salud mental, sociabilizaci\u00f3n entre las familias y cofrad\u00eda entre los ni\u00f1os y las ni\u00f1as de manera colectiva. Llegar a una respuesta de orden cient\u00edfico despu\u00e9s de haber transitado por un juego. Un di\u00e1logo social es ahora la esencia del Universum.<\/q><\/p>\n<\/div>\n<div class=\"col col2\">\n<p>Beyer destac\u00f3 que la remodelaci\u00f3n es necesaria porque la ciencia y la tecnolog\u00eda avanzan y\u00a0<q>si somos un museo de ciencias en la UNAM no podemos quedarnos ofreci\u00e9ndole al visitante conceptos o conocimientos que ya han sido rebasados o que hoy podemos explicar mejor<\/q>.<\/p>\n<p class=\"sumario\">C\u00f3mo resolver un reto<\/p>\n<p class=\"s-s\">As\u00ed, se remodelan salas como H\u00e1bitat, que habla de sostenibilidad y de impacto ecol\u00f3gico; Decide: tu espacio, tus ideas, cuyo objetivo es poner a pensar c\u00f3mo resolver un reto, que este a\u00f1o es el transporte urbano. Ah\u00ed los participantes reciben datos de las investigaciones de la UNAM para que propongan soluciones\u00a0<q>como si fueran el pol\u00edtico o la cient\u00edfica del futuro<\/q>.<\/p>\n<p>Beyer adelant\u00f3 que el pr\u00f3ximo a\u00f1o abordar\u00e1\u00a0<q>desastres naturales: qu\u00e9 haces ante una inundaci\u00f3n, un sismo, etc\u00e9tera, y entre todos tratar de construir soluciones<\/q>.<\/p>\n<p>La directora de Universum agreg\u00f3 que la joya de la renovaci\u00f3n es el espacio infantil, que concluir\u00e1 a finales de este a\u00f1o, en las cercan\u00edas del aniversario 31 del recinto. \u201cSe desarrolla bajo las premisas de que todos de chiquitos somos \u2018cient\u00edficos\u2019 porque planteamos muchas preguntas, caracter\u00edstica de quienes se dedican a la ciencia, y que a todos sin importar la edad nos gusta jugar\u201d.<\/p>\n<p>Anunci\u00f3 que los visitantes dispondr\u00e1n de un \u00e1rea exterior muy grande, pues se pens\u00f3 en la importancia de aprender y jugar en ese tipo de sitios y en\u00a0<q>convertir el espacio infantil en un jard\u00edn de ciencia. Ah\u00ed van a suceder los juegos con agua, a construir diques, presas y a hablar de hidrodin\u00e1mica; vamos a tener paneles solares para abordar energ\u00edas limpias; huertos y puentes que cruzan una peque\u00f1a ca\u00f1ada. Bi\u00f3logos explicar\u00e1n las especies de ese h\u00e1bitat<\/q>.<\/p>\n<p>Tambi\u00e9n se contar\u00e1 con una biblioteca infantil,\u00a0<q>especialmente curada para pap\u00e1s y mam\u00e1s, desde luego para los ni\u00f1os y ni\u00f1as. Los libros van a tratar los conceptos que ellos han vivido y con los cuales han jugado en el espacio para que puedan volver a conectar con lo que les haya gustado m\u00e1s. Que jueguen con la ciencia donde sea. Esto es parte nuestra de nuestra misi\u00f3n<\/q>.<\/p>\n<p>Mar\u00eda Emilia Beyer concluy\u00f3:\u00a0<q>Es un museo muy querido, del que las familias se apropian. Queremos que vengan y pasen aqu\u00ed todo el d\u00eda, si quieren, que salgan un ratito, caminen por la reserva ecol\u00f3gica, regresen porque ahora va a haber una conferencia con una cient\u00edfica, una obra de teatro; en fin, un foro para que puedan venir a pasar el d\u00eda completo. Estamos convencidos de la necesidad de democratizar el conocimiento y para eso se requiere tiempo<\/q>.<\/p>\n<\/div>\n<\/div>\n<div class=\"go gui\">\n<div class=\"go-up\"><\/div>\n<\/div>\n<\/div>\n<\/article>\n<\/div>\n<div id=\"interstitialdfpportadas\"><\/div>\n","protected":false},"excerpt":{"rendered":"<p>Universum se renueva y apuesta por la democratizaci\u00f3n del conocimiento La ciencia es patrimonio intelectual de todos, asegura la directora del recinto Motivar a jugar con la ciencia donde sea, parte de nuestra misi\u00f3n, afirma Mar\u00eda Emilia Beyer. Reyes Mart\u00ednez Torrijos La Jornada A 30 a\u00f1os de su apertura, Universum, Museo de las Ciencias, de [&hellip;]<\/p>\n","protected":false},"author":249,"featured_media":32849,"comment_status":"open","ping_status":"closed","sticky":false,"template":"","format":"standard","meta":{"footnotes":""},"categories":[26],"tags":[],"class_list":["post-32848","post","type-post","status-publish","format-standard","has-post-thumbnail","hentry","category-mundo"],"_links":{"self":[{"href":"https:\/\/eloficiodehistoriar.com.mx\/index.php?rest_route=\/wp\/v2\/posts\/32848","targetHints":{"allow":["GET"]}}],"collection":[{"href":"https:\/\/eloficiodehistoriar.com.mx\/index.php?rest_route=\/wp\/v2\/posts"}],"about":[{"href":"https:\/\/eloficiodehistoriar.com.mx\/index.php?rest_route=\/wp\/v2\/types\/post"}],"author":[{"embeddable":true,"href":"https:\/\/eloficiodehistoriar.com.mx\/index.php?rest_route=\/wp\/v2\/users\/249"}],"replies":[{"embeddable":true,"href":"https:\/\/eloficiodehistoriar.com.mx\/index.php?rest_route=%2Fwp%2Fv2%2Fcomments&post=32848"}],"version-history":[{"count":1,"href":"https:\/\/eloficiodehistoriar.com.mx\/index.php?rest_route=\/wp\/v2\/posts\/32848\/revisions"}],"predecessor-version":[{"id":32850,"href":"https:\/\/eloficiodehistoriar.com.mx\/index.php?rest_route=\/wp\/v2\/posts\/32848\/revisions\/32850"}],"wp:featuredmedia":[{"embeddable":true,"href":"https:\/\/eloficiodehistoriar.com.mx\/index.php?rest_route=\/wp\/v2\/media\/32849"}],"wp:attachment":[{"href":"https:\/\/eloficiodehistoriar.com.mx\/index.php?rest_route=%2Fwp%2Fv2%2Fmedia&parent=32848"}],"wp:term":[{"taxonomy":"category","embeddable":true,"href":"https:\/\/eloficiodehistoriar.com.mx\/index.php?rest_route=%2Fwp%2Fv2%2Fcategories&post=32848"},{"taxonomy":"post_tag","embeddable":true,"href":"https:\/\/eloficiodehistoriar.com.mx\/index.php?rest_route=%2Fwp%2Fv2%2Ftags&post=32848"}],"curies":[{"name":"wp","href":"https:\/\/api.w.org\/{rel}","templated":true}]}}