{"id":36415,"date":"2024-04-03T11:38:03","date_gmt":"2024-04-03T17:38:03","guid":{"rendered":"https:\/\/eloficiodehistoriar.com.mx\/?p=36415"},"modified":"2024-04-03T11:38:36","modified_gmt":"2024-04-03T17:38:36","slug":"la-heroica-resistencia-de-gaza-y-el-heroico-levantamiento-de-varsovia-en-1943-subyace-el-derecho-a-la-rebelion","status":"publish","type":"post","link":"https:\/\/eloficiodehistoriar.com.mx\/?p=36415","title":{"rendered":"La heroica resistencia de Gaza y el heroico levantamiento de Varsovia en 1943, subyace el derecho a la rebeli\u00f3n"},"content":{"rendered":"<div id=\"main-cont\">\n<article>\n<div id=\"article-cont\" class=\"main-cont article-cont analysis\">\n<div class=\"cabeza\">Gaza y Varsovia son el m\u00e9todo<\/div>\n<div class=\"sumarios\"><\/div>\n<div class=\"credito-articulo\">Jos\u00e9 Steinsleger<\/div>\n<div><\/div>\n<div id=\"article-text\" class=\"text\">\n<div class=\"col col1\">\n<div class=\"inicial\">Uno. Entre\u00a0la heroica resistencia del gueto de Gaza (en curso), y el heroico levantamiento del gueto de Varsovia (abril\/mayo de 1943), subyace, ind\u00f3mito, el derecho a la rebeli\u00f3n de los pueblos.<\/div>\n<p>Dos. Junto con Cisjordania y Jerusal\u00e9n oriental, en Gaza empez\u00f3 la\u00a0<q>soluci\u00f3n final<\/q>\u00a0(sic) del llamado\u00a0<q>problema palestino<\/q>, as\u00ed como el de Varsovia fue un cap\u00edtulo m\u00e1s de la\u00a0<q>soluci\u00f3n final<\/q>\u00a0del llamado\u00a0<q>problema jud\u00edo<\/q>.<\/p>\n<p>Tres. Como es sabido, la Segunda Guerra Mundial empez\u00f3 tras la invasi\u00f3n alemana a Polonia (1\u00ba de septiembre de 1939). Y un a\u00f1o despu\u00e9s, en Varsovia, los nazis desalojaron un barrio c\u00e9ntrico de\u00a0<q>arios<\/q>, y all\u00ed confinaron a 350 mil polacos jud\u00edos (un tercio de la poblaci\u00f3n total de la capital).<\/p>\n<p>Cuatro. Sin embargo, en enero de 1943, s\u00fabitamente, componentes de un m\u00edsero cortejo de jud\u00edos destinados a los campos de exterminio, empu\u00f1aron armas de fuego y dispararon contra las temibles SS, y la soldadesca encargada de la vigilancia del gueto. Y al cabo de cinco d\u00edas de combate, los nazis recurrieron a los ca\u00f1ones para demoler los edificios donde los\u00a0<q>subhumanos<\/q>\u00a0(sic), se hab\u00edan atrincherado.<\/p>\n<p>Cinco. El 16 de febrero, Heinrich Himmler, jefe de las SS, orden\u00f3 arrasar el gueto\u00a0<q>con implacable tenacidad<\/q>\u00a0(L\u00e9on Poliakov,\u00a0<em>Breviario del odio<\/em>, 1951, pp. 276-284). No fue tan f\u00e1cil. El 19 de abril estall\u00f3 el levantamiento general, y los contingentes jud\u00edos que hab\u00edan conseguido armas, granadas y explosivos del exterior (transportados por\u2026 \u00a1t\u00faneles!), resistieron con tenacidad.<\/p>\n<p>Seis. Ninguno sobrevivi\u00f3 y, por ende, no hubo triunfo estrat\u00e9gico. Pero desde el punto de vista militar, el alzamiento fue una sorpresa sicol\u00f3gica para los nazis. En su diario, Joseph Goebbels apunt\u00f3:\u00a0<q>La rebeli\u00f3n del gueto revisti\u00f3 el car\u00e1cter de una epopeya jud\u00eda por propio derecho, y as\u00ed ser\u00e1 considerada en el futuro<\/q>\u00a0(\u00a0<em>The Goebbels diaries<\/em>, Londres, 1948, pp. 268 y 273).<\/p>\n<p>Siete. Ahora bien. El 7 de octubre pasado, las Brigadas Al-Qassam (ala militar del partido Hamas) rompieron el cerco del guetto de Gaza y, as\u00ed como los jud\u00edos de 1943, sorprendieron al ej\u00e9rcito que (\u00eddem anterior) presum\u00eda de ser el\u00a0<q>m\u00e1s eficiente, \u00e9tico y moral del mundo<\/q>.<\/p>\n<p>Ocho. Entonces, cuando los esp\u00edritus merolicos dicen estar\u00a0<q>contra Hamas y Netanyahu<\/q>, omiten, con deliberada amnesia, que esta historia empez\u00f3 en 1948, cuando la entidad terrorista llamada Israel desencaden\u00f3 la\u00a0<em>Nabka<\/em>. Un t\u00e9rmino que remite al propio holocausto palestino.<\/p>\n<p>Nueve. Por ello, el 23 de junio de 2023 Hamas tom\u00f3 la palabra al ministro de Seguridad Ben-Gvir, quien pidi\u00f3 a la c\u00fapula del r\u00e9gimen encabezado por Benjamin Netanyahu que lanzara una operaci\u00f3n militar especial a gran escala en Cisjordania. A\u00f1adiendo: \u201cEl ej\u00e9rcito debe matar a miles de palestinos calificados de \u2018terroristas\u2019, expandir los asentamientos ilegales en Jerusal\u00e9n oriental, y demoler edificios palestinos\u201d.<\/p>\n<\/div>\n<div class=\"col col2\">\n<p>Diez. La Autoridad Nacional Palestina (ANP) gobierna en Cisjodrania y Hamas, en Gaza. Con lo cual, tras las palabras de Ben-Gvir, los palestinos entraron en un debate similar al del consejo de dirigentes jud\u00edos (Judenrat) en el gueto de Varsovia.<\/p>\n<p>Once. El Judenrat rechazaba la resistencia armada, argumentando que no hab\u00eda prueba de una amenaza de deportaci\u00f3n.\u00a0<q>Cualquier resistencia armada llevar\u00e1 a los nazis a tomar represalias colectivas.<\/q>\u00a0La mayor\u00eda consider\u00f3 que la hora no hab\u00eda llegado, y era menester esperar\u00a0<q>la evoluci\u00f3n de los acontecimientos<\/q>.<\/p>\n<p>Doce. Argumentos sin sustento, pues el 3 de septiembre de 1941, en Auschwitz, hab\u00edan empezado a funcionar los hornos crematorios, y en el gueto de Varsovia la Organizaci\u00f3n Jud\u00eda de Lucha (ZOB, siglas en polaco), y la Uni\u00f3n Militar Jud\u00eda (ZZW), estaban informados de que en la Conferencia de Wansee (Berl\u00edn, enero de 1942), el arco completo de la dirigencia nazi hab\u00eda acordado la aplicaci\u00f3n de la\u00a0<q>soluci\u00f3n final<\/q>.<\/p>\n<p>Trece. Al terminar la guerra, el escritor cat\u00f3lico alem\u00e1n Ernst Wiechert (1887-1950) se dirigi\u00f3 a la juventud alemana, diciendo: \u201cQue nuestra falta nos haga comprender que debemos expiar dura y largamente; que no podemos aspirar a la felicidad, al hogar y a la paz en tanto que otros han perdido su felicidad, su hogar y su paz por nuestra culpa\u2026\u201d (Teatro de C\u00e1mara de Munich, noviembre de 1945).<\/p>\n<p>Catorce. Palabras que se llev\u00f3 el viento. Escribo estas l\u00edneas en v\u00edsperas de la\u00a0<q>soluci\u00f3n final<\/q>\u00a0del\u00a0<q>problema palestino<\/q>, que tendr\u00e1 lugar en la localidad de Rafah. Situada en la frontera con Egipto, Rafah tiene 64 kil\u00f3metros cuadrados y, hasta el 7 de octubre ten\u00eda 150 mil habitantes. Pero a la fecha, soporta un mill\u00f3n y medio de refugiados que est\u00e1n en la mira de los carniceros nazisionistas, con el apoyo de Estados Unidos, Gran Breta\u00f1a y la Uni\u00f3n Europea.<\/p>\n<p>Quince. Nuestro agradecimiento al investigador venezolano Diego Sequera, cuando rescata el comentario de otro analista de excelencia, el alem\u00e1n Tarik Cyril Amar: \u201cNos est\u00e1n entrenando en la aceptaci\u00f3n del modo de guerra genocida como la nueva normalidad [\u2026] Gaza es un m\u00e9todo. Un m\u00e9todo occidental aplicado por el Israel fascista, sionista, s\u00e1dico, pionero del\u00a0<em>apartheid<\/em>\u00a0y vanguardia de los de arriba sobre los de abajo\u201d.<\/p>\n<p class=\"email\">\n<\/div>\n<\/div>\n<div class=\"go gui\">\n<div class=\"go-up\"><\/div>\n<\/div>\n<\/div>\n<\/article>\n<\/div>\n","protected":false},"excerpt":{"rendered":"<p>Gaza y Varsovia son el m\u00e9todo Jos\u00e9 Steinsleger Uno. Entre\u00a0la heroica resistencia del gueto de Gaza (en curso), y el heroico levantamiento del gueto de Varsovia (abril\/mayo de 1943), subyace, ind\u00f3mito, el derecho a la rebeli\u00f3n de los pueblos. Dos. Junto con Cisjordania y Jerusal\u00e9n oriental, en Gaza empez\u00f3 la\u00a0soluci\u00f3n final\u00a0(sic) del llamado\u00a0problema palestino, as\u00ed [&hellip;]<\/p>\n","protected":false},"author":249,"featured_media":36416,"comment_status":"open","ping_status":"closed","sticky":false,"template":"","format":"standard","meta":{"footnotes":""},"categories":[26],"tags":[],"class_list":["post-36415","post","type-post","status-publish","format-standard","has-post-thumbnail","hentry","category-mundo"],"_links":{"self":[{"href":"https:\/\/eloficiodehistoriar.com.mx\/index.php?rest_route=\/wp\/v2\/posts\/36415","targetHints":{"allow":["GET"]}}],"collection":[{"href":"https:\/\/eloficiodehistoriar.com.mx\/index.php?rest_route=\/wp\/v2\/posts"}],"about":[{"href":"https:\/\/eloficiodehistoriar.com.mx\/index.php?rest_route=\/wp\/v2\/types\/post"}],"author":[{"embeddable":true,"href":"https:\/\/eloficiodehistoriar.com.mx\/index.php?rest_route=\/wp\/v2\/users\/249"}],"replies":[{"embeddable":true,"href":"https:\/\/eloficiodehistoriar.com.mx\/index.php?rest_route=%2Fwp%2Fv2%2Fcomments&post=36415"}],"version-history":[{"count":2,"href":"https:\/\/eloficiodehistoriar.com.mx\/index.php?rest_route=\/wp\/v2\/posts\/36415\/revisions"}],"predecessor-version":[{"id":36418,"href":"https:\/\/eloficiodehistoriar.com.mx\/index.php?rest_route=\/wp\/v2\/posts\/36415\/revisions\/36418"}],"wp:featuredmedia":[{"embeddable":true,"href":"https:\/\/eloficiodehistoriar.com.mx\/index.php?rest_route=\/wp\/v2\/media\/36416"}],"wp:attachment":[{"href":"https:\/\/eloficiodehistoriar.com.mx\/index.php?rest_route=%2Fwp%2Fv2%2Fmedia&parent=36415"}],"wp:term":[{"taxonomy":"category","embeddable":true,"href":"https:\/\/eloficiodehistoriar.com.mx\/index.php?rest_route=%2Fwp%2Fv2%2Fcategories&post=36415"},{"taxonomy":"post_tag","embeddable":true,"href":"https:\/\/eloficiodehistoriar.com.mx\/index.php?rest_route=%2Fwp%2Fv2%2Ftags&post=36415"}],"curies":[{"name":"wp","href":"https:\/\/api.w.org\/{rel}","templated":true}]}}