{"id":36422,"date":"2024-04-03T11:52:42","date_gmt":"2024-04-03T17:52:42","guid":{"rendered":"https:\/\/eloficiodehistoriar.com.mx\/?p=36422"},"modified":"2024-04-03T11:56:55","modified_gmt":"2024-04-03T17:56:55","slug":"36422","status":"publish","type":"post","link":"https:\/\/eloficiodehistoriar.com.mx\/?p=36422","title":{"rendered":"Denuncian saqueo de arena en playa veracruzana, seg\u00fan vecinos de Alvarado, es utilizada en obras de construcci\u00f3n"},"content":{"rendered":"<div id=\"main-cont\">\n<article>\n<div id=\"article-cont\" class=\"main-cont article-cont actuality\">\n<div class=\"cabeza\">Denuncian saqueo de arena en playa veracruzana<\/div>\n<div class=\"sumarios\">\n<p>Seg\u00fan vecinos de Alvarado, es utilizada en obras de construcci\u00f3n<\/p>\n<\/div>\n<div id=\"article-text\" class=\"text\">\n<div class=\"foto\">\n<div class=\"pie-foto\">Un cami\u00f3n transporta arena extra\u00edda de una playa de la llamada Riviera Veracruzana, en el municipio de Alvarado, Veracruz.<\/div>\n<div><\/div>\n<div class=\"pie-foto\">Seg\u00fan habitantes tras el robo del material, los camiones cruzan un terreno bald\u00edo y salen a la carretera que conecta Ant\u00f3n Lizardo con Boca del R\u00edo.<\/div>\n<div><\/div>\n<\/div>\n<div class=\"col col1\">\n<div class=\"credito-autor\">Iv\u00e1n S\u00e1nchez<\/div>\n<div class=\"credito-titulo\"><\/div>\n<div class=\"hemero\">\n<p>La Jornada<\/p>\n<\/div>\n<p class=\"s-s\">Veracruz, Ver.,<\/p>\n<p class=\"s-s\">Vecinos de la llamada Riviera Veracruzana, en el municipio de Alvarado, denunciaron el saqueo de la arena de playas de la zona, situaci\u00f3n que gener\u00f3 preocupaci\u00f3n entre los habitantes, pues temen da\u00f1o ecol\u00f3gico, adem\u00e1s de otro tipo de repercusiones ambientales.<\/p>\n<p>Se\u00f1alaron que a diario han observado veh\u00edculos pesados que son llenados con toneladas de arena de la playa, a 10 metros del mar, luego cruzan por un terreno bald\u00edo y salen a la carretera que conecta a la comunidad de Ant\u00f3n Lizardo, municipio de Alvarado, con el de Boca del R\u00edo.<\/p>\n<p>El presidente de la mesa directiva del fraccionamiento Playa Dorada, H\u00e9ctor V\u00e9lez, dijo que ya han presentado quejas ante las autoridades de los tres \u00f3rdenes de gobierno, local, estatal y federal; sin embargo, no han sido escuchados.\u00a0<q>Tenemos un problema que se genera en el terreno que colinda con nuestro fraccionamiento, percibimos algo que parece un saqueo irregular de arena, una explotaci\u00f3n il\u00edcita en los l\u00edmites del mar<\/q>, afirm\u00f3.<\/p>\n<p>A menos de 10 metros del mar, los camiones de volteo son llenados con el material. Las marcas de las grandes llantas quedan en la orilla de la playa como prueba. Los conductores de los camiones, al ver la presencia de medios, casi de inmediato salen del lugar, s\u00f3lo para regresar una vez que ya no hay quien documente sus acciones.<\/p>\n<p>Los pobladores expusieron que en varias ocasiones se han acercado a preguntar a los saqueadores si cuentan con los permisos necesarios para realizar ese tipo de trabajo, pero la respuesta que han obtenido s\u00f3lo es el silencio. Indicaron que lograron conocer que la arena extra\u00edda es utilizada para el relleno de un terreno que ser\u00e1 utilizado para edificar viviendas.<\/p>\n<\/div>\n<div class=\"col col2\">\n<p>En videos grabados por los habitantes se observa c\u00f3mo llegan los bandidos y durante un largo rato trabajan sin descanso, sacando la arena. \u201cEmpezamos a detectar que emplean una retroexcavadora, llenan sus unidades y se retiran (\u2026); estos camiones van a descargar en un predio donde est\u00e1n haciendo obras, es decir, seguramente la est\u00e1n vendiendo como arena de construcci\u00f3n\u201d, relat\u00f3 H\u00e9ctor V\u00e9lez.<\/p>\n<p>La zona de playa de la Riviera Veracruzana es conocida por ser el hogar de diversas especies, entre las que se encuentra el cangrejo azul, crust\u00e1ceo que est\u00e1 en peligro y es protegido por diversas organizaciones civiles.<\/p>\n<p class=\"sumario\">Situaci\u00f3n preocupante, considera ambientalista<\/p>\n<p class=\"s-s\">Al respecto, el ambientalista en Veracruz Miguel \u00c1ngel Barrag\u00e1n Villarreal dijo que el saqueo de arena en esa zona es sumamente preocupante, porque las playas forman parte de un ecosistema que debe ser protegido.<\/p>\n<p>Apunt\u00f3 que la atenci\u00f3n a las denuncias y la protecci\u00f3n de las playas es una responsabilidad compartida entre el ayuntamiento de Alvarado (gobernado por la pevemista Lizzette \u00c1lvarez), la Federaci\u00f3n, a trav\u00e9s de la Procuradur\u00eda Federal de Protecci\u00f3n al Ambiente, y la Procuradur\u00eda Estatal de Protecci\u00f3n al Medio Ambiente.<\/p>\n<p><q>Forman parte de un important\u00edsimo ecosistema costero, porque ah\u00ed habitan el cangrejo azul, algunas especies que tienen relaci\u00f3n con el mar; eso no es simple arena, porque mucha gente cree que son dunas y no, es todo un ecosistema<\/q>, advirti\u00f3.<\/p>\n<\/div>\n<\/div>\n<div class=\"go gui\">\n<div class=\"go-up\"><\/div>\n<\/div>\n<\/div>\n<\/article>\n<\/div>\n<div id=\"interstitialdfpportadas\"><\/div>\n","protected":false},"excerpt":{"rendered":"<p>Denuncian saqueo de arena en playa veracruzana Seg\u00fan vecinos de Alvarado, es utilizada en obras de construcci\u00f3n Un cami\u00f3n transporta arena extra\u00edda de una playa de la llamada Riviera Veracruzana, en el municipio de Alvarado, Veracruz. Seg\u00fan habitantes tras el robo del material, los camiones cruzan un terreno bald\u00edo y salen a la carretera que [&hellip;]<\/p>\n","protected":false},"author":249,"featured_media":36423,"comment_status":"open","ping_status":"closed","sticky":false,"template":"","format":"standard","meta":{"footnotes":""},"categories":[26],"tags":[],"class_list":["post-36422","post","type-post","status-publish","format-standard","has-post-thumbnail","hentry","category-mundo"],"_links":{"self":[{"href":"https:\/\/eloficiodehistoriar.com.mx\/index.php?rest_route=\/wp\/v2\/posts\/36422","targetHints":{"allow":["GET"]}}],"collection":[{"href":"https:\/\/eloficiodehistoriar.com.mx\/index.php?rest_route=\/wp\/v2\/posts"}],"about":[{"href":"https:\/\/eloficiodehistoriar.com.mx\/index.php?rest_route=\/wp\/v2\/types\/post"}],"author":[{"embeddable":true,"href":"https:\/\/eloficiodehistoriar.com.mx\/index.php?rest_route=\/wp\/v2\/users\/249"}],"replies":[{"embeddable":true,"href":"https:\/\/eloficiodehistoriar.com.mx\/index.php?rest_route=%2Fwp%2Fv2%2Fcomments&post=36422"}],"version-history":[{"count":3,"href":"https:\/\/eloficiodehistoriar.com.mx\/index.php?rest_route=\/wp\/v2\/posts\/36422\/revisions"}],"predecessor-version":[{"id":36426,"href":"https:\/\/eloficiodehistoriar.com.mx\/index.php?rest_route=\/wp\/v2\/posts\/36422\/revisions\/36426"}],"wp:featuredmedia":[{"embeddable":true,"href":"https:\/\/eloficiodehistoriar.com.mx\/index.php?rest_route=\/wp\/v2\/media\/36423"}],"wp:attachment":[{"href":"https:\/\/eloficiodehistoriar.com.mx\/index.php?rest_route=%2Fwp%2Fv2%2Fmedia&parent=36422"}],"wp:term":[{"taxonomy":"category","embeddable":true,"href":"https:\/\/eloficiodehistoriar.com.mx\/index.php?rest_route=%2Fwp%2Fv2%2Fcategories&post=36422"},{"taxonomy":"post_tag","embeddable":true,"href":"https:\/\/eloficiodehistoriar.com.mx\/index.php?rest_route=%2Fwp%2Fv2%2Ftags&post=36422"}],"curies":[{"name":"wp","href":"https:\/\/api.w.org\/{rel}","templated":true}]}}