{"id":36431,"date":"2024-04-04T11:20:21","date_gmt":"2024-04-04T17:20:21","guid":{"rendered":"https:\/\/eloficiodehistoriar.com.mx\/?p=36431"},"modified":"2024-04-04T11:20:21","modified_gmt":"2024-04-04T17:20:21","slug":"la-mujer-de-estrellas-y-montanas-del-director-mexicano-santiago-esteinou","status":"publish","type":"post","link":"https:\/\/eloficiodehistoriar.com.mx\/?p=36431","title":{"rendered":"\u00abLa mujer de estrellas y monta\u00f1as\u00bb, del director mexicano Santiago Esteinou"},"content":{"rendered":"<div class=\"col\">\n<h1 class=\"nota-titulo nota-destacada mb-3\">Al cine, la historia de atleta rar\u00e1muri<\/h1>\n<\/div>\n<div class=\"col-main-3 mb-5\">\n<div class=\"nota-detalle\">\n<div class=\"nota-media border-bottom-1 mb-3\">\n<figure><figcaption class=\"text-right font-small pt-1\">vida de la corredora Rita Pati\u00f1o, quien estuvo internada 12 a\u00f1os en un hospital siqui\u00e1trico de EU por un diagn\u00f3stico equivocado de esquizofrenia, es narrada en el documental \u2018La mujer de estrellas y monta\u00f1as\u2019, del director mexicano Santiago Esteinou. La cinta se estrenar\u00e1 el 25 de abril en salas de M\u00e9xico. Fotograma tomado de la cinta<\/p>\n<\/figcaption><\/figure>\n<\/div>\n<div class=\"nota-row\">\n<div class=\"nota-datos\">\n<ul class=\"share icons menu mb-3\">\n<li class=\"d-inline\"><a href=\"https:\/\/www.jornada.com.mx\/autores\/Israel%20Campos%20Mondrag%C3%B3n\">Israel Campos Mondrag\u00f3n<\/a><\/li>\n<\/ul>\n<div class=\"font-small color-secundario border-bottom-2\"><\/div>\n<\/div>\n<div id=\"article-content-tts\" class=\"nota-contenido mb-5\">\n<div id=\"content_nitf\">\n<div class=\"col col1\">\n<p class=\"s-s\">La historia de la corredora rar\u00e1muri Rita Pati\u00f1o, quien estuvo internada en un hospital siqui\u00e1trico en Estados Unidos durante 12 a\u00f1os por un mal diagn\u00f3stico de esquizofrenia, es narrada en el documental\u00a0<em>La mujer de estrellas y monta\u00f1as,<\/em>\u00a0del director mexicano Santiago Esteinou Loera Ch\u00e1vez (Ciudad de M\u00e9xico, 1982).<\/p>\n<p>En 1983, la atleta rar\u00e1muri fue encontrada cansada y con miedo en una iglesia de Kansas. El pastor llam\u00f3 a la polic\u00eda, ya que la mujer\u00a0<q>se comportaba y hablaba raro<\/q>. Las autoridades no entendieron que ella cantaba y danzaba en honor a sus dioses, en la lengua de su pueblo: los de los pies ligeros.<\/p>\n<p>Decidieron canalizarla a un hospital, donde fue discriminada, precisamente porque nadie comprend\u00eda su idioma. Nunca solicitaron un traductor para que ella pudiera comunicar sus malestares. Los doctores le diagnosticaron con esquizofrenia.<\/p>\n<p>En la funci\u00f3n de prensa, el tambi\u00e9n documentalista Santiago Esteinou explic\u00f3 que conoci\u00f3 la historia de Rita por medio del libro\u00a0<em>Born to Run,<\/em>\u00a0del periodista estadunidense Christopher McDougall, en el cual describe la cultura rar\u00e1muri y le dedica apenas unas cuantas l\u00edneas a la protagonista.<\/p>\n<p>Finalmente, Rita tuvo acceso a un int\u00e9rprete para que pudiera explicar de d\u00f3nde proven\u00eda; fue hasta 1996 cuando se sumaron voluntades de M\u00e9xico y Estados Unidos con el fin de que regresara a su comunidad en Urique, Chihuahua.<\/p>\n<p class=\"sumario\"><strong>Secuelas de los medicamentos<\/strong><\/p>\n<p class=\"s-s\">A su regreso, sufri\u00f3 graves secuelas causadas por las medicinas mal prescritas que recibi\u00f3 en el hospital estadunidense, adem\u00e1s su comunidad la estigmatiz\u00f3 por haber estado en un siqui\u00e1trico; le dec\u00edan\u00a0<q>loca<\/q>.<\/p>\n<p>Por medio de un equipo legal que la auxili\u00f3, Rita fue indemnizada, pero nunca tuvo acceso real a la millonaria cantidad que le otorg\u00f3 el estado de Kansas por la privaci\u00f3n ilegal de su libertad. Se cre\u00f3 un fideicomiso, pero el titular que lo respaldaba dej\u00f3 de enviarle dinero.<\/p>\n<p>Juanita Osorio, sobrina de Pati\u00f1o, fue quien se hizo responsable de la atleta a su regreso al pa\u00eds; ambas recibieron algunos d\u00f3lares durante un tiempo, pero Juanita nunca supo el monto real al que ten\u00edan derecho, ella cuid\u00f3 de Rita hasta su muerte, en 2018, es decir, cuando se\u00a0<q>convirti\u00f3 en una estrella<\/q>, como dicta la cosmovisi\u00f3n del pueblo rar\u00e1muri.<\/p>\n<\/div>\n<div class=\"col col2\">\n<p>En conferencia de prensa, el realizador comparti\u00f3 que la finalidad del filme es visibilizar la discriminaci\u00f3n por el idioma que existe en el pa\u00eds y fuera de \u00e9l.\u00a0<q>Son muchas formas de vulnerabilidad y de exclusi\u00f3n que vivi\u00f3 una sola persona<\/q>, agreg\u00f3. Tambi\u00e9n cont\u00f3 que se tard\u00f3 seis a\u00f1os en realizar el documental.<\/p>\n<p>Adem\u00e1s de la participaci\u00f3n de Rita Pati\u00f1o y Juana Osorio, se cont\u00f3 con la actuaci\u00f3n de \u00c1ngeles Cruz.\u00a0<q>Durante la grabaci\u00f3n nos hicimos amigos de Rita y Juanita, muchas veces nos brindaron asilo en su casa. Cuando muri\u00f3 la protagonista, quisimos a\u00f1adir escenas de la tradici\u00f3n rar\u00e1muri, por lo cual pedimos permiso a las autoridades ind\u00edgenas de esa regi\u00f3n, las cuales tienen tres representantes<\/q>.<\/p>\n<p>Por el estreno del documental, este 25 de abril, durante este mes y mayo se realizar\u00e1n actividades especiales para abrir la conversaci\u00f3n alrededor de los derechos ling\u00fc\u00edsticos, el acceso a la salud mental y la defensa del territorio rar\u00e1muri. Adem\u00e1s, se conmemorar\u00e1 el aniversario 21 de la publicaci\u00f3n de la Ley General de Derechos Ling\u00fc\u00edsticos de los Pueblos Ind\u00edgenas en el pa\u00eds, y se celebrar\u00e1 el D\u00eda de la Tierra el 22 de abril.<\/p>\n<p>De acuerdo con datos tomados del\u00a0<em>Atlas de las lenguas en peligro<\/em>, de la Unesco, en el mundo a\u00fan existen casi 7 mil lenguas vivas, de las cuales 40 por ciento corren el riesgo de desaparecer, son vulnerables porque muchas de ellas no se ense\u00f1an en las escuelas ni se utilizan en espacios p\u00fablicos.<\/p>\n<p>Santiago Esteinou Loera Ch\u00e1vez estudi\u00f3 la licenciatura en cinematograf\u00eda en el Centro de Capacitaci\u00f3n Cinematogr\u00e1fica, en la Ciudad de M\u00e9xico; cuenta con una maestr\u00eda en bellas artes en cine y artes de la comunicaci\u00f3n por la Universidad Temple, Filadelfia.<\/p>\n<p>Como director, particip\u00f3 en 2008 con su \u00f3pera prima\u00a0<em>Dolor cr\u00f3nico<\/em>\u00a0en el Festival Internacional de Cine Contempor\u00e1neo de la Ciudad de M\u00e9xico y en el Buenos Aires Festival Internacional de Cine Independiente, en Argentina.<\/p>\n<p>Su segundo largometraje,\u00a0<em>Los a\u00f1os de fierro,<\/em>\u00a0de 2013, form\u00f3 parte de la Selecci\u00f3n Oficial de la edici\u00f3n 11 del Festival Internacional de Cine de Morelia y tambi\u00e9n particip\u00f3 en los festivales de Cine Documental de Tesal\u00f3nica, Grecia, y en el Internacional de Cine en Guadalajara, en M\u00e9xico.<\/p>\n<\/div>\n<\/div>\n<\/div>\n<div class=\"notas-relacionadas\"><\/div>\n<div class=\"nota-tags\">\n<hr class=\"mb-3\" \/>\n<div class=\"pills mb-3\"><a class=\"nota-tag\" href=\"https:\/\/www.jornada.com.mx\/tag\/la%20mujer%20de%20estrellas\">la mujer de estrellas<\/a>\u00a0<a class=\"nota-tag\" href=\"https:\/\/www.jornada.com.mx\/tag\/cine%20atleta%20raramuri\">cine atleta raramuri<\/a>\u00a0<a class=\"nota-tag\" href=\"https:\/\/www.jornada.com.mx\/tag\/santiago%20esteinou%20loera%20chavez\">santiago esteinou loera chavez<\/a><\/div>\n<hr class=\"mb-3\" \/>\n<\/div>\n<\/div>\n<\/div>\n<aside>\n<div class=\"ad text-center\"><\/div>\n<\/aside>\n<\/div>\n","protected":false},"excerpt":{"rendered":"<p>Al cine, la historia de atleta rar\u00e1muri vida de la corredora Rita Pati\u00f1o, quien estuvo internada 12 a\u00f1os en un hospital siqui\u00e1trico de EU por un diagn\u00f3stico equivocado de esquizofrenia, es narrada en el documental \u2018La mujer de estrellas y monta\u00f1as\u2019, del director mexicano Santiago Esteinou. La cinta se estrenar\u00e1 el 25 de abril en [&hellip;]<\/p>\n","protected":false},"author":249,"featured_media":36432,"comment_status":"open","ping_status":"closed","sticky":false,"template":"","format":"standard","meta":{"footnotes":""},"categories":[26],"tags":[],"class_list":["post-36431","post","type-post","status-publish","format-standard","has-post-thumbnail","hentry","category-mundo"],"_links":{"self":[{"href":"https:\/\/eloficiodehistoriar.com.mx\/index.php?rest_route=\/wp\/v2\/posts\/36431","targetHints":{"allow":["GET"]}}],"collection":[{"href":"https:\/\/eloficiodehistoriar.com.mx\/index.php?rest_route=\/wp\/v2\/posts"}],"about":[{"href":"https:\/\/eloficiodehistoriar.com.mx\/index.php?rest_route=\/wp\/v2\/types\/post"}],"author":[{"embeddable":true,"href":"https:\/\/eloficiodehistoriar.com.mx\/index.php?rest_route=\/wp\/v2\/users\/249"}],"replies":[{"embeddable":true,"href":"https:\/\/eloficiodehistoriar.com.mx\/index.php?rest_route=%2Fwp%2Fv2%2Fcomments&post=36431"}],"version-history":[{"count":1,"href":"https:\/\/eloficiodehistoriar.com.mx\/index.php?rest_route=\/wp\/v2\/posts\/36431\/revisions"}],"predecessor-version":[{"id":36433,"href":"https:\/\/eloficiodehistoriar.com.mx\/index.php?rest_route=\/wp\/v2\/posts\/36431\/revisions\/36433"}],"wp:featuredmedia":[{"embeddable":true,"href":"https:\/\/eloficiodehistoriar.com.mx\/index.php?rest_route=\/wp\/v2\/media\/36432"}],"wp:attachment":[{"href":"https:\/\/eloficiodehistoriar.com.mx\/index.php?rest_route=%2Fwp%2Fv2%2Fmedia&parent=36431"}],"wp:term":[{"taxonomy":"category","embeddable":true,"href":"https:\/\/eloficiodehistoriar.com.mx\/index.php?rest_route=%2Fwp%2Fv2%2Fcategories&post=36431"},{"taxonomy":"post_tag","embeddable":true,"href":"https:\/\/eloficiodehistoriar.com.mx\/index.php?rest_route=%2Fwp%2Fv2%2Ftags&post=36431"}],"curies":[{"name":"wp","href":"https:\/\/api.w.org\/{rel}","templated":true}]}}