{"id":36605,"date":"2024-04-16T12:53:50","date_gmt":"2024-04-16T18:53:50","guid":{"rendered":"https:\/\/eloficiodehistoriar.com.mx\/?p=36605"},"modified":"2024-04-16T12:53:50","modified_gmt":"2024-04-16T18:53:50","slug":"lo-que-hay-que-saber-de-daniel-noboa","status":"publish","type":"post","link":"https:\/\/eloficiodehistoriar.com.mx\/?p=36605","title":{"rendered":"Lo que hay que saber de Daniel Noboa"},"content":{"rendered":"<div id=\"main-cont\">\n<article>\n<div id=\"article-cont\" class=\"main-cont article-cont analysis\">\n<div class=\"cabeza\">El asalto a la embajada mexicana en Ecuador<\/div>\n<div class=\"sumarios\"><\/div>\n<div class=\"credito-articulo\">Luis Hern\u00e1ndez Navarro<\/div>\n<div><\/div>\n<div id=\"article-text\" class=\"text\">\n<div class=\"col col1\">\n<div class=\"inicial\">El ilegal asalto a la\u00a0embajada mexicana en Ecuador forma parte de la campa\u00f1a del presidente Daniel Noboa para ganar la consulta popular y el referendo del pr\u00f3ximo 21 de abril, y abrirle paso a su relecci\u00f3n en febrero pr\u00f3ximo.<\/div>\n<p>No le importa pasar por encima del derecho internacional o que su pa\u00eds sea condenado por otras naciones y la OEA. Lo que busca es acrecentar su popularidad demostrando fuerza y firmeza. A su manera, sigue la ruta fijada por mandatarios como Donald Trump, de Estados Unidos; Jair Bolsonaro, de Brasil; Javier Milei, de Argentina, y Nayib Bukele, de El Salvador. Se trata de no pedir perd\u00f3n ni permiso.<\/p>\n<p>Noboa es un junior de 36 a\u00f1os, nacido en Estados Unidos, hijo de un magnate bananero. Gan\u00f3 las elecciones en noviembre pasado, con 52 por ciento de los votos. Sustituy\u00f3 al tambi\u00e9n potentado Guillermo Lasso, quien renunci\u00f3 en medio de esc\u00e1ndalos. Gobernar\u00e1 s\u00f3lo 18 meses. Durante la contienda, el candidato Fernando Villavicencio fue asesinado por la banda de\u00a0<em>Los Lobos<\/em>. El empresario hizo campa\u00f1a (incluso en el debate) enfundado en un chaleco antibalas que tambi\u00e9n usa en sus promocionales. Su propuesta central es la lucha contra la inseguridad p\u00fablica. En febrero de 2025 se efectuar\u00e1n elecciones en las que \u00e9l podr\u00e1 competir.<\/p>\n<p>El nuevo presidente ha hecho de las im\u00e1genes carcelarias el epicentro de su gobierno. Las fotograf\u00edas y videos de reos sometidos y disciplinados, de espaldas, con uniformes naranjas, son parte de una escenograf\u00eda estilo Zelensky o Bukele que acompa\u00f1an a sus mensajes. Las grabaciones de polic\u00edas golpeando j\u00f3venes, oblig\u00e1ndolos a besarse entre ellos o maltrat\u00e1ndose se han viralizado.<\/p>\n<p>La violencia ha escalado, igual que la industria criminal. En 2023 hubo en Ecuador 7 mil 800 homicidios y m\u00e1s de 40 asesinatos por cada 100 mil habitantes.<\/p>\n<p>\u201cLo que estamos haciendo hoy \u2013dice Noboa en su propaganda\u2013 es una muestra de la lucha real contra el\u00a0<em>narcoterrorismo\u00a0<\/em>y estos grupos criminales, que creen que con base en miedo y en amenazas nos van a amedrentar. Nos quedan tres semanas para una consulta, para la cual ya los grupos\u00a0<em>narcoterroristas\u00a0<\/em>han dicho que est\u00e1n totalmente en contra. Est\u00e1n contra la extradici\u00f3n; en contra de que haya presencia militar en las c\u00e1rceles, en contra de que las familias ecuatorianas tengan paz. Nosotros estamos a favor de devolver la dignidad a Ecuador.\u201d<\/p>\n<p>Al asumir, declar\u00f3 que en su pa\u00eds existe un conflicto armado no internacional. Y a\u00f1adi\u00f3 que, en t\u00e9rminos pr\u00e1cticos, se vive una guerra contra el terrorismo, no limitada al\u00a0<em>narco<\/em>, porque, seg\u00fan \u00e9l, hay grupos terroristas no vinculados a esta industria.<\/p>\n<p>De acuerdo con la Oficina en Washing\u00adton para Asuntos Latinoamericanos, la administraci\u00f3n Biden apoy\u00f3 desde el primer momento a Noboa. Una delegaci\u00f3n de alto nivel visit\u00f3 Quito la semana del 22 de enero, y el subsecretario de Asuntos Internacionales de Narc\u00f3ticos y Aplicaci\u00f3n de la Ley del Departamento de Estado fue a principios de febrero. Mientras, la comandante del Comando Sur, general Laura Richardson, prometi\u00f3 un paquete de ayuda militar y policial de 93 millones de d\u00f3lares. La asistencia sigue lo que Richardson llam\u00f3 una\u00a0<q>hoja de ruta de asistencia a la seguridad<\/q>\u00a0de cinco a\u00f1os (\u00a0<a href=\"https:\/\/shorturl.at\/cDTU0\" target=\"_blank\" rel=\"noopener\">https:\/\/shorturl.at\/cDTU0<\/a>\u00a0).<\/p>\n<\/div>\n<div class=\"col col2\">\n<p>Si quiere relegirse, Noboa debe ganar la consulta popular y el referendo del 21 de abril. De las 11 preguntas a responder, cinco son para reformar la Constituci\u00f3n (referendo) y seis para modificar leyes.<\/p>\n<p>Las medidas que se busca aprobar, re\u00adfuerzan un Estado de excepci\u00f3n con mayor presencia militar contra el crimen. Adem\u00e1s, legalizan la extradici\u00f3n; crean judicaturas especiales; abren la puerta al arbitraje internacional en inversiones y, en uno de los sue\u00f1os h\u00famedos del liberalismo, precariza la fuerza de trabajo mediante contratos de empleo por horas y a plazo fijo.<\/p>\n<p>El allanamiento policial a la embajada mexicana en Quito, dos semanas antes de la consulta popular, y (seg\u00fan la Corte Nacional de Justicia) el ilegal y arbitrario arresto en su interior de Jorge Glas \u2013ex vicepresidente de Ecuador con Rafael Correa y Len\u00edn Moreno\u2013 al que M\u00e9xico reconoci\u00f3 como asilado pol\u00edtico, quiso ser justificada en nombre de esta guerra contra el\u00a0<em>narcoterrorismo<\/em>. A Glas lo acusan de desviar fondos para la reconstrucci\u00f3n de Manab\u00ed por el terremoto de 2016, aunque \u00e9l y su partido se\u00f1alan (no sin raz\u00f3n) que \u00e9l es v\u00edctima de persecuci\u00f3n judicial.<\/p>\n<p>Sin ser un apoyo incondicional, al arrancar el gobierno de Noboa se pact\u00f3 una alianza en la Asamblea Nacional con el corre\u00edsmo, fuerza mayoritaria en ese \u00f3rgano. En noviembre de 2023, Correa anunci\u00f3:\u00a0<q>Hay que tratar de lograr la unidad nacional<\/q>. A\u00f1adi\u00f3 que la administraci\u00f3n de Noboa contaba con el apoyo de la Revoluci\u00f3n Ciudadana\u00a0<q>para las leyes que beneficien al pa\u00eds<\/q>. Su asamble\u00edsta Viviana Veloz fue elegida vicepresidenta de la asamblea. La detenci\u00f3n de Glas precipit\u00f3 una ruptura entre ambas fuerzas, anticipada desde mediados de marzo.<\/p>\n<p>Mientras, la Confederaci\u00f3n de Nacionalidades Ind\u00edgenas del Ecuador y su presidente, Leonardo Iza, se\u00f1alaron que\u00a0<q>el asalto a la embajada de M\u00e9xico es un acto alarmante que pone de manifiesto el autoritarismo de Noboa. Este acto fascista no s\u00f3lo viola normas internacionales, sino que tambi\u00e9n atenta contra las relaciones diplom\u00e1ticas de ambos pa\u00edses<\/q>. Asimismo, llaman a votar\u00a0<em>no\u00a0<\/em>en la consulta popular.<\/p>\n<p>La desfavorable correlaci\u00f3n de fuerzas internacional del mandatario no quiere decir que vaya a perder la consulta. Por lo pronto, aunque hay muchos indecisos, las encuestas favorecen la propuesta del Ejecutivo. De ser as\u00ed, m\u00e1s all\u00e1 del descr\u00e9dito diplom\u00e1tico que se ha ganado a pulso, la jugada de Noboa de envolverse en su bandera nacional le habr\u00eda dado resultado. Ojal\u00e1 fallen los sondeos.<\/p>\n<p>Twitter:\u00a0<a href=\"https:\/\/twitter.com\/@lhan55\" target=\"_blank\" rel=\"noopener\">@lhan55<\/a><\/p>\n<p class=\"email\">\n<\/div>\n<\/div>\n<div class=\"go gui\">\n<div class=\"go-up\"><\/div>\n<\/div>\n<\/div>\n<\/article>\n<\/div>\n<div id=\"interstitialdfpportadas\" data-google-query-id=\"COKdsaeyx4UDFYqHrgUdc1UBwQ\">\n<div id=\"google_ads_iframe_\/70932171\/interstitial_editorial_0__container__\"><\/div>\n<\/div>\n","protected":false},"excerpt":{"rendered":"<p>El asalto a la embajada mexicana en Ecuador Luis Hern\u00e1ndez Navarro El ilegal asalto a la\u00a0embajada mexicana en Ecuador forma parte de la campa\u00f1a del presidente Daniel Noboa para ganar la consulta popular y el referendo del pr\u00f3ximo 21 de abril, y abrirle paso a su relecci\u00f3n en febrero pr\u00f3ximo. No le importa pasar por [&hellip;]<\/p>\n","protected":false},"author":249,"featured_media":36606,"comment_status":"open","ping_status":"closed","sticky":false,"template":"","format":"standard","meta":{"footnotes":""},"categories":[26],"tags":[],"class_list":["post-36605","post","type-post","status-publish","format-standard","has-post-thumbnail","hentry","category-mundo"],"_links":{"self":[{"href":"https:\/\/eloficiodehistoriar.com.mx\/index.php?rest_route=\/wp\/v2\/posts\/36605","targetHints":{"allow":["GET"]}}],"collection":[{"href":"https:\/\/eloficiodehistoriar.com.mx\/index.php?rest_route=\/wp\/v2\/posts"}],"about":[{"href":"https:\/\/eloficiodehistoriar.com.mx\/index.php?rest_route=\/wp\/v2\/types\/post"}],"author":[{"embeddable":true,"href":"https:\/\/eloficiodehistoriar.com.mx\/index.php?rest_route=\/wp\/v2\/users\/249"}],"replies":[{"embeddable":true,"href":"https:\/\/eloficiodehistoriar.com.mx\/index.php?rest_route=%2Fwp%2Fv2%2Fcomments&post=36605"}],"version-history":[{"count":1,"href":"https:\/\/eloficiodehistoriar.com.mx\/index.php?rest_route=\/wp\/v2\/posts\/36605\/revisions"}],"predecessor-version":[{"id":36607,"href":"https:\/\/eloficiodehistoriar.com.mx\/index.php?rest_route=\/wp\/v2\/posts\/36605\/revisions\/36607"}],"wp:featuredmedia":[{"embeddable":true,"href":"https:\/\/eloficiodehistoriar.com.mx\/index.php?rest_route=\/wp\/v2\/media\/36606"}],"wp:attachment":[{"href":"https:\/\/eloficiodehistoriar.com.mx\/index.php?rest_route=%2Fwp%2Fv2%2Fmedia&parent=36605"}],"wp:term":[{"taxonomy":"category","embeddable":true,"href":"https:\/\/eloficiodehistoriar.com.mx\/index.php?rest_route=%2Fwp%2Fv2%2Fcategories&post=36605"},{"taxonomy":"post_tag","embeddable":true,"href":"https:\/\/eloficiodehistoriar.com.mx\/index.php?rest_route=%2Fwp%2Fv2%2Ftags&post=36605"}],"curies":[{"name":"wp","href":"https:\/\/api.w.org\/{rel}","templated":true}]}}