{"id":36608,"date":"2024-04-16T13:01:13","date_gmt":"2024-04-16T19:01:13","guid":{"rendered":"https:\/\/eloficiodehistoriar.com.mx\/?p=36608"},"modified":"2024-04-16T13:01:13","modified_gmt":"2024-04-16T19:01:13","slug":"mario-renato-menendez-reportero-critico-dirigio-la-revista-sucesos-para-todos-fundola-revista-por-que","status":"publish","type":"post","link":"https:\/\/eloficiodehistoriar.com.mx\/?p=36608","title":{"rendered":"Mario Renato Men\u00e9ndez, reportero cr\u00edtico, dirigi\u00f3 la revista\u00a0\u00abSucesos para Todos\u00bb, fund\u00f3la revista\u00a0\u00abPor Qu\u00e9?\u00bb"},"content":{"rendered":"<div id=\"main-cont\">\n<article>\n<div id=\"article-cont\" class=\"main-cont article-cont actuality\">\n<div class=\"sumarios\">\n<p>El fundador de\u00a0<em>por esto!<\/em>\u00a0falleci\u00f3 a los 87 a\u00f1os<\/p>\n<\/div>\n<div class=\"cabeza\">Adi\u00f3s a Mario Renato Men\u00e9ndez, periodista que cubri\u00f3 causas justas<\/div>\n<div class=\"sumarios\">\n<p>En sus revistas document\u00f3 la masacre de Tlatelolco y el\u00a0<em>halconazo<\/em>\u00a0del 71<\/p>\n<\/div>\n<div id=\"article-text\" class=\"text\">\n<div class=\"foto\">\n<div class=\"pie-foto\">Admirado por sus colegas de M\u00e9xico y Cuba, el comunicador oriundo de Yucat\u00e1n inform\u00f3 de manera fehaciente lo que nadie m\u00e1s se atrev\u00eda a realizar en una \u00e9poca en la que la dureza oficial limitaba la actividad, por lo cual estuvo preso en Lecumberri.<\/div>\n<div><\/div>\n<\/div>\n<div class=\"col col1\">\n<div class=\"credito-autor\">Patricia V\u00e1zquez Corresponsal y La Jornada Maya<\/div>\n<div class=\"credito-titulo\"><\/div>\n<div class=\"hemero\">La Jornada<\/p>\n<\/div>\n<p class=\"s-s\">M\u00e9rida, Yuc.,<\/p>\n<p class=\"s-s\">Mario Renato Men\u00e9ndez Rodr\u00edguez falleci\u00f3 por causas naturales a los 87 a\u00f1os, en su casa, acompa\u00f1ado por su esposa e hija. Fue el primer periodista mexicano que entrevist\u00f3 a Fidel Castro luego del triunfo de la revoluci\u00f3n cubana. Su trayectoria en medios recorri\u00f3 su natal tierra yucateca, la Ciudad de M\u00e9xico, la Rep\u00fablica Mexicana, Centroam\u00e9rica y parte de Latinoam\u00e9rica siguiendo la efervescencia de las guerrillas en esas regiones y mostrando los excesos del poder.<\/p>\n<p>Naci\u00f3 el 14 de enero de 1937 en M\u00e9rida. Comenz\u00f3 su carrera en la Ciudad de M\u00e9xico durante la d\u00e9cada de 1960 y es recordado por sus entrevistas a guerrilleros hechas en Colombia, Venezuela, M\u00e9xico y Cuba.<\/p>\n<p>Reportero cr\u00edtico desde joven, lleg\u00f3 a la capital del pa\u00eds cuando ten\u00eda 20 a\u00f1os, para colaborar en varios medios y dirigi\u00f3 la revista\u00a0<em>Sucesos para Todos<\/em>, pero en su af\u00e1n de combatir al oficialismo pri\u00edsta del Poder Ejecutivo, en 1966 tom\u00f3 la decisi\u00f3n de fundar su propio impreso, al que nombr\u00f3\u00a0<em>Por Qu\u00e9?<\/em>, que document\u00f3 en forma veraz la matanza de estudiantes del 2 de octubre de 1968.<\/p>\n<p>Su revista dio a conocer la existencia de la rebeli\u00f3n en la sierra de Guerrero por parte de la Asociaci\u00f3n C\u00edvica Nacional Revolucionaria, dirigida por el profesor Genaro V\u00e1zquez Rojas, y del Partido de los Pobres, que encabezaba el maestro Lucio Caba\u00f1as. Tambi\u00e9n public\u00f3 a detalle los hechos del 10 de junio de 1971 en la Ciudad de M\u00e9xico, as\u00ed como represiones a sindicatos independientes que luchaban contra la opresi\u00f3n patronal y el\u00a0<em>charrismo<\/em>.<\/p>\n<p>La publicaci\u00f3n de este tipo de abusos propiciaron un atentado contra\u00a0<em>Por Qu\u00e9?<\/em>\u00a0en 1971, en el que su rotativa fue dinamitada y Mario Men\u00e9ndez termin\u00f3 encarcelado en Lecumberri. Poco despu\u00e9s fue liberado, junto con otros ocho presos pertenecientes a la guerrilla, tras una operaci\u00f3n dirigida por Genaro V\u00e1zquez, quien solt\u00f3 al entonces rector de la Universidad Aut\u00f3noma de Guerrero, Jaime Castrej\u00f3n, a cambio del periodista yucateco y sus otros compa\u00f1eros.<\/p>\n<p>Vivi\u00f3 en Cuba, donde le otorgaron asilo pol\u00edtico, y estuvo en el exilio casi 10 a\u00f1os, tiempo en el que obtuvo el grado de doctor en ciencia pol\u00edtica por la Universidad de Mosc\u00fa, en correspondencia con la Universidad de Cuba.<\/p>\n<p>En 1991, a su regreso a M\u00e9xico, fund\u00f3 la revista\u00a0<em>Por Esto!<\/em>, en Yucat\u00e1n, que con el paso de los a\u00f1os se transform\u00f3 en un peri\u00f3dico y luego en una cadena de rotativos que circulan en la pen\u00ednsula, mostrando lo relacionado con las condiciones de vida de las comunidades mayas y el levantamiento del Ej\u00e9rcito Zapatista de Liberaci\u00f3n Nacional (EZLN) en 1994, que hoy es uno de los peri\u00f3dicos m\u00e1s le\u00eddos de esa regi\u00f3n.<\/p>\n<\/div>\n<div class=\"col col2\">\n<p class=\"sumario\">Reconocimiento a su labor<\/p>\n<p class=\"s-s\">El presidente Andr\u00e9s Manuel L\u00f3pez Obrador afirm\u00f3 en redes sociales el 16 de noviembre de 2021, luego de reunirse con el comunicador, que\u00a0<em>Por Esto!<\/em>\u00a0fue\u00a0<q>de los poqu\u00edsimos peri\u00f3dicos que nunca dej\u00f3 de darnos espacios durante el tiempo que fuimos opositores al r\u00e9gimen de corrupci\u00f3n y privilegios<\/q>.<\/p>\n<p>Por ser un periodista defensor de la libertad de prensa, las causas populares y de la justicia, recibi\u00f3 el premio Carlos Montemayor en su edici\u00f3n 2023, pues con su esfuerzo period\u00edstico dio voz a los sectores m\u00e1s silenciados de la poblaci\u00f3n.<\/p>\n<p>Durante la ceremonia de entrega de este \u00faltimo reconocimiento por su aporte a la lucha social, el periodista yucateco hizo un recuento de su vida, su paso por Centro y Sudam\u00e9rica, \u00c1frica, Europa y la hoy ex Uni\u00f3n Sovi\u00e9tica.<\/p>\n<p><q>Siempre entregu\u00e9 mis sue\u00f1os a la independencia period\u00edstica, entre los cuales figura preminentemente el de estar en aptitud de decir la verdad, s\u00f3lo la verdad, nada m\u00e1s que la verdad (&#8230;) Nosotros, se\u00f1ores, no podemos ser libres si no lo son todos quienes nos rodean; no podemos ser isla de privilegios en el seno de un mar de esclavitud; \u00e9ste acabar\u00eda por ahogarnos, por sepultarnos en su seno amargo; nuestra libertad es la de todos. Luchemos por la libertad.<\/q><\/p>\n<p>La Academia de Ciencias de Cuba lo consider\u00f3 de\u00a0<q>alto nivel cient\u00edfico, s\u00f3lida erudici\u00f3n, fina capacidad de an\u00e1lisis y de docencia<\/q>. Y el diario\u00a0<em>Juventud Rebelde<\/em>\u00a0lo llam\u00f3 el 21 de octubre de 2015 uno\u00a0<q>de los imprescindibles desde los a\u00f1os fundacionales<\/q>.<\/p>\n<p>A finales de 2022, durante un acto efectuado en M\u00e9rida, el presidente L\u00f3pez Obrador agradeci\u00f3 a Mario Renato Men\u00e9ndez que\u00a0<em>Por Esto!<\/em>\u00a0y su propietario lo respaldaran cuando era opositor y hac\u00eda giras por el sureste mexicano. El mandatario record\u00f3 que en esos tiempos los grandes diarios, as\u00ed como los noticieros de radio y televisi\u00f3n,\u00a0<q>serv\u00edan al poder y satanizaban a la oposici\u00f3n<\/q>.<\/p>\n<p>El pasado 22 de marzo, en su conferencia matutina, L\u00f3pez Obrador coment\u00f3 en referencia al periodista: \u201cyo era el Presidente leg\u00edtimo despu\u00e9s del fraude del 2006, y un d\u00eda llega el usurpador (Felipe Calder\u00f3n) a Yucat\u00e1n y (<em>Por Esto!<\/em>) titula \u2018Hoy llega el espurio\u2019\u201d. Asegur\u00f3 que para eso se necesitaba cabeza, coraz\u00f3n y car\u00e1cter, ya que no era f\u00e1cil, y que no podr\u00eda olvidarse de esa an\u00e9cdota.<\/p>\n<\/div>\n<\/div>\n<div class=\"go gui\">\n<div class=\"go-up\"><\/div>\n<\/div>\n<\/div>\n<\/article>\n<\/div>\n<div id=\"interstitialdfpportadas\"><\/div>\n","protected":false},"excerpt":{"rendered":"<p>El fundador de\u00a0por esto!\u00a0falleci\u00f3 a los 87 a\u00f1os Adi\u00f3s a Mario Renato Men\u00e9ndez, periodista que cubri\u00f3 causas justas En sus revistas document\u00f3 la masacre de Tlatelolco y el\u00a0halconazo\u00a0del 71 Admirado por sus colegas de M\u00e9xico y Cuba, el comunicador oriundo de Yucat\u00e1n inform\u00f3 de manera fehaciente lo que nadie m\u00e1s se atrev\u00eda a realizar en [&hellip;]<\/p>\n","protected":false},"author":249,"featured_media":36609,"comment_status":"open","ping_status":"closed","sticky":false,"template":"","format":"standard","meta":{"footnotes":""},"categories":[26],"tags":[],"class_list":["post-36608","post","type-post","status-publish","format-standard","has-post-thumbnail","hentry","category-mundo"],"_links":{"self":[{"href":"https:\/\/eloficiodehistoriar.com.mx\/index.php?rest_route=\/wp\/v2\/posts\/36608","targetHints":{"allow":["GET"]}}],"collection":[{"href":"https:\/\/eloficiodehistoriar.com.mx\/index.php?rest_route=\/wp\/v2\/posts"}],"about":[{"href":"https:\/\/eloficiodehistoriar.com.mx\/index.php?rest_route=\/wp\/v2\/types\/post"}],"author":[{"embeddable":true,"href":"https:\/\/eloficiodehistoriar.com.mx\/index.php?rest_route=\/wp\/v2\/users\/249"}],"replies":[{"embeddable":true,"href":"https:\/\/eloficiodehistoriar.com.mx\/index.php?rest_route=%2Fwp%2Fv2%2Fcomments&post=36608"}],"version-history":[{"count":1,"href":"https:\/\/eloficiodehistoriar.com.mx\/index.php?rest_route=\/wp\/v2\/posts\/36608\/revisions"}],"predecessor-version":[{"id":36610,"href":"https:\/\/eloficiodehistoriar.com.mx\/index.php?rest_route=\/wp\/v2\/posts\/36608\/revisions\/36610"}],"wp:featuredmedia":[{"embeddable":true,"href":"https:\/\/eloficiodehistoriar.com.mx\/index.php?rest_route=\/wp\/v2\/media\/36609"}],"wp:attachment":[{"href":"https:\/\/eloficiodehistoriar.com.mx\/index.php?rest_route=%2Fwp%2Fv2%2Fmedia&parent=36608"}],"wp:term":[{"taxonomy":"category","embeddable":true,"href":"https:\/\/eloficiodehistoriar.com.mx\/index.php?rest_route=%2Fwp%2Fv2%2Fcategories&post=36608"},{"taxonomy":"post_tag","embeddable":true,"href":"https:\/\/eloficiodehistoriar.com.mx\/index.php?rest_route=%2Fwp%2Fv2%2Ftags&post=36608"}],"curies":[{"name":"wp","href":"https:\/\/api.w.org\/{rel}","templated":true}]}}