{"id":36660,"date":"2024-04-20T12:03:30","date_gmt":"2024-04-20T18:03:30","guid":{"rendered":"https:\/\/eloficiodehistoriar.com.mx\/?p=36660"},"modified":"2024-04-20T12:03:30","modified_gmt":"2024-04-20T18:03:30","slug":"la-mordaz-pluma-de-mariano-azuela-para-quien-la-critica-resultaba-una-practica-que-debia-ejercerse-constantemente","status":"publish","type":"post","link":"https:\/\/eloficiodehistoriar.com.mx\/?p=36660","title":{"rendered":"La mordaz pluma de Mariano Azuela, para quien la cr\u00edtica resultaba una pr\u00e1ctica que deb\u00eda ejercerse constantemente,"},"content":{"rendered":"<h1 class=\"mb-0 font-weight-bold text-7\">Los de abajo<\/h1>\n<h4>Azuela, Mariano<\/h4>\n<p class=\"mb-4\">Los de abajo ha trascendido a la historia como una brillante novela que, documentada tan cuidadosamente como una cr\u00f3nica, logra dejar un valioso testigo de su \u00e9poca. Escrita con la mordaz pluma de Mariano Azuela, para quien la cr\u00edtica resultaba una pr\u00e1ctica que deb\u00eda ejercerse constantemente, Los de abajo narra con crudeza y realismo el transcurrir de la vida de Demetrio Mac\u00edas y su paso por la Revoluci\u00f3n mexicana. Compuesta por la experiencia del autor durante esta \u00e9poca, en la obra se le da la voz a una serie de personajes mediante los cuales Azuela busca acentuar los momentos de triunfo, as\u00ed como los de desesperaci\u00f3n y locura. El resultado de esta polifon\u00eda literaria es un rico retrato de la condici\u00f3n humana y militar que dio forma a ese periodo y que llev\u00f3 a la obra a convertirse en un texto imprescindible para comprenderlo.<\/p>\n<p>Los de abajo, primera obra ubicada dentro del subg\u00e9nero narrativo mexicano conocido como novela de la Revoluci\u00f3n, describe la conformaci\u00f3n y las vicisitudes de un grupo combatiente de campesinos encabezado por Demetrio Mac\u00edas. La novela retrata la vida cotidiana de estos, as\u00ed como sus batallas contra los federales y su alianza con el general Natera para la toma de Zacatecas. Ahora puedes escuchar esta historia en Descarga Cultura.UNAM, en voz de V\u00edctor Duroc.<\/p>\n<p>Esta novela fue publicada por entregas en el peri\u00f3dico El Paso del Norte en 1915, y como libro, editada por el mismo peri\u00f3dico, en 1916. Alcanz\u00f3 gran popularidad cuando se volvi\u00f3 a editar por entregas en 1925 en el peri\u00f3dico El Universal Ilustrado. En sus primeras ediciones inclu\u00eda el subt\u00edtulo \u201cCuadros y escenas de la Revoluci\u00f3n actual\u201d y se convirti\u00f3 en la obra m\u00e1s reconocida de su autor, Mariano Azuela.<\/p>\n<p>Los textos ubicados dentro de la novela de la Revoluci\u00f3n son de corte realista y surgieron como retratos cr\u00edticos de la Revoluci\u00f3n Mexicana, entre los autores que desarrollaron su obra en este subg\u00e9nero tambi\u00e9n se encuentran Mart\u00edn Luis Guzm\u00e1n y Nellie Campobello.<\/p>\n<p>Mariano Azuela (Jalisco, 1873 &#8211; Ciudad de M\u00e9xico, 1952) escribi\u00f3 ensayo, cuento, biograf\u00eda y teatro, pero la de novelista fue su faceta m\u00e1s reconocida y fruct\u00edfera. Durante la Revoluci\u00f3n Mexicana se uni\u00f3 a la lucha carrancista como m\u00e9dico militar y las experiencias recogidas en esos andares ser\u00edan retomadas en su libro Los de abajo y otros sobre aquel periodo hist\u00f3rico de M\u00e9xico. Tambi\u00e9n escribi\u00f3 Los caciques (1917), Las moscas (1918), Las tribulaciones de una familia decente (1918), La malhora (1923), El desquite (1925), La luci\u00e9rnaga (1932), Pedro Moreno, el insurgente (1933-1934), Avanzada (1940), Nueva burgues\u00eda (1941), La mujer domada (1946), Cien a\u00f1os de novela mexicana (1947), La maldici\u00f3n (1955) y Esa sangre (1956).<br \/>\nEste material se puede escuchar en www.descargacultura.unam.mx. Su acceso es gratuito y universal. Es cultura, es f\u00e1cil, es gratis, es para todos, es para llevar, es de la UNAM.<\/p>\n<p>Este material se puede escuchar en www.descargacultura.unam.mx. Su acceso es gratuito y universal. Es cultura, es f\u00e1cil, es gratis, es para todos, es para llevar, es de la UNAM.<\/p>\n<p>&nbsp;<\/p>\n","protected":false},"excerpt":{"rendered":"<p>Los de abajo Azuela, Mariano Los de abajo ha trascendido a la historia como una brillante novela que, documentada tan cuidadosamente como una cr\u00f3nica, logra dejar un valioso testigo de su \u00e9poca. Escrita con la mordaz pluma de Mariano Azuela, para quien la cr\u00edtica resultaba una pr\u00e1ctica que deb\u00eda ejercerse constantemente, Los de abajo narra [&hellip;]<\/p>\n","protected":false},"author":249,"featured_media":36661,"comment_status":"open","ping_status":"closed","sticky":false,"template":"","format":"standard","meta":{"footnotes":""},"categories":[26],"tags":[],"class_list":["post-36660","post","type-post","status-publish","format-standard","has-post-thumbnail","hentry","category-mundo"],"_links":{"self":[{"href":"https:\/\/eloficiodehistoriar.com.mx\/index.php?rest_route=\/wp\/v2\/posts\/36660","targetHints":{"allow":["GET"]}}],"collection":[{"href":"https:\/\/eloficiodehistoriar.com.mx\/index.php?rest_route=\/wp\/v2\/posts"}],"about":[{"href":"https:\/\/eloficiodehistoriar.com.mx\/index.php?rest_route=\/wp\/v2\/types\/post"}],"author":[{"embeddable":true,"href":"https:\/\/eloficiodehistoriar.com.mx\/index.php?rest_route=\/wp\/v2\/users\/249"}],"replies":[{"embeddable":true,"href":"https:\/\/eloficiodehistoriar.com.mx\/index.php?rest_route=%2Fwp%2Fv2%2Fcomments&post=36660"}],"version-history":[{"count":1,"href":"https:\/\/eloficiodehistoriar.com.mx\/index.php?rest_route=\/wp\/v2\/posts\/36660\/revisions"}],"predecessor-version":[{"id":36662,"href":"https:\/\/eloficiodehistoriar.com.mx\/index.php?rest_route=\/wp\/v2\/posts\/36660\/revisions\/36662"}],"wp:featuredmedia":[{"embeddable":true,"href":"https:\/\/eloficiodehistoriar.com.mx\/index.php?rest_route=\/wp\/v2\/media\/36661"}],"wp:attachment":[{"href":"https:\/\/eloficiodehistoriar.com.mx\/index.php?rest_route=%2Fwp%2Fv2%2Fmedia&parent=36660"}],"wp:term":[{"taxonomy":"category","embeddable":true,"href":"https:\/\/eloficiodehistoriar.com.mx\/index.php?rest_route=%2Fwp%2Fv2%2Fcategories&post=36660"},{"taxonomy":"post_tag","embeddable":true,"href":"https:\/\/eloficiodehistoriar.com.mx\/index.php?rest_route=%2Fwp%2Fv2%2Ftags&post=36660"}],"curies":[{"name":"wp","href":"https:\/\/api.w.org\/{rel}","templated":true}]}}