{"id":36663,"date":"2024-04-20T12:16:50","date_gmt":"2024-04-20T18:16:50","guid":{"rendered":"https:\/\/eloficiodehistoriar.com.mx\/?p=36663"},"modified":"2024-04-20T12:20:22","modified_gmt":"2024-04-20T18:20:22","slug":"36663","status":"publish","type":"post","link":"https:\/\/eloficiodehistoriar.com.mx\/?p=36663","title":{"rendered":"Juan Rulfo public\u00f3 \u00abPedro P\u00e1ramo\u00bb\u00a0en marzo de 1955. La novela cuenta dos l\u00edneas de acci\u00f3n"},"content":{"rendered":"<p>Juan Rulfo public\u00f3 <em>Pedro P\u00e1ramo<\/em>\u00a0en marzo de 1955 bajo el sello del\u00a0<a href=\"http:\/\/www.elem.mx\/institucion\/datos\/354\">Fondo de Cultura Econ\u00f3mica<\/a>. La novela cuenta dos grandes l\u00edneas de acci\u00f3n, cada una con su respectivo protagonista: la l\u00ednea y el destino de Juan Preciado y la de su padre, Pedro P\u00e1ramo, \u00edntimamente ligados a los del resto de los personajes. El t\u00edtulo es muy afortunado para una obra que narra los nudos fundamentales de un destino individual: el de un cacique que tiene de tal modo a una comarca en sus manos que cuando en venganza decide cruzarse de brazos, la regi\u00f3n entera decae y acaba despobl\u00e1ndose, hasta convertir a Comala en un pueblo fantasma. De esa forma, unidos a tal punto los destinos del poderoso y del pueblo, el t\u00edtulo alude a la suerte final de ambos: la dura piedra y el desierto asfixiante. Cuando\u00a0<a href=\"http:\/\/elem.mx\/autor\/datos\/970\">Rulfo<\/a>\u00a0escribi\u00f3 esta novela, amenazaba a las letras mexicanas la insistencia de que ya no pod\u00eda escribirse nada valioso sobre el campo y sobre la Revoluci\u00f3n mexicana;\u00a0<em>Pedro P\u00e1ramo<\/em>\u00a0comprob\u00f3 que era posible. Nunca en la literatura mexicana tan pocas palabras han dicho \u2013y dicen\u2013\u00a0tanto como la obra de\u00a0<a href=\"http:\/\/elem.mx\/autor\/datos\/970\">Rulfo<\/a>.<\/p>\n<p>La novela cuenta dos grandes l\u00edneas de acci\u00f3n, cada una con su respectivo protagonista: la l\u00ednea y el destino de Juan Preciado y la de su padre, Pedro P\u00e1ramo, \u00edntimamente ligados a los del resto de los personajes. El t\u00edtulo es muy afortunado para una obra que narra los nudos fundamentales de un destino individual: el de un cacique que tiene de tal modo a una comarca en sus manos que cuando en venganza decide cruzarse de brazos, la regi\u00f3n entera decae y acaba despobl\u00e1ndose, hasta convertir a Comala en un pueblo fantasma. De esa forma, unidos a tal punto los destinos del poderoso y del pueblo, el t\u00edtulo alude a la suerte final de ambos: la dura piedra y el desierto asfixiante. Cuando\u00a0<a href=\"http:\/\/elem.mx\/autor\/datos\/970\">Rulfo<\/a>\u00a0escribi\u00f3 esta novela, amenazaba a las letras mexicanas la insistencia de que ya no pod\u00eda escribirse nada valioso sobre el campo y sobre la Revoluci\u00f3n mexicana;\u00a0<em>Pedro P\u00e1ramo<\/em>\u00a0comprob\u00f3 que era posible. Nunca en la literatura mexicana tan pocas palabras han dicho \u2013y dicen\u2013\u00a0tanto como la obra de\u00a0<a href=\"http:\/\/elem.mx\/autor\/datos\/970\">Rulfo<\/a>.<\/p>\n","protected":false},"excerpt":{"rendered":"<p>Juan Rulfo public\u00f3 Pedro P\u00e1ramo\u00a0en marzo de 1955 bajo el sello del\u00a0Fondo de Cultura Econ\u00f3mica. La novela cuenta dos grandes l\u00edneas de acci\u00f3n, cada una con su respectivo protagonista: la l\u00ednea y el destino de Juan Preciado y la de su padre, Pedro P\u00e1ramo, \u00edntimamente ligados a los del resto de los personajes. El t\u00edtulo [&hellip;]<\/p>\n","protected":false},"author":249,"featured_media":36664,"comment_status":"open","ping_status":"closed","sticky":false,"template":"","format":"standard","meta":{"footnotes":""},"categories":[26],"tags":[],"class_list":["post-36663","post","type-post","status-publish","format-standard","has-post-thumbnail","hentry","category-mundo"],"_links":{"self":[{"href":"https:\/\/eloficiodehistoriar.com.mx\/index.php?rest_route=\/wp\/v2\/posts\/36663","targetHints":{"allow":["GET"]}}],"collection":[{"href":"https:\/\/eloficiodehistoriar.com.mx\/index.php?rest_route=\/wp\/v2\/posts"}],"about":[{"href":"https:\/\/eloficiodehistoriar.com.mx\/index.php?rest_route=\/wp\/v2\/types\/post"}],"author":[{"embeddable":true,"href":"https:\/\/eloficiodehistoriar.com.mx\/index.php?rest_route=\/wp\/v2\/users\/249"}],"replies":[{"embeddable":true,"href":"https:\/\/eloficiodehistoriar.com.mx\/index.php?rest_route=%2Fwp%2Fv2%2Fcomments&post=36663"}],"version-history":[{"count":3,"href":"https:\/\/eloficiodehistoriar.com.mx\/index.php?rest_route=\/wp\/v2\/posts\/36663\/revisions"}],"predecessor-version":[{"id":36667,"href":"https:\/\/eloficiodehistoriar.com.mx\/index.php?rest_route=\/wp\/v2\/posts\/36663\/revisions\/36667"}],"wp:featuredmedia":[{"embeddable":true,"href":"https:\/\/eloficiodehistoriar.com.mx\/index.php?rest_route=\/wp\/v2\/media\/36664"}],"wp:attachment":[{"href":"https:\/\/eloficiodehistoriar.com.mx\/index.php?rest_route=%2Fwp%2Fv2%2Fmedia&parent=36663"}],"wp:term":[{"taxonomy":"category","embeddable":true,"href":"https:\/\/eloficiodehistoriar.com.mx\/index.php?rest_route=%2Fwp%2Fv2%2Fcategories&post=36663"},{"taxonomy":"post_tag","embeddable":true,"href":"https:\/\/eloficiodehistoriar.com.mx\/index.php?rest_route=%2Fwp%2Fv2%2Ftags&post=36663"}],"curies":[{"name":"wp","href":"https:\/\/api.w.org\/{rel}","templated":true}]}}