{"id":36669,"date":"2024-04-21T12:55:36","date_gmt":"2024-04-21T18:55:36","guid":{"rendered":"https:\/\/eloficiodehistoriar.com.mx\/?p=36669"},"modified":"2024-04-21T12:55:36","modified_gmt":"2024-04-21T18:55:36","slug":"la-humanidad-se-encuentra-ante-la-posible-generalizacion-de-la-guerra","status":"publish","type":"post","link":"https:\/\/eloficiodehistoriar.com.mx\/?p=36669","title":{"rendered":"La humanidad se encuentra ante la posible generalizaci\u00f3n de la guerra."},"content":{"rendered":"<div class=\"cabeza\">75 a\u00f1os del Consejo Mundial de la Paz<\/div>\n<div class=\"sumarios\"><\/div>\n<div class=\"credito-articulo\">\u00c1ngel Ch\u00e1vez Mancilla* \/<\/div>\n<div><\/div>\n<div id=\"article-text\" class=\"text\">\n<div class=\"col\">\n<div class=\"inicial\">El eco de los tambores\u00a0de guerra resuena por todo el mundo; a poco m\u00e1s de dos a\u00f1os del comienzo del conflicto armado en Ucrania, producto de la disputa interimperialista entre los bloques encabezados por Estados Unidos y China, que se enfrentan por la c\u00faspide de la pir\u00e1mide imperialista, el cuadro de la situaci\u00f3n mundial se hizo m\u00e1s complejo. Al escenario se a\u00f1adi\u00f3 la oleada de golpes de Estado ocurrida en \u00c1frica, la embestida genocida que el Estado de Israel inici\u00f3 contra el pueblo palestino hace seis meses, la continua tensi\u00f3n en el estrecho de Taiw\u00e1n y los recientes acontecimientos en Medio Oriente.<\/div>\n<p>La lista de conflictos armados podr\u00eda ampliarse, pero con los mencionados basta para se\u00f1alar que la humanidad se encuentra ante la posible generalizaci\u00f3n de la guerra. Ante tal panorama, es menester recordar que los pueblos del mundo cuentan con una amplia experiencia de lucha contra la guerra, que incluye las posiciones pacifistas, la consigna revolucionaria de\u00a0<q>guerra a la guerra<\/q>\u00a0y organismos internacionales como el Consejo Mundial de la Paz (CMP), creado en abril de 1949.<\/p>\n<p>El nacimiento del CMP tuvo como antecedente la reuni\u00f3n del Congreso Mundial de Intelectuales a Favor de la Paz, celebrado en agosto de 1948 en Polonia, acto en el que se acord\u00f3 promover una nueva reuni\u00f3n para estructurar un movimiento mundial por la paz. El momento esperado lleg\u00f3, y el 20 de abril se reuni\u00f3 en Par\u00eds el primer Congreso Mundial de Partidarios por la Paz, que acord\u00f3 la creaci\u00f3n del CMP y nombr\u00f3 dirigente al cient\u00edfico franc\u00e9s y militante comunista Fr\u00e9d\u00e9ric Joliot-Curie.<\/p>\n<p>La creaci\u00f3n del CMP fue impulsada por la Uni\u00f3n Sovi\u00e9tica, considerando que el mundo estaba dividido en dos campos:\u00a0<em>1)<\/em>\u00a0el imperialista y antidemocr\u00e1tico, encabezado por Estados Unidos, y\u00a0<em>2)<\/em>\u00a0el campo antimperialista y democr\u00e1tico, encabezado por la Uni\u00f3n Sovi\u00e9tica; era labor del campo democr\u00e1tico enfrentar las ambiciones guerreristas inherentes al imperialismo, y una manera de hacerlo era crear una organizaci\u00f3n de masas en los pa\u00edses del campo socialista, pero que tambi\u00e9n existiera dentro del campo antidemocr\u00e1tico como medio de generar fisuras en el imperialismo.<\/p>\n<p>La columna vertebral del CMP fueron los partidos comunistas, en colaboraci\u00f3n con grupos de intelectuales prosovi\u00e9ticos, pero tambi\u00e9n del campo democr\u00e1tico, antibelicistas y antimperialistas. Algunas de las personalidades afiliadas al CMP fueron los escritores Pablo Neruda, Jorge Amado, Ili\u00e1 Grig\u00f3rievich Ehrenburg, Howard Fast y Jean-Paul Sartre; cient\u00edficos como John Desmond Bernal, el mencionado Joliot-Curie; artistas como Frida Kahlo, Pablo Picasso y David Alfaro Siqueiros. Tambi\u00e9n participaron en las actividades del CMP miles de trabajadores del campo y la ciudad, mujeres y j\u00f3venes, principalmente de pa\u00edses del bloque socialista y de la zona europea donde se hab\u00eda vivido la barbarie de la guerra y los horrores del nazismo.<\/p>\n<p>El CMP foment\u00f3 un movimiento antib\u00e9lico de car\u00e1cter militante y alejado del pacifismo, dispuesto a confrontar a los impulsores de la guerra, solidario con las luchas antimperialistas de los pueblos de Asia y \u00c1frica. Con los movimientos de liberaci\u00f3n nacional de India y Egipto sustent\u00f3 a los pueblos que defend\u00edan su soberan\u00eda contra la injerencia extranjera, como fue el caso de Corea y Vietnam. Tambi\u00e9n apoy\u00f3 los proyectos de construcci\u00f3n socialista, como el caso de China, y respald\u00f3 la soberan\u00eda de los pueblos de Am\u00e9rica Latina frente a Estados Unidos.<\/p>\n<p>Los a\u00f1os de mayor actividad del CMP fueron entre 1949 y 1955, periodo en el que se efectuaron importantes eventos mundiales sustentados en un movimiento de masas. En marzo de 1950, el CMP aprob\u00f3 el Llamamiento de Estocolmo, con la tarea de recabar firmas de toda la humanidad a favor de prohibir el uso de armas nucleares, y lleg\u00f3 a reunir m\u00e1s de 473 millones de signaturas. Ese mismo a\u00f1o se reuni\u00f3 el segundo congreso mundial del CMP en Varsovia, y expidi\u00f3 un\u00a0<q>manifiesto<\/q>\u00a0en el que se denunci\u00f3 que la vida de la humanidad y sus conquistas culturales estaban en peligro por la guerra. En febrero de 1952, el CMP elabor\u00f3 el Llamamiento de Berl\u00edn, que exhortaba a las cinco grandes potencias (Estados Unidos, la Uni\u00f3n Sovi\u00e9tica, Rep\u00fablica Popular China, Gran Breta\u00f1a y Francia) a firmar un pacto de paz.<\/p>\n<p>Otros eventos de relevancia fueron el Congreso de los Pueblos por la Paz en Viena (1952), donde se conden\u00f3 el uso de armas de destrucci\u00f3n masiva y la Guerra de Corea; la Conferencia Asia-Pac\u00edfico en China (1952), el Congreso Continental de la Cultura en Santiago de Chile en (1953) y la Asamblea Mundial de la Paz en Helsinki (1955). Posteriormente, los trabajos del CMP disminuyeron en parte debido a los cambios pol\u00edticos en la URSS, que, entre otras cosas, dej\u00f3 de considerar el movimiento por la paz como tarea primordial.<\/p>\n<p>El CMP sigue existiendo a 75 a\u00f1os de su fundaci\u00f3n. En la actualidad conserva el estatus de organizaci\u00f3n consultiva en la ONU, tiene su sede en Atenas, Grecia. Contin\u00faa trabajando para fortalecer un nuevo movimiento por la paz de car\u00e1cter militante, dispuesto a oponerse a cualquier bando imperialista que promueva la guerra en beneficio de los monopolios y en detrimento de los pueblos. El CMP es tan vigente como el deseo de una paz duradera, cuya ruta es la misma que hace 75 a\u00f1os: poner fin al imperialismo.<\/p>\n<p>*\u00a0<em>Historiador de la ENAH<\/em><\/p>\n<p>X:\u00a0<a href=\"https:\/\/twitter.com\/@Chavez_Angel_\" target=\"_blank\" rel=\"noopener\">@Chavez_Angel_<\/a><\/p>\n<\/div>\n<\/div>\n","protected":false},"excerpt":{"rendered":"<p>75 a\u00f1os del Consejo Mundial de la Paz \u00c1ngel Ch\u00e1vez Mancilla* \/ El eco de los tambores\u00a0de guerra resuena por todo el mundo; a poco m\u00e1s de dos a\u00f1os del comienzo del conflicto armado en Ucrania, producto de la disputa interimperialista entre los bloques encabezados por Estados Unidos y China, que se enfrentan por la [&hellip;]<\/p>\n","protected":false},"author":249,"featured_media":36670,"comment_status":"open","ping_status":"closed","sticky":false,"template":"","format":"standard","meta":{"footnotes":""},"categories":[26],"tags":[],"class_list":["post-36669","post","type-post","status-publish","format-standard","has-post-thumbnail","hentry","category-mundo"],"_links":{"self":[{"href":"https:\/\/eloficiodehistoriar.com.mx\/index.php?rest_route=\/wp\/v2\/posts\/36669","targetHints":{"allow":["GET"]}}],"collection":[{"href":"https:\/\/eloficiodehistoriar.com.mx\/index.php?rest_route=\/wp\/v2\/posts"}],"about":[{"href":"https:\/\/eloficiodehistoriar.com.mx\/index.php?rest_route=\/wp\/v2\/types\/post"}],"author":[{"embeddable":true,"href":"https:\/\/eloficiodehistoriar.com.mx\/index.php?rest_route=\/wp\/v2\/users\/249"}],"replies":[{"embeddable":true,"href":"https:\/\/eloficiodehistoriar.com.mx\/index.php?rest_route=%2Fwp%2Fv2%2Fcomments&post=36669"}],"version-history":[{"count":1,"href":"https:\/\/eloficiodehistoriar.com.mx\/index.php?rest_route=\/wp\/v2\/posts\/36669\/revisions"}],"predecessor-version":[{"id":36671,"href":"https:\/\/eloficiodehistoriar.com.mx\/index.php?rest_route=\/wp\/v2\/posts\/36669\/revisions\/36671"}],"wp:featuredmedia":[{"embeddable":true,"href":"https:\/\/eloficiodehistoriar.com.mx\/index.php?rest_route=\/wp\/v2\/media\/36670"}],"wp:attachment":[{"href":"https:\/\/eloficiodehistoriar.com.mx\/index.php?rest_route=%2Fwp%2Fv2%2Fmedia&parent=36669"}],"wp:term":[{"taxonomy":"category","embeddable":true,"href":"https:\/\/eloficiodehistoriar.com.mx\/index.php?rest_route=%2Fwp%2Fv2%2Fcategories&post=36669"},{"taxonomy":"post_tag","embeddable":true,"href":"https:\/\/eloficiodehistoriar.com.mx\/index.php?rest_route=%2Fwp%2Fv2%2Ftags&post=36669"}],"curies":[{"name":"wp","href":"https:\/\/api.w.org\/{rel}","templated":true}]}}