{"id":36675,"date":"2024-04-21T13:05:53","date_gmt":"2024-04-21T19:05:53","guid":{"rendered":"https:\/\/eloficiodehistoriar.com.mx\/?p=36675"},"modified":"2024-04-21T13:07:18","modified_gmt":"2024-04-21T19:07:18","slug":"un-actor-malo-de-jorge-cuchi-es-ejemplificar-a-traves-de-una-ficcion-el-grado-de-impunidad-que-priva-en-el-pais","status":"publish","type":"post","link":"https:\/\/eloficiodehistoriar.com.mx\/?p=36675","title":{"rendered":"\u00abUn actor malo\u00bb de Jorge Cuchi,\u00a0es ejemplificar, a trav\u00e9s de una ficci\u00f3n, el grado de impunidad que priva en el pa\u00eds,"},"content":{"rendered":"<div id=\"main-cont\">\n<article>\n<div id=\"article-cont\" class=\"main-cont article-cont analysis\">\n<div class=\"cabeza\">Un actor malo<\/div>\n<div class=\"sumarios\"><\/div>\n<div class=\"credito-articulo\">Carlos Bonfil<\/div>\n<div><\/div>\n<div id=\"article-text\" class=\"text\">\n<div class=\"foto\">\n<div class=\"pie-foto\">La cinta <em>Un actor malo<\/em>, del director mexicano Jorge Cuch\u00ed.<\/div>\n<div><\/div>\n<\/div>\n<div class=\"col col1\">\n<div class=\"inicial\">La f\u00f3rmula publicitaria elegida para <em>Un actor malo<\/em>\u00a0(2023), de Jorge Cuch\u00ed, alude a la terrible realidad que viven a diario miles de mujeres en nuestro pa\u00eds, y que el mismo filme se\u00f1ala en sus cr\u00e9ditos finales con un dato elocuente:\u00a0<q>En M\u00e9xico, 97.5 por ciento de los casos de violaci\u00f3n no se denuncian ni se investigan, y de los casos denunciados s\u00f3lo 5 por ciento avanza lo suficiente para llegar a una sentencia<\/q>. Queda claro que la intenci\u00f3n primera del director y guionista de\u00a0<em>Un actor malo<\/em>\u00a0es ejemplificar, a trav\u00e9s de una ficci\u00f3n, el grado de impunidad que priva en el pa\u00eds, ilustr\u00e1ndolo con el caso de un abuso sexual cometido durante la filmaci\u00f3n de una pel\u00edcula, mismo que, cabe suponer, suele ser un asunto ignorado o desatendido por las autoridades penales, cuando no encubierto y silenciado por el medio cinematogr\u00e1fico que debiera denunciarlo. Parafraseando la publicidad antes citada, se puede preguntar, sin embargo, qu\u00e9 sucede cuando una ficci\u00f3n bienintencionada termina por superar y desvirtuar, con su tono final alarmista y apocal\u00edptico, una realidad tan compleja como la propia violencia de g\u00e9nero.<\/div>\n<p>Durante una primera parte del relato, parecen reunirse venturosamente los mejores ingredientes para una cinta excepcional en el cine mexicano actual. El planteamiento novedoso de un tema abordado \u00faltimamente m\u00e1s por el documental que por la ficci\u00f3n, a excepci\u00f3n de pel\u00edculas tan notables como\u00a0<em>Perfume de violetas<\/em>, Maryse Sistach, 2001;\u00a0<em>Carm\u00edn tropical<\/em>, Rigoberto Perezcano, 2014, o\u00a0<em>Las elegidas<\/em>, David Pablos, 2015, se encaminaba a un tratamiento dram\u00e1tico cercano al cine de litigios jur\u00eddicos sobre cuestiones de g\u00e9nero, como el que con maestr\u00eda realiz\u00f3 el cineasta iran\u00ed Asghar Farhadi en su drama familiar\u00a0<em>Una separaci\u00f3n<\/em>\u00a0(2011), mostrando el doble rasero de una justicia y una moral sexistas que penalizan con mayor rigor a las mujeres. En\u00a0<em>Un actor malo<\/em>\u00a0el rodaje de una pel\u00edcula se detiene cuando Daniel Zavala (Alfonso Dosal), uno de sus actores, abusa de su compa\u00f1era de actuaci\u00f3n Sandra Navarro (Fiona Palomo), transformando, en pocos instantes, en algo muy real la simulaci\u00f3n del acto sexual en una escena de cama. Lo que inicia como una broma entre colegas actores (qu\u00e9 pasar\u00eda si por un momento pasamos a los hechos y tenemos sexo de verdad), deriva en el drama de una violaci\u00f3n en forma de la que Daniel se declara inocente, mientras su compa\u00f1era ultrajada insiste en proceder a una denuncia. El conflicto moral est\u00e1 bien planteado y las actuaciones son muy correctas. A la par de los testigos de la escena y los abogados involucrados, el p\u00fablico deber\u00e1 juzgar cu\u00e1l de los dos personajes dice la verdad en sus aseveraciones y sobre qui\u00e9n recae el mayor peso de la culpa. Una pregunta obsesiva relativa al momento de la violaci\u00f3n (<q>\u00bfPor qu\u00e9 no gritaste?<\/q>) complicar\u00e1 la situaci\u00f3n de Sandra, quien se muestra incapaz de responderla. Por su parte, Daniel se empe\u00f1a en asumir su papel de v\u00edctima de una posible venganza de la joven, mientras parad\u00f3jicamente acepta su culpa y le pide perd\u00f3n.<\/p>\n<\/div>\n<div class=\"col col2\">\n<p>La situaci\u00f3n se complica cuando una compa\u00f1era de la actriz decide subir a las redes sociales el video de la violaci\u00f3n, con el \u00e1nimo de incitar a una reparaci\u00f3n del da\u00f1o por medios extralegales, precipitando la ruina de Daniel y abriendo la v\u00eda a una persecuci\u00f3n y a un linchamiento f\u00edsico. Es aqu\u00ed cuando el tono de la cinta cambia y \u00e9sta se descarrila por completo. Las hordas de feministas encapuchadas y furibundas que persiguen a Daniel son siniestras y tienen m\u00e1s que ver con un relato de paranoia tremendista, tipo\u00a0<em>Muertos vivientes<\/em>\u00a0(\u00a0<em>Invasion of the Body Snatchers<\/em>, Don Siegel, 1956), que con el manejo inteligente de un asunto moral espinoso. Todo se vuelve inveros\u00edmil en lo que ahora es denuncia precipitada de la insensibilidad y el poder de manipulaci\u00f3n t\u00f3xica de las redes sociales. Un \u00e1nimo de venganza de g\u00e9nero obedece a la l\u00f3gica brutalmente reparadora del ojo por ojo, diente por diente. As\u00ed, el p\u00fablico que puso reparos a la cinta\u00a0<em>Nuevo orden<\/em>\u00a0(2020), de Michel Franco, por su pretendido tremendismo social, se topar\u00e1 aqu\u00ed con la obra de un involuntario disc\u00edpulo suyo, para nada aventajado. Trat\u00e1ndose aqu\u00ed de la abusiva generalizaci\u00f3n de una respuesta feminista a la violencia de g\u00e9nero, la cinta\u00a0<em>Un actor malo<\/em>\u00a0podr\u00eda generarle al director una pol\u00e9mica inc\u00f3moda y contraproducente. Un c\u00e1lculo malo.<\/p>\n<p>Se exhibe en la Cinteca Nacional, Cine Tonal\u00e1 y salas comerciales.<\/p>\n<p class=\"email\">\n<\/div>\n<\/div>\n<div class=\"go gui\">\n<div class=\"go-up\"><\/div>\n<\/div>\n<\/div>\n<\/article>\n<\/div>\n<div id=\"interstitialdfpportadas\" data-google-query-id=\"CLK4-Z__04UDFQlHCAQdinkHmg\">\n<div id=\"google_ads_iframe_\/70932171\/interstitial_editorial_0__container__\"><\/div>\n<\/div>\n","protected":false},"excerpt":{"rendered":"<p>Un actor malo Carlos Bonfil La cinta Un actor malo, del director mexicano Jorge Cuch\u00ed. La f\u00f3rmula publicitaria elegida para Un actor malo\u00a0(2023), de Jorge Cuch\u00ed, alude a la terrible realidad que viven a diario miles de mujeres en nuestro pa\u00eds, y que el mismo filme se\u00f1ala en sus cr\u00e9ditos finales con un dato elocuente:\u00a0En [&hellip;]<\/p>\n","protected":false},"author":249,"featured_media":36676,"comment_status":"open","ping_status":"closed","sticky":false,"template":"","format":"standard","meta":{"footnotes":""},"categories":[26],"tags":[],"class_list":["post-36675","post","type-post","status-publish","format-standard","has-post-thumbnail","hentry","category-mundo"],"_links":{"self":[{"href":"https:\/\/eloficiodehistoriar.com.mx\/index.php?rest_route=\/wp\/v2\/posts\/36675","targetHints":{"allow":["GET"]}}],"collection":[{"href":"https:\/\/eloficiodehistoriar.com.mx\/index.php?rest_route=\/wp\/v2\/posts"}],"about":[{"href":"https:\/\/eloficiodehistoriar.com.mx\/index.php?rest_route=\/wp\/v2\/types\/post"}],"author":[{"embeddable":true,"href":"https:\/\/eloficiodehistoriar.com.mx\/index.php?rest_route=\/wp\/v2\/users\/249"}],"replies":[{"embeddable":true,"href":"https:\/\/eloficiodehistoriar.com.mx\/index.php?rest_route=%2Fwp%2Fv2%2Fcomments&post=36675"}],"version-history":[{"count":3,"href":"https:\/\/eloficiodehistoriar.com.mx\/index.php?rest_route=\/wp\/v2\/posts\/36675\/revisions"}],"predecessor-version":[{"id":36679,"href":"https:\/\/eloficiodehistoriar.com.mx\/index.php?rest_route=\/wp\/v2\/posts\/36675\/revisions\/36679"}],"wp:featuredmedia":[{"embeddable":true,"href":"https:\/\/eloficiodehistoriar.com.mx\/index.php?rest_route=\/wp\/v2\/media\/36676"}],"wp:attachment":[{"href":"https:\/\/eloficiodehistoriar.com.mx\/index.php?rest_route=%2Fwp%2Fv2%2Fmedia&parent=36675"}],"wp:term":[{"taxonomy":"category","embeddable":true,"href":"https:\/\/eloficiodehistoriar.com.mx\/index.php?rest_route=%2Fwp%2Fv2%2Fcategories&post=36675"},{"taxonomy":"post_tag","embeddable":true,"href":"https:\/\/eloficiodehistoriar.com.mx\/index.php?rest_route=%2Fwp%2Fv2%2Ftags&post=36675"}],"curies":[{"name":"wp","href":"https:\/\/api.w.org\/{rel}","templated":true}]}}