{"id":36703,"date":"2024-04-23T13:20:12","date_gmt":"2024-04-23T19:20:12","guid":{"rendered":"https:\/\/eloficiodehistoriar.com.mx\/?p=36703"},"modified":"2024-04-23T13:20:12","modified_gmt":"2024-04-23T19:20:12","slug":"david-brading-con-aportes-al-conocimiento-de-la-historia-politica-economica-y-cultural-especialmente-de-mexico","status":"publish","type":"post","link":"https:\/\/eloficiodehistoriar.com.mx\/?p=36703","title":{"rendered":"David Brading con aportes al conocimiento de la historia pol\u00edtica, econ\u00f3mica y cultural, especialmente de M\u00e9xico"},"content":{"rendered":"<div id=\"main-cont\">\n<article>\n<div id=\"article-cont\" class=\"main-cont article-cont actuality\">\n<div class=\"cabeza\">Falleci\u00f3 a los 87 a\u00f1os David Brading, investigador de la historiograf\u00eda novohispana<\/div>\n<div class=\"sumarios\">\n<p><q>M\u00e9xico tiene que encontrar otra inspiraci\u00f3n y otros ideales para definirse como naci\u00f3n<\/q>, opinaba<\/p>\n<\/div>\n<div id=\"article-text\" class=\"text\">\n<div class=\"col col1\">\n<div class=\"credito-autor\">Daniel L\u00f3pez Aguilar<\/div>\n<div class=\"credito-titulo\"><\/div>\n<div class=\"hemero\">La Jornada<\/p>\n<\/div>\n<p class=\"s-s\">El historiador, catedr\u00e1tico, acad\u00e9mico e investigador brit\u00e1nico David A. Brading, reconocido internacionalmente por sus contribuciones bibliogr\u00e1ficas a la historiograf\u00eda mexicana, falleci\u00f3 a los 87 a\u00f1os, inform\u00f3 el Centro de Estudios Latinoamericanos de la Universidad de Cambridge en su red social X.<\/p>\n<p><q>Con gran pesar anunciamos la defunci\u00f3n de David A. Brading, ocurrida el pasado 19 de abril en Cambridge, Inglaterra. El profesor fue uno de los historiadores m\u00e1s distinguidos de Am\u00e9rica Latina. Ofrecemos nuestro m\u00e1s sentido p\u00e9same a su familia<\/q>, se\u00f1al\u00f3 la publicaci\u00f3n difundida en la cuenta\u00a0<a href=\"https:\/\/twitter.com\/@CLAS_Cam\" target=\"_blank\" rel=\"noopener\">@CLAS_Cam,<\/a>\u00a0aunque no se precisaron las causas del deceso.<\/p>\n<p>Autor de una extensa e importante obra, Brading realiz\u00f3 aportes fundamentales al conocimiento de la historia pol\u00edtica, econ\u00f3mica y cultural, especialmente de M\u00e9xico y Per\u00fa, en los periodos colonial y republicano.<\/p>\n<p>Desde la Universidad de Cambridge trabaj\u00f3 incansablemente para estimular y difundir los estudios latinoamericanos en todas sus expresiones, organizando seminarios y congresos y supervisando numerosas tesis doctorales. Sus textos comenzaron a circular en nuestro pa\u00eds a principios de la d\u00e9cada de los sesenta.<\/p>\n<p><q>M\u00e9xico tiene que encontrar otra inspiraci\u00f3n y otros ideales para definirse como naci\u00f3n<\/q>, opinaba el historiador ingl\u00e9s durante el encuentro\u00a0<em>Nacionalismo mexicano, ayer y hoy,<\/em>\u00a0realizado en septiembre de 2003.<\/p>\n<p>En entrevista con\u00a0<em>La Jornada,\u00a0<\/em>a prop\u00f3sito de dicho acto, el acad\u00e9mico puntualizaba que durante la \u00e9poca colonial la religi\u00f3n jug\u00f3 un papel decisivo \u201cen la formaci\u00f3n de lo que se ha llamado el patriotismo criollo.<\/p>\n<p>\u201cLa Nueva Espa\u00f1a fue una sociedad de castas, entre las cuales la dominante estaba conformada por los europeos y los criollos espa\u00f1oles. Ellos fueron lentamente formando la conciencia de ser herederos de un pasado que no era europeo y en ese proceso fue elegida la Virgen de Guadalupe como patrona del pueblo.<\/p>\n<p>\u201cPor eso, no es coincidencia ni simple ocurrencia que Miguel Hidalgo la haya tomado como s\u00edmbolo del movimiento de Independencia de 1810. Ya desde 1746, los obispados, ciudades, ayuntamientos y reino hab\u00edan proclamado a la Guadalupana como su patrona principal. Hidalgo, que por un lado era un cl\u00e9rigo muy instruido y por otro estaba muy cerca del pueblo, conoc\u00eda la fuerza de ese s\u00edmbolo. Sin embargo, entonces a\u00fan no se pod\u00eda hablar de una naci\u00f3n mexicana.<\/p>\n<\/div>\n<div class=\"col col2\">\n<p><q>Es hasta la Revoluci\u00f3n Mexicana que se da el florecimiento de elementos de un verdadero nacionalismo mexicano, con su acento anticlerical. Son tres sus ide\u00f3logos: Andr\u00e9s Molina Enr\u00edquez, Manuel Gamio y Jos\u00e9 Vasconcelos. Lo interesante es que \u00e9stos ten\u00edan ideas muy distintas, pero coincid\u00edan en que sus propuestas no exclu\u00edan a ning\u00fan sector de la poblaci\u00f3n por razones \u00e9tnicas o de clase social, como s\u00ed ocurri\u00f3 durante el porfiriato.<\/q><\/p>\n<p class=\"sumario\">Reconocen su legado<\/p>\n<p class=\"s-s\">En tanto, la comunidad acad\u00e9mica y cultural lament\u00f3 profundamente su partida y reconoci\u00f3 su legado como uno de los historiadores m\u00e1s influyentes en el estudio de la historia de M\u00e9xico, aunado a su dedicaci\u00f3n, erudici\u00f3n y pasi\u00f3n por el conocimiento hist\u00f3rico.<\/p>\n<p>\u201cBrading fue un distinguido estudioso de la historiograf\u00eda novohispana. Fue condecorado con la Orden Mexicana del \u00c1guila Azteca por el gobierno de M\u00e9xico y mereci\u00f3 el doctorado\u00a0<em>honoris causa\u00a0<\/em>otorgado por la Universidad Michoacana de San Nicol\u00e1s de Hidalgo\u201d, inform\u00f3 el Comit\u00e9 Mexicano de Ciencias Hist\u00f3ricas en la red social X.<\/p>\n<p>Nacido en Londres en 1936, obtuvo el doctorado en historia en el University College de Londres. Fue profesor en Berkeley y Yale; trabaj\u00f3 en la Universidad de Cambridge, donde dirigi\u00f3 el Latin American Centre.<\/p>\n<p>Fue miembro corresponsal de la Academia Mexicana de la Historia y autor de las obras\u00a0<em>Mineros y comerciantes en el M\u00e9xico borb\u00f3nico, 1763-1810; Haciendas y ranchos del Baj\u00edo: Le\u00f3n, 1700-1860; Mito y profec\u00eda en la historia de M\u00e9xico,<\/em>\u00a0y\u00a0<em>Orbe indiano: De la monarqu\u00eda cat\u00f3lica a la rep\u00fablica criolla, 1492-1867,\u00a0<\/em>entre otros.<\/p>\n<\/div>\n<\/div>\n<div class=\"go gui\">\n<div class=\"go-up\"><\/div>\n<\/div>\n<\/div>\n<\/article>\n<\/div>\n<div id=\"interstitialdfpportadas\"><\/div>\n","protected":false},"excerpt":{"rendered":"<p>Falleci\u00f3 a los 87 a\u00f1os David Brading, investigador de la historiograf\u00eda novohispana M\u00e9xico tiene que encontrar otra inspiraci\u00f3n y otros ideales para definirse como naci\u00f3n, opinaba Daniel L\u00f3pez Aguilar La Jornada El historiador, catedr\u00e1tico, acad\u00e9mico e investigador brit\u00e1nico David A. Brading, reconocido internacionalmente por sus contribuciones bibliogr\u00e1ficas a la historiograf\u00eda mexicana, falleci\u00f3 a los 87 [&hellip;]<\/p>\n","protected":false},"author":249,"featured_media":36704,"comment_status":"open","ping_status":"closed","sticky":false,"template":"","format":"standard","meta":{"footnotes":""},"categories":[26],"tags":[],"class_list":["post-36703","post","type-post","status-publish","format-standard","has-post-thumbnail","hentry","category-mundo"],"_links":{"self":[{"href":"https:\/\/eloficiodehistoriar.com.mx\/index.php?rest_route=\/wp\/v2\/posts\/36703","targetHints":{"allow":["GET"]}}],"collection":[{"href":"https:\/\/eloficiodehistoriar.com.mx\/index.php?rest_route=\/wp\/v2\/posts"}],"about":[{"href":"https:\/\/eloficiodehistoriar.com.mx\/index.php?rest_route=\/wp\/v2\/types\/post"}],"author":[{"embeddable":true,"href":"https:\/\/eloficiodehistoriar.com.mx\/index.php?rest_route=\/wp\/v2\/users\/249"}],"replies":[{"embeddable":true,"href":"https:\/\/eloficiodehistoriar.com.mx\/index.php?rest_route=%2Fwp%2Fv2%2Fcomments&post=36703"}],"version-history":[{"count":1,"href":"https:\/\/eloficiodehistoriar.com.mx\/index.php?rest_route=\/wp\/v2\/posts\/36703\/revisions"}],"predecessor-version":[{"id":36705,"href":"https:\/\/eloficiodehistoriar.com.mx\/index.php?rest_route=\/wp\/v2\/posts\/36703\/revisions\/36705"}],"wp:featuredmedia":[{"embeddable":true,"href":"https:\/\/eloficiodehistoriar.com.mx\/index.php?rest_route=\/wp\/v2\/media\/36704"}],"wp:attachment":[{"href":"https:\/\/eloficiodehistoriar.com.mx\/index.php?rest_route=%2Fwp%2Fv2%2Fmedia&parent=36703"}],"wp:term":[{"taxonomy":"category","embeddable":true,"href":"https:\/\/eloficiodehistoriar.com.mx\/index.php?rest_route=%2Fwp%2Fv2%2Fcategories&post=36703"},{"taxonomy":"post_tag","embeddable":true,"href":"https:\/\/eloficiodehistoriar.com.mx\/index.php?rest_route=%2Fwp%2Fv2%2Ftags&post=36703"}],"curies":[{"name":"wp","href":"https:\/\/api.w.org\/{rel}","templated":true}]}}