{"id":36709,"date":"2024-04-23T13:33:04","date_gmt":"2024-04-23T19:33:04","guid":{"rendered":"https:\/\/eloficiodehistoriar.com.mx\/?p=36709"},"modified":"2024-04-23T13:33:04","modified_gmt":"2024-04-23T19:33:04","slug":"cuando-un-raramuri-fallece-su-alma-se-va-al-cielo-y-se-transforma-en-estrella-la-mujer-de-estrellas-y-montanas","status":"publish","type":"post","link":"https:\/\/eloficiodehistoriar.com.mx\/?p=36709","title":{"rendered":"Cuando un rar\u00e1muri fallece, su alma se va al cielo y se transforma en estrella.  \u00abLa mujer de estrellas y monta\u00f1as\u00bb\u00a0"},"content":{"rendered":"<div id=\"main-cont\">\n<article>\n<div id=\"article-cont\" class=\"main-cont article-cont actuality\">\n<div class=\"cabeza\"><q>Pese a tab\u00faes occidentales, la rar\u00e1muri Rita Pati\u00f1o siempre pele\u00f3 por su libertad<\/q><\/div>\n<div class=\"sumarios\">\n<p>Este jueves se estrenar\u00e1 el documental\u00a0<em>La mujer de estrellas y monta\u00f1as,<\/em>\u00a0de Santiago Esteineu<\/p>\n<\/div>\n<div id=\"article-text\" class=\"text\">\n<div class=\"foto\">\n<div class=\"pie-foto\">Juan Jos\u00e9 Olivares<\/div>\n<\/div>\n<div class=\"col\">\n<div class=\"credito-titulo\"><\/div>\n<div class=\"hemero\">La Jornada<\/p>\n<\/div>\n<p class=\"s-s\"><q>Cuando un rar\u00e1muri fallece, su alma se va al cielo y se transforma en estrella.<\/q><\/p>\n<p>El pensamiento anterior es parte de una leyenda de esa cultura y, precisamente, lo que retrat\u00f3 Santiago Esteineu en\u00a0<em>La mujer de estrellas y monta\u00f1as,<\/em>\u00a0documental en el que, m\u00e1s que mostrar la injusticia vivida por una tarahumara que pas\u00f3 a\u00f1os internada en un hospital siqui\u00e1trico de Kansas, Estados Unidos, ofrece la bella fotograf\u00eda de un esp\u00edritu libertario.<\/p>\n<p>Rita Pati\u00f1o sali\u00f3 de su comunidad, en el Ca\u00f1\u00f3n de Urique. Emprendi\u00f3 un viaje desde la Sierra Tarahumara hasta Kansas, donde fue detenida por la polic\u00eda mientras se refugiaba adentro de una iglesia.<\/p>\n<p>Huy\u00f3 exiliada por las ideas mis\u00f3ginas y occidentalizadas y, tras caminar y caminar cientos de kil\u00f3metros por el desierto, termin\u00f3 en un lugar lejos de su tierra, donde la frialdad la estigmatiz\u00f3.<\/p>\n<p>En algunos momentos del filme, Pati\u00f1o es encarnada por la actriz y directora \u00c1ngeles Cruz. Esos fragmentos ficcionales son la esencia en el largometraje porque dan la idea de c\u00f3mo esta amante del y\u00famari (rituales de danza y canto) viaj\u00f3 casi sin ser detectada, durmiendo en la salvaje intemperie del desierto, cubierta s\u00f3lo con una cobija de cosmovisi\u00f3n que quiz\u00e1 le dio invisibilidad.<\/p>\n<p>Rita Quintero L\u00f3pez Pati\u00f1o fue\u00a0<q>una mujer rebelde que luch\u00f3 toda su vida por ser libre, indomable<\/q>, comenta a\u00a0<em>La Jornada<\/em>\u00a0Santiago Esteineu, a prop\u00f3sito del estreno de su pel\u00edcula esta semana.<\/p>\n<p>Comenta que comenz\u00f3 su historia desde una visi\u00f3n m\u00e1s legal,\u00a0<q>de exigencia por los derechos humanos, basado en lo que hab\u00eda sido una violaci\u00f3n contra Rita cuando estuvo internada contra su voluntad<\/q>. El caso se conoci\u00f3 incluso period\u00edsticamente y se hizo popular con una obra de teatro de Victor Hugo Rasc\u00f3n Banda, que titul\u00f3\u00a0<em>La mujer que cay\u00f3 del cielo.<\/em><\/p>\n<p>Conforme fueron avanzando en el proceso de creaci\u00f3n, afirma el cineasta, descubrieron qui\u00e9n era ella, c\u00f3mo hab\u00eda sido su vida, y por qu\u00e9 hab\u00eda llegado hasta Kansas.\u00a0<q>Tambi\u00e9n qui\u00e9n era en el presente, y a partir de eso se fue construyendo el relato. Y no hay una respuesta, sino muchas, pero intentamos aproximarnos a lo que fue su vida<\/q>.<\/p>\n<p>Tras el tema jur\u00eddico, se hallaron con una mujer\u00a0<q>de car\u00e1cter, y lo que quisimos fue mostrar parte de todas sus tragedias porque muchas veces no se permite tanta libertad a una ind\u00edgena<\/q>.<\/p>\n<p class=\"sumario\">Seguir o no<\/p>\n<p class=\"s-s\">El documental est\u00e1 lleno de sopresas, adelanta el realizador, \u201cporque a veces, lo que piensas que va a ser lo central, cambia. En este caso pens\u00e1bamos hacer una cinta m\u00e1s observacional, cercana al documental directo, pero en el proceso y tras dos a\u00f1os, Rita falleci\u00f3 y nos surgi\u00f3 la pegunta de si seguir o no porque, \u00bfc\u00f3mo haces una pel\u00edcula en la que tu protagonista no est\u00e1? Fue ah\u00ed que Pablo Tamez, el sonidista, me coment\u00f3 que hab\u00eda hecho una pel\u00edcula con \u00c1ngeles Cruz, y de ah\u00ed sali\u00f3 la idea de contactarla y proponerle sumarse (para representar a Rita).<\/p>\n<p><q>\u00c1ngeles enriqueci\u00f3 el proyecto porque tuve la ventaja de poder trabajar con una extraordinaria actriz y directora, una mujer ind\u00edgena que es un punto de referencia.<\/q><\/p>\n<p>Por todas las vivencias que tuvo en la comunidad, de la que se tuvo que ganar la confianza, el director se\u00f1ala que esta pel\u00edcula\u00a0<q>fue toda una vivencia. Al tiempo de conocer una parte de nuestro pa\u00eds que a veces nos puede resultar distante<\/q>.<\/p>\n<p>Parte fundamental en la historia de Rita es su sobrina Juanita, el personaje m\u00e1s iluminador del filme. Al final de los d\u00edas de Rita, la cuida y procura y recuerda que cuando era ni\u00f1a ve\u00eda a su t\u00eda \u201cbajo un \u00e1rbol, tejiendo, cantanto, siendo libre\u2026\u201d<\/p>\n<p><q>Juanita y yo nos hicimos grandes amigos<\/q>, comparte Santiago. \u201cUna de las primeras preguntas que le hice fue: \u2018\u00bfpor qu\u00e9 cuidas de tu t\u00eda?\u2019 Su respuesta fue simple pero destellante: \u2018nada m\u00e1s porque es mi t\u00eda\u2019. Ella ten\u00eda esta cuesti\u00f3n de cumplir con lo que deb\u00eda hacer\u201d.<\/p>\n<p>Ambas \u201cvivieron circustancias muy dif\u00edciles, de mucha violencia dentro de su comunidad, no s\u00f3lo en la sierra, sino en la ciudad de Chihuahua, donde pr\u00e1cticamente tuvieron que abandonar su casa, la cual hab\u00edan hecho con esfuerzo, y pese a esto volvieron a la sierra juntas. Creo eso da muchas lecciones\u2026\u201d, asegura el director.<\/p>\n<p>Dar voz a personas como Juanita,\u00a0<q>que dan su vida para apoyar al otro parece heroico, pero por eso est\u00e1 en el filme y tienen la partipaci\u00f3n que tiene. Si no hubiera una Juanita, Rita no hubiera llegado a los 83 a\u00f1os<\/q>.<\/p>\n<p><em>La mujer de estrellas y monta\u00f1as,\u00a0<\/em>distribuida por Piano, cuya cinefotograf\u00eda es de Axel Pedraza, abre su corrida comercial a partir de este jueves.<\/p>\n<\/div>\n<\/div>\n<div class=\"go gui\">\n<div class=\"go-next\"><\/div>\n<div class=\"go-up\"><\/div>\n<\/div>\n<\/div>\n<\/article>\n<\/div>\n<div id=\"interstitialdfpportadas\"><\/div>\n","protected":false},"excerpt":{"rendered":"<p>Pese a tab\u00faes occidentales, la rar\u00e1muri Rita Pati\u00f1o siempre pele\u00f3 por su libertad Este jueves se estrenar\u00e1 el documental\u00a0La mujer de estrellas y monta\u00f1as,\u00a0de Santiago Esteineu Juan Jos\u00e9 Olivares La Jornada Cuando un rar\u00e1muri fallece, su alma se va al cielo y se transforma en estrella. El pensamiento anterior es parte de una leyenda de [&hellip;]<\/p>\n","protected":false},"author":249,"featured_media":36710,"comment_status":"open","ping_status":"closed","sticky":false,"template":"","format":"standard","meta":{"footnotes":""},"categories":[26],"tags":[],"class_list":["post-36709","post","type-post","status-publish","format-standard","has-post-thumbnail","hentry","category-mundo"],"_links":{"self":[{"href":"https:\/\/eloficiodehistoriar.com.mx\/index.php?rest_route=\/wp\/v2\/posts\/36709","targetHints":{"allow":["GET"]}}],"collection":[{"href":"https:\/\/eloficiodehistoriar.com.mx\/index.php?rest_route=\/wp\/v2\/posts"}],"about":[{"href":"https:\/\/eloficiodehistoriar.com.mx\/index.php?rest_route=\/wp\/v2\/types\/post"}],"author":[{"embeddable":true,"href":"https:\/\/eloficiodehistoriar.com.mx\/index.php?rest_route=\/wp\/v2\/users\/249"}],"replies":[{"embeddable":true,"href":"https:\/\/eloficiodehistoriar.com.mx\/index.php?rest_route=%2Fwp%2Fv2%2Fcomments&post=36709"}],"version-history":[{"count":1,"href":"https:\/\/eloficiodehistoriar.com.mx\/index.php?rest_route=\/wp\/v2\/posts\/36709\/revisions"}],"predecessor-version":[{"id":36711,"href":"https:\/\/eloficiodehistoriar.com.mx\/index.php?rest_route=\/wp\/v2\/posts\/36709\/revisions\/36711"}],"wp:featuredmedia":[{"embeddable":true,"href":"https:\/\/eloficiodehistoriar.com.mx\/index.php?rest_route=\/wp\/v2\/media\/36710"}],"wp:attachment":[{"href":"https:\/\/eloficiodehistoriar.com.mx\/index.php?rest_route=%2Fwp%2Fv2%2Fmedia&parent=36709"}],"wp:term":[{"taxonomy":"category","embeddable":true,"href":"https:\/\/eloficiodehistoriar.com.mx\/index.php?rest_route=%2Fwp%2Fv2%2Fcategories&post=36709"},{"taxonomy":"post_tag","embeddable":true,"href":"https:\/\/eloficiodehistoriar.com.mx\/index.php?rest_route=%2Fwp%2Fv2%2Ftags&post=36709"}],"curies":[{"name":"wp","href":"https:\/\/api.w.org\/{rel}","templated":true}]}}