{"id":36712,"date":"2024-04-23T13:38:13","date_gmt":"2024-04-23T19:38:13","guid":{"rendered":"https:\/\/eloficiodehistoriar.com.mx\/?p=36712"},"modified":"2024-04-23T13:38:13","modified_gmt":"2024-04-23T19:38:13","slug":"octavio-paz-lozano-poeta-y-ensayista","status":"publish","type":"post","link":"https:\/\/eloficiodehistoriar.com.mx\/?p=36712","title":{"rendered":"Octavio Paz Lozano. Poeta y ensayista"},"content":{"rendered":"<div id=\"CapaNum1_Objeto_1\">\n<div class=\"headings\">\n<h1>Octavio Paz.<\/h1>\n<h1>Biograf\u00eda<\/h1>\n<\/div>\n<\/div>\n<div id=\"CapaNum1_Objeto_2\">\n<div class=\"menu_horiz_barras\">\n<ul class=\"bor-izq-barras\">\n<li><\/li>\n<\/ul>\n<\/div>\n<\/div>\n<div id=\"CapaNum1_Objeto_3\">\n<div class=\"not_completa_fotofloat_dcha\">\n<p><strong>Octavio Paz Lozano<\/strong>.<\/p>\n<p>(M\u00e9xico D.F., 31 de marzo de 1914 &#8211; Coyoac\u00e1n, M\u00e9xico, 19 de abril de 1998). Poeta y ensayista mexicano. Premio Nobel de Literatura en 1990.<\/p>\n<p>A los diecisiete a\u00f1os publica sus primeros poemas en la revista\u00a0Barandal\u00a0(1931). Posteriormente dirige las revistas\u00a0Taller\u00a0(1939) e\u00a0Hijo pr\u00f3digo\u00a0(1943). En un viaje a Espa\u00f1a contacta con intelectuales de la rep\u00fablica espa\u00f1ola y con Pablo Neruda, contactos que le influencian fuertemente en su po\u00e9tica.<\/p>\n<p>Despu\u00e9s de publicar\u00a0Luna Silvestre\u00a0(1933) y el poemario dedicado a la guerra civil espa\u00f1ola\u00a0\u00a1No pasar\u00e1n! (1936), edita\u00a0Ra\u00edz del hombre\u00a0(1937),\u00a0Bajo tu clara sombra\u00a0(1937),\u00a0Entre la piedra y la flor\u00a0(1941) y\u00a0A la orilla del mundo\u00a0(1942).<\/p>\n<p>En 1944, con una beca Guggenheim, pasa un a\u00f1o en Estados Unidos. En 1945 entra en el Servicio Exterior Mexicano y es enviado a Par\u00eds. Durante este periodo se aleja del marxismo al entrar en contacto con los poetas surrealistas y otros intelectuales europeos e hipanoamericanos.<\/p>\n<p>Llegando a la d\u00e9cada de 1950 publica cuatro libros fundamentales:\u00a0Libertad bajo palabra\u00a0(1949)\u00a0,\u00a0El laberinto de la soledad\u00a0(1950), retrato de la sociedad mexicana,\u00a0\u00bf\u00c1guila o sol?\u00a0(1951), libro de prosa de influencia surrealista, y\u00a0El arco y la lira\u00a0(1956).<\/p>\n<p>Su obra, extensa y variada, se completa con numerosos poemarios y libros ensay\u00edsticos, entre los cuales cabe citar\u00a0Cuadrivio\u00a0(1965),\u00a0Ladera este\u00a0(1968),\u00a0Toponemas\u00a0(1969),\u00a0Discos visuales\u00a0(1969),\u00a0El signo y el garabato\u00a0(1973),\u00a0Mono gram\u00e1tico\u00a0(1974),\u00a0Pasado en claro\u00a0(1975),\u00a0Sombras de obras\u00a0(1983) y\u00a0La llama doble (1993).<\/p>\n<p>En 1981 es galardonado con el Premio Cervantes. En 1999 aparecen, p\u00f3stumamente,\u00a0Figuras y figuraciones\u00a0y\u00a0Memorias y palabras, epistolario entre Octavio Paz y Pere Gimferrer entre los a\u00f1os 1966 y 1997.<\/p>\n<\/div>\n<\/div>\n","protected":false},"excerpt":{"rendered":"<p>Octavio Paz. Biograf\u00eda Octavio Paz Lozano. (M\u00e9xico D.F., 31 de marzo de 1914 &#8211; Coyoac\u00e1n, M\u00e9xico, 19 de abril de 1998). Poeta y ensayista mexicano. Premio Nobel de Literatura en 1990. A los diecisiete a\u00f1os publica sus primeros poemas en la revista\u00a0Barandal\u00a0(1931). Posteriormente dirige las revistas\u00a0Taller\u00a0(1939) e\u00a0Hijo pr\u00f3digo\u00a0(1943). En un viaje a Espa\u00f1a contacta con [&hellip;]<\/p>\n","protected":false},"author":249,"featured_media":36713,"comment_status":"open","ping_status":"closed","sticky":false,"template":"","format":"standard","meta":{"footnotes":""},"categories":[26],"tags":[],"class_list":["post-36712","post","type-post","status-publish","format-standard","has-post-thumbnail","hentry","category-mundo"],"_links":{"self":[{"href":"https:\/\/eloficiodehistoriar.com.mx\/index.php?rest_route=\/wp\/v2\/posts\/36712","targetHints":{"allow":["GET"]}}],"collection":[{"href":"https:\/\/eloficiodehistoriar.com.mx\/index.php?rest_route=\/wp\/v2\/posts"}],"about":[{"href":"https:\/\/eloficiodehistoriar.com.mx\/index.php?rest_route=\/wp\/v2\/types\/post"}],"author":[{"embeddable":true,"href":"https:\/\/eloficiodehistoriar.com.mx\/index.php?rest_route=\/wp\/v2\/users\/249"}],"replies":[{"embeddable":true,"href":"https:\/\/eloficiodehistoriar.com.mx\/index.php?rest_route=%2Fwp%2Fv2%2Fcomments&post=36712"}],"version-history":[{"count":1,"href":"https:\/\/eloficiodehistoriar.com.mx\/index.php?rest_route=\/wp\/v2\/posts\/36712\/revisions"}],"predecessor-version":[{"id":36714,"href":"https:\/\/eloficiodehistoriar.com.mx\/index.php?rest_route=\/wp\/v2\/posts\/36712\/revisions\/36714"}],"wp:featuredmedia":[{"embeddable":true,"href":"https:\/\/eloficiodehistoriar.com.mx\/index.php?rest_route=\/wp\/v2\/media\/36713"}],"wp:attachment":[{"href":"https:\/\/eloficiodehistoriar.com.mx\/index.php?rest_route=%2Fwp%2Fv2%2Fmedia&parent=36712"}],"wp:term":[{"taxonomy":"category","embeddable":true,"href":"https:\/\/eloficiodehistoriar.com.mx\/index.php?rest_route=%2Fwp%2Fv2%2Fcategories&post=36712"},{"taxonomy":"post_tag","embeddable":true,"href":"https:\/\/eloficiodehistoriar.com.mx\/index.php?rest_route=%2Fwp%2Fv2%2Ftags&post=36712"}],"curies":[{"name":"wp","href":"https:\/\/api.w.org\/{rel}","templated":true}]}}