{"id":36743,"date":"2024-04-26T11:38:49","date_gmt":"2024-04-26T17:38:49","guid":{"rendered":"https:\/\/eloficiodehistoriar.com.mx\/?p=36743"},"modified":"2024-04-26T11:38:49","modified_gmt":"2024-04-26T17:38:49","slug":"el-sonido-retro-fue-el-encargado-de-armar-el-toquin-con-la-musica-en-las-venas-en-el-cenart","status":"publish","type":"post","link":"https:\/\/eloficiodehistoriar.com.mx\/?p=36743","title":{"rendered":"El Sonido Retro fue el encargado de armar el toqu\u00edn, \u00abCon la m\u00fasica en las venas\u00bb en el Cenart"},"content":{"rendered":"<div id=\"main-cont\">\n<article>\n<div id=\"article-cont\" class=\"main-cont article-cont actuality\">\n<div class=\"cabeza\">Sonido Retro arma un gran\u00a0<q>baile callejero<\/q>\u00a0en la Plaza del Cenart<\/div>\n<div class=\"sumarios\"><\/div>\n<div id=\"article-text\" class=\"text\">\n<div class=\"foto\">\n<div class=\"pie-foto\">David Mendoza Arellano particip\u00f3 en el ciclo <em>Con la m\u00fasica en las venas<\/em>.<\/div>\n<div><\/div>\n<\/div>\n<div class=\"col col1\">\n<div class=\"credito-autor\">Israel Campos Mondrag\u00f3n<\/div>\n<div class=\"credito-titulo\"><\/div>\n<div class=\"hemero\">La Jornada<\/div>\n<div class=\"hemero\">\nLa Plaza del Centro Nacional de las Artes (Cenart) se convirti\u00f3 en sede de\u00a0<q>un baile callejero<\/q>, donde casi cuatro mil asistentes\u00a0<q>movieron las caderas<\/q>\u00a0en la pista, ubicada en las escalinatas y el escenario de ese recinto.<\/div>\n<p>El Sonido Retro fue el encargado de armar la fiesta en el segundo\u00a0<q>toqu\u00edn<\/q>, celebrado el mi\u00e9rcoles, como parte del ciclo\u00a0<em>Con la m\u00fasica en las venas: Sonideros en el Cenart.<\/em>\u00a0Comparti\u00f3 temas de diferentes ritmos como salsa, cumbia y hasta high energy.<\/p>\n<p>Originario de la alcald\u00eda Iztapalapa, David Mendoza Arellano, quien est\u00e1 detr\u00e1s de los controles del Sonido Retro, utiliz\u00f3 s\u00f3lo discos de vinilo de 33 revoluciones. Comenz\u00f3 con un fragmento del g\u00e9nero high energy, para seguir con el cumbi\u00f3n llamado\u00a0<em>Mu\u00f1eca esquiva,<\/em>\u00a0de Miguel \u00c1ngel, pero los reproductores se encapricharon y tuvo que saltar a la cumbia sicod\u00e9lica\u00a0<em>La danza de los mirlos.<\/em><\/p>\n<p>El p\u00fablico lleg\u00f3 poco a poco al Cenart. De inmediato, se formaron las parejas y empezaron a bailar.<\/p>\n<p>Sonido Retro siempre mostraba las car\u00e1tulas de los discos que reproduc\u00eda, unos con m\u00e1s de 30 a\u00f1os de haber sido publicados. Tambi\u00e9n puso el tema original de\u00a0<em>Cumbia Lorana,<\/em>\u00a0lanzada en los a\u00f1os 60.<\/p>\n<p><q>V\u00e1monos con una canci\u00f3n de la vida real<\/q>, afirm\u00f3 el sonidero antes de que sonara\u00a0<em>Entre la espada y la pared,<\/em>\u00a0tema de salsa que los asistentes cantaron y bailaron. Despu\u00e9s le sigui\u00f3\u00a0<em>No te voy a querer,<\/em>\u00a0del mismo g\u00e9nero, como\u00a0<q>para tomar a tu pareja por la cintura y darle unas vueltas calmadas<\/q>, invit\u00f3.<\/p>\n<p>Sonido retro cuenta con un acervo de alrededor de 6 mil discos de vinilo de distintos g\u00e9neros; adem\u00e1s, se caracteriza por crear cajas ac\u00fasticas artesanales, llamadas roperos,\u00a0<em>tweeteras<\/em>\u00a0y trompetas que dieron un sonidocaracter\u00edstico a los bailes callejeros de la ciudad. En esta ocasi\u00f3n, Mendoza Arellano utiliz\u00f3 10 por ciento de su equipamiento.<\/p>\n<p class=\"sumario\"><q>Roperitos<\/q>, trompetas y saludos<\/p>\n<p class=\"s-s\">Un par de\u00a0<q>roperitos<\/q>\u00a0y cuatro trompetas bastaron para que la m\u00fasica retumbara en el Cenart y en el pecho de los asistentes.<\/p>\n<p>Los cl\u00e1sicos saludos no faltaron; esta vez se lanzaron entre cada canci\u00f3n para que el p\u00fablico disfrutara de los temas completos, sin interrupciones.<\/p>\n<\/div>\n<div class=\"col col2\">\n<p><q>Se vale sacar a bailar<\/q>, expres\u00f3 Sonido Retro antes de reproducir<em>\u00a0La salsa de la naturaleza,<\/em>\u00a0que logr\u00f3 una gran postal capitalina de los bailarines espont\u00e1neos que llenaron la plaza.<\/p>\n<p>Continuaron los temas\u00a0<em>Sorbito de champa\u00f1a,<\/em>\u00a0de Pastor L\u00f3pez, y\u00a0<em>Te espero en el cielo,<\/em>\u00a0de la Sonora Ca\u00f1onera, la mayor\u00eda de los j\u00f3venes reconocieron esos temas y empezaron a sacar sus mejores pasos y algunas parejas hac\u00edan piruetas, fue todo un baile en el que los asistentes mostraron sus habilidades.<\/p>\n<p>Tambi\u00e9n sonaron canciones de La Sonora Matancera, considerada mam\u00e1 de los pollitos, as\u00ed como un son montuno de Federico y su Combo Latino. Se escuch\u00f3 y bail\u00f3\u00a0<q>una cumbia perrona<\/q>\u00a0llamada\u00a0<em>Coraz\u00f3n andino,<\/em>\u00a0del Grupo Los Chapis, de Per\u00fa. Con el tema\u00a0<em>Dese\u00e1ndote,<\/em>\u00a0de Frankie Ruiz, el p\u00fablico cant\u00f3 a todo pulm\u00f3n.<\/p>\n<p>Lleg\u00f3 la noche y con ella el tema\u00a0<em>Reyes del amor,<\/em>\u00a0que al igual que la edici\u00f3n pasada, los asistentes cantaron con emoci\u00f3n; adem\u00e1s, Sonido Retro comparti\u00f3 una canci\u00f3n de high energy,\u00a0<q>ritmo que siempre acompa\u00f1\u00f3 a los sonideros<\/q>, agreg\u00f3.<\/p>\n<p>Nadie quer\u00eda irse a casa, pero, como sostuvo Mendoza Arellano,\u00a0<q>tenemos que seguir las reglas para que vuelvan a invitar a los sonidos a este recinto cultural<\/q>. As\u00ed fue que concluy\u00f3 la segunda edici\u00f3n del ciclo\u00a0<em>Con la m\u00fasica en las venas: Sonideros en el Cenart.<\/em><\/p>\n<p>Sonido Retro naci\u00f3 como una plataforma para visibilizar a los personajes del movimiento de m\u00fasica callejera de mediados de los a\u00f1os 70 a principios de los 90, periodo considerado la \u00e9poca de oro de los sonideros; adem\u00e1s, apoy\u00f3 al movimiento sonidero actual y fue en sus instalaciones donde se redact\u00f3 la solicitud formal para declararlo patrimonio cultural inmaterial de la Ciudad de M\u00e9xico, en 2023.<\/p>\n<p>En ese lugar, tambi\u00e9n se llevan a cabo convivencias sonideras que cada a\u00f1o re\u00fanen a miles de personas que recuerdan junto con los sonideros m\u00e1s antiguos el origen y consolidaci\u00f3n de esa cultura en la memoria colectiva de la ciudad.<\/p>\n<p>El Cenart es la primera sede cultural en la Ciudad de M\u00e9xico que alberga a la cultura sonidera, fen\u00f3meno social que surgi\u00f3 en la d\u00e9cada de 1960 en barrios populares como Tepito, El Pe\u00f1\u00f3n de los Ba\u00f1os, San Juan de Arag\u00f3n y Tacubaya.<\/p>\n<\/div>\n<\/div>\n<div class=\"go gui\">\n<div class=\"go-up\"><\/div>\n<\/div>\n<\/div>\n<\/article>\n<\/div>\n<div id=\"interstitialdfpportadas\"><\/div>\n","protected":false},"excerpt":{"rendered":"<p>Sonido Retro arma un gran\u00a0baile callejero\u00a0en la Plaza del Cenart David Mendoza Arellano particip\u00f3 en el ciclo Con la m\u00fasica en las venas. Israel Campos Mondrag\u00f3n La Jornada La Plaza del Centro Nacional de las Artes (Cenart) se convirti\u00f3 en sede de\u00a0un baile callejero, donde casi cuatro mil asistentes\u00a0movieron las caderas\u00a0en la pista, ubicada en [&hellip;]<\/p>\n","protected":false},"author":249,"featured_media":36744,"comment_status":"open","ping_status":"closed","sticky":false,"template":"","format":"standard","meta":{"footnotes":""},"categories":[26],"tags":[],"class_list":["post-36743","post","type-post","status-publish","format-standard","has-post-thumbnail","hentry","category-mundo"],"_links":{"self":[{"href":"https:\/\/eloficiodehistoriar.com.mx\/index.php?rest_route=\/wp\/v2\/posts\/36743","targetHints":{"allow":["GET"]}}],"collection":[{"href":"https:\/\/eloficiodehistoriar.com.mx\/index.php?rest_route=\/wp\/v2\/posts"}],"about":[{"href":"https:\/\/eloficiodehistoriar.com.mx\/index.php?rest_route=\/wp\/v2\/types\/post"}],"author":[{"embeddable":true,"href":"https:\/\/eloficiodehistoriar.com.mx\/index.php?rest_route=\/wp\/v2\/users\/249"}],"replies":[{"embeddable":true,"href":"https:\/\/eloficiodehistoriar.com.mx\/index.php?rest_route=%2Fwp%2Fv2%2Fcomments&post=36743"}],"version-history":[{"count":1,"href":"https:\/\/eloficiodehistoriar.com.mx\/index.php?rest_route=\/wp\/v2\/posts\/36743\/revisions"}],"predecessor-version":[{"id":36745,"href":"https:\/\/eloficiodehistoriar.com.mx\/index.php?rest_route=\/wp\/v2\/posts\/36743\/revisions\/36745"}],"wp:featuredmedia":[{"embeddable":true,"href":"https:\/\/eloficiodehistoriar.com.mx\/index.php?rest_route=\/wp\/v2\/media\/36744"}],"wp:attachment":[{"href":"https:\/\/eloficiodehistoriar.com.mx\/index.php?rest_route=%2Fwp%2Fv2%2Fmedia&parent=36743"}],"wp:term":[{"taxonomy":"category","embeddable":true,"href":"https:\/\/eloficiodehistoriar.com.mx\/index.php?rest_route=%2Fwp%2Fv2%2Fcategories&post=36743"},{"taxonomy":"post_tag","embeddable":true,"href":"https:\/\/eloficiodehistoriar.com.mx\/index.php?rest_route=%2Fwp%2Fv2%2Ftags&post=36743"}],"curies":[{"name":"wp","href":"https:\/\/api.w.org\/{rel}","templated":true}]}}