{"id":36746,"date":"2024-04-26T11:46:43","date_gmt":"2024-04-26T17:46:43","guid":{"rendered":"https:\/\/eloficiodehistoriar.com.mx\/?p=36746"},"modified":"2024-04-26T11:46:43","modified_gmt":"2024-04-26T17:46:43","slug":"ya-se-cobra-la-entrada-a-venecia-protestas-venecia-no-se-vende-se-defiende-informo-corriere-del-veneto","status":"publish","type":"post","link":"https:\/\/eloficiodehistoriar.com.mx\/?p=36746","title":{"rendered":"Ya se cobra la entrada a Venecia, protestas:\u00a0\u00abVenecia no se vende, se defiende\u00bb inform\u00f3 \u00abCorriere del Veneto\u00bb."},"content":{"rendered":"<div class=\"cabeza\">Venecia: empieza cobro de ingreso a turistas en medio de protestas<\/div>\n<div class=\"sumarios\">\n<p>Las manifestaciones causaron la movilizaci\u00f3n policial \/\/ En un a\u00f1o, 30 millones visitan la ciudad<\/p>\n<\/div>\n<div id=\"article-text\" class=\"text\">\n<div class=\"foto\">\n<div class=\"pie-foto\">Vigilantes controlan el acceso al c\u00f3digo QR de los turistas fuera de la principal estaci\u00f3n de tren de Venecia.<\/div>\n<div><\/div>\n<\/div>\n<div class=\"col\">\n<div class=\"credito-autor\">De la Redacci\u00f3n<\/div>\n<div class=\"credito-titulo\"><\/div>\n<div class=\"hemero\">La Jornada<\/p>\n<\/div>\n<p class=\"s-s\">El d\u00eda en el que entr\u00f3 en vigor la medida que cobra la entrada a Venecia, comit\u00e9s de vivienda y grupos ecologistas de esa ciudad protestaron con consignas como:\u00a0<q>Venecia no se vende, se defiende<\/q>\u00a0y \u201cNo\u00a0<em>tickets,<\/em>\u00a0s\u00ed a viviendas y servicios para todos\u201d. Adem\u00e1s, imprimieron boletos falsos que simulaban una entrada a\u00a0<q>Veniceland<\/q>, en alusi\u00f3n al parque de diversiones de Disney, inform\u00f3 el medio local\u00a0<em>Corriere del Veneto.<\/em><\/p>\n<p>Las movilizaciones generaron escaramuzas con el cuerpo policial veneciano, en medio de cr\u00edticas al alcalde Luigi Brugnaro y el ayuntamiento por la decisi\u00f3n\u00a0<q>inaceptable<\/q>\u00a0de imponer reservas para la visita a Venecia.<\/p>\n<p>Desde que la medida se anunci\u00f3, se vendieron en l\u00ednea aproximadamente 10 mil entradas, indic\u00f3 el responsable adjunto de Turismo de la ciudad, Simone Venturini.<\/p>\n<p>Los boletos, que se presentan en forma de c\u00f3digos QR, tienen que mostrarse a los vigilantes concentrados sobre todo en la estaci\u00f3n de tren de Santa Luc\u00eda, principal acceso de esta famosa localidad.<\/p>\n<p class=\"sumario\">Entrada en 92 pesos<\/p>\n<p class=\"s-s\">Cualquiera que desee visitar la ciudad para contemplar\u00a0<q>la graciosa magnificencia del palacio y del Puente de los Suspiros, las columnas con santos y leones, la fachada pomposa del fant\u00e1stico templo, la puerta y el gran reloj<\/q>, tendr\u00e1 que pagar 5 euros (92 pesos) para acceder, entre 8:30 y 16 horas, en primavera y verano.<\/p>\n<p>En caso de no comprar la entrada v\u00eda web es posible conseguirla en un quiosco mediante pago en efectivo, con la enorme fila que conlleva. Aquellos que sean sorprendidos sin permiso se arriesgan a recibir una multa de hasta 500 euros (9 mil 231 pesos).<\/p>\n<p>Alrededor de 30 millones de turistas visitan Venecia en un a\u00f1o t\u00edpico; aproximadamente, siete de cada 10 se quedan s\u00f3lo un d\u00eda.<\/p>\n<p>Justo antes de la pandemia, la Organizaci\u00f3n de Naciones Unidas para la Educaci\u00f3n, la Ciencia y la Cultura advirti\u00f3 que \u201cel \u2018Valor Universal Excepcional\u2019 de Venecia, sello distintivo de cada bien del patrimonio mundial\u201d est\u00e1 en peligro, y mostr\u00f3 preocupaci\u00f3n por\u00a0<q>el exceso de turismo, los posibles efectos negativos de los nuevos desarrollos y la falta de sistema de gesti\u00f3n integrado<\/q>.<\/p>\n<p>Menores de 14 a\u00f1os y turistas que pasan la noche en hoteles de Venecia est\u00e1n exentos de la tarifa, aunque estos \u00faltimos deben registrarse y obtener el c\u00f3digo que les permita pasar los controles al azar de los funcionarios.<\/p>\n<p>Sin embargo, esta medida tiene un alcance muy limitado, pues se inform\u00f3 que durante 2024, s\u00f3lo 29 d\u00edas de gran afluencia tur\u00edstica se aplicar\u00e1 esta norma que comenz\u00f3 ayer con el D\u00eda de la Liberaci\u00f3n de Italia, que conmemora la lucha del movimiento de resistencia contra el fascismo durante la Segunda Guerra Mundial.<\/p>\n<p>Como premonici\u00f3n, Thomas Mann escribi\u00f3:\u00a0<q>Venecia, la bella insinuante y sospechosa; ciudad encantada de un lado, y trampa para los extranjeros de otro<\/q>.<\/p>\n<p>(Con informaci\u00f3n de The Independent y Afp)<\/p>\n<\/div>\n<\/div>\n","protected":false},"excerpt":{"rendered":"<p>Venecia: empieza cobro de ingreso a turistas en medio de protestas Las manifestaciones causaron la movilizaci\u00f3n policial \/\/ En un a\u00f1o, 30 millones visitan la ciudad Vigilantes controlan el acceso al c\u00f3digo QR de los turistas fuera de la principal estaci\u00f3n de tren de Venecia. De la Redacci\u00f3n La Jornada El d\u00eda en el que [&hellip;]<\/p>\n","protected":false},"author":249,"featured_media":36747,"comment_status":"open","ping_status":"closed","sticky":false,"template":"","format":"standard","meta":{"footnotes":""},"categories":[26],"tags":[],"class_list":["post-36746","post","type-post","status-publish","format-standard","has-post-thumbnail","hentry","category-mundo"],"_links":{"self":[{"href":"https:\/\/eloficiodehistoriar.com.mx\/index.php?rest_route=\/wp\/v2\/posts\/36746","targetHints":{"allow":["GET"]}}],"collection":[{"href":"https:\/\/eloficiodehistoriar.com.mx\/index.php?rest_route=\/wp\/v2\/posts"}],"about":[{"href":"https:\/\/eloficiodehistoriar.com.mx\/index.php?rest_route=\/wp\/v2\/types\/post"}],"author":[{"embeddable":true,"href":"https:\/\/eloficiodehistoriar.com.mx\/index.php?rest_route=\/wp\/v2\/users\/249"}],"replies":[{"embeddable":true,"href":"https:\/\/eloficiodehistoriar.com.mx\/index.php?rest_route=%2Fwp%2Fv2%2Fcomments&post=36746"}],"version-history":[{"count":1,"href":"https:\/\/eloficiodehistoriar.com.mx\/index.php?rest_route=\/wp\/v2\/posts\/36746\/revisions"}],"predecessor-version":[{"id":36748,"href":"https:\/\/eloficiodehistoriar.com.mx\/index.php?rest_route=\/wp\/v2\/posts\/36746\/revisions\/36748"}],"wp:featuredmedia":[{"embeddable":true,"href":"https:\/\/eloficiodehistoriar.com.mx\/index.php?rest_route=\/wp\/v2\/media\/36747"}],"wp:attachment":[{"href":"https:\/\/eloficiodehistoriar.com.mx\/index.php?rest_route=%2Fwp%2Fv2%2Fmedia&parent=36746"}],"wp:term":[{"taxonomy":"category","embeddable":true,"href":"https:\/\/eloficiodehistoriar.com.mx\/index.php?rest_route=%2Fwp%2Fv2%2Fcategories&post=36746"},{"taxonomy":"post_tag","embeddable":true,"href":"https:\/\/eloficiodehistoriar.com.mx\/index.php?rest_route=%2Fwp%2Fv2%2Ftags&post=36746"}],"curies":[{"name":"wp","href":"https:\/\/api.w.org\/{rel}","templated":true}]}}