{"id":36756,"date":"2024-04-27T14:22:37","date_gmt":"2024-04-27T20:22:37","guid":{"rendered":"https:\/\/eloficiodehistoriar.com.mx\/?p=36756"},"modified":"2024-04-27T14:22:37","modified_gmt":"2024-04-27T20:22:37","slug":"un-autentico-cambio-de-regimen-sanitario-transita-de-la-atencion-de-la-enfermedad-a-la-ausencia-de-esta","status":"publish","type":"post","link":"https:\/\/eloficiodehistoriar.com.mx\/?p=36756","title":{"rendered":"Un aut\u00e9ntico cambio de r\u00e9gimen sanitario transita de la atenci\u00f3n de la enfermedad a la ausencia de \u00e9sta."},"content":{"rendered":"<div id=\"main-cont\">\n<article>\n<div id=\"article-cont\" class=\"main-cont article-cont analysis\">\n<div class=\"cabeza\">Salud: siete pasos para la transformaci\u00f3n<\/div>\n<div class=\"sumarios\"><\/div>\n<div class=\"credito-articulo\">Gustavo Leal F.*<\/div>\n<div><\/div>\n<div id=\"article-text\" class=\"text\">\n<div class=\"col\">\n<div class=\"inicial\">La pol\u00edtica de la\u00a0administraci\u00f3n 2024-2030 enfrenta seis grandes desaf\u00edos: activar efectivamente la atenci\u00f3n primaria de la salud (no confundir con s\u00f3lo dilatar programas preventivos tradicionales o prevenir en el primer nivel de atenci\u00f3n); mejorar sustancialmente servicios cl\u00ednicos (humanismo, tiempos de espera, calidad de la atenci\u00f3n, abasto); seguir atendiendo el muy delicado cap\u00edtulo laboral de la federalizaci\u00f3n y los profesionales sanitarios del r\u00e9gimen ordinario IMSS\/Issste; dise\u00f1ar estrategias coherentes de cuidados frente al envejecimiento (s\u00f3lidamente financiado); consolidar avances del IMSS-Bienestar, que exige un adecuado modelo de atenci\u00f3n semiurbano\/urbano\/rural, y dise\u00f1ar una recta complementaridad con los privados. Entrar a la m\u00e9dula de \u00e9ste desaf\u00edo es el reto.<\/div>\n<p>Como continuidad con cambio, el proyecto preliminar de pasos para la transformaci\u00f3n comunicado por Claudia Sheinbaum en su discurso de inicio de campa\u00f1a (1\/3\/24) muestra un complemento fr\u00e1gil y poco robusto del llamado segundo piso de la 4T que no entra a la m\u00e9dula del actual desaf\u00edo sanitario.<\/p>\n<p>El proyecto incluye dos pasos en salud para educaci\u00f3n y mujer: hacer de la primarias p\u00fablicas espacios de\u00a0<q>prevenci\u00f3n<\/q>, atendiendo salud mental, adicciones, salud bucal y ex\u00e1menes de la vista con lentes gratuitos a todos los que lo necesiten (paso 27) y para la mujer\u00a0<q>garantiza<\/q>\u00a0acceso a la salud en todo su ciclo de vida, especialmente en materia sexual y reproductiva (paso 50).<\/p>\n<p>Atendiendo la m\u00e9dula del n\u00facleo duro de la salud, el proyecto enlista otros cinco pasos, observando que\u00a0<q>desde<\/q>\u00a0su nacimiento, todos los mexicanos estar\u00e1n afiliados al Servicio P\u00fablico de Salud para el Bienestar que garantizar\u00e1 acceso a vacunas, cuidados preventivos, atenci\u00f3n m\u00e9dica, estudios, laboratorios, cirug\u00edas y medicamentos gratuitos para hacer efectivo el derecho constitucional enla materia. El presidente dejar\u00e1 muy avanzado el camino\u00a0<q>y lo vamos a consolidar<\/q>. Apoyaremos\u00a0<q>al IMSS, al Issste y consolidaremos<\/q>\u00a0IMSS-Bienestar (paso 38).<\/p>\n<p>El paso 39 indica que para\u00a0<q>mejorar<\/q>\u00a0la atenci\u00f3n y el abasto de medicamentos,\u00a0<q>meteremos ciencia y tecnolog\u00eda: digitalizaremos todo el proceso log\u00edstico<\/q>. El paso 40 impulsar\u00e1, para\u00a0<q>madres embarazadas<\/q>\u00a0y los primeros mil d\u00edas de vida, un programa especial que ayudar\u00e1 a prevenir enfermedades cr\u00f3nico-degenerativas y atender\u00e1 tempranamente otros problemas.<\/p>\n<p>El paso 41 desarrollar\u00e1 un programa territorial de\u00a0<q>prevenci\u00f3n primaria<\/q>\u00a0para hacer un pa\u00eds activo y sano; dejar atr\u00e1s la diabetes y la hipertensi\u00f3n llamado Salud, casa por casa. El paso 42 construir\u00e1\u00a0<q>consultorios familiares<\/q>\u00a0en 154 municipios que a\u00fan no cuentan con ellos. Se reducir\u00e1 la\u00a0<q>saturaci\u00f3n<\/q>\u00a0de cl\u00ednicas y hospitales,\u00a0<q>completando<\/q>\u00a0el rescate de la infraestructura abandonada en el periodo neoliberal y contratando el personal necesario.<\/p>\n<p>El paso 43 ofrece\u00a0<q>ampliar<\/q>\u00a0los programas y campa\u00f1as destinadas a prevenir las adicciones, drogas qu\u00edmicas, prohibiendo el comercio de vapeadores. Finalmente, el paso 44 ofrece un programa nacional de salud mental dirigido a j\u00f3venes, tercera edad y v\u00edctimas de violencia.<\/p>\n<p>Sobre el n\u00facleo duro (paso 38) debe observarse que el proyecto no atiende directamente la principal demanda: mejorar servicios. S\u00f3lo se refiere a continuar\u00a0<q>consolidando<\/q>\u00a0el proceso de federalizaci\u00f3n v\u00eda IMSS-Bienestar y brindar\u00a0<q>apoyo<\/q>\u00a0al IMSS y al Issste. Los pasos del proyecto muestran que existe alguna idea sobre lo que hace falta, pero claramente carece de una estructura definida para instrumentar la producci\u00f3n de la salud a mediano y largo plazos.<\/p>\n<p>Como en el caso de improvisaci\u00f3n de Zoe Robledo en el OPD IMSS-Bienestar, en los pasos tampoco se aprecia el establecimiento de un nuevo r\u00e9gimen sanitario, un cambio de paradigma, estructurado sobre la atenci\u00f3n primaria de la salud.<\/p>\n<p>Sin restar m\u00e9ritos, el sello Robledo hereda una improvisaci\u00f3n armada en torno a basificaci\u00f3n, acciones rehabilitatorias y equipamiento de la infraestuctura y atenci\u00f3n m\u00e9dica con\u00a0<q>prevenci\u00f3n<\/q>\u00a0en el primer nivel atenci\u00f3n. Es decir, no privilegia la atenci\u00f3n primaria de la salud para establecer un aut\u00e9ntico cambio de r\u00e9gimen sanitario transitando de la atenci\u00f3n de la enfermedad a la ausencia de \u00e9sta.<\/p>\n<p>Frente a esta primera improvisaci\u00f3n de Robledo, la administraci\u00f3n 2024-2030 deber\u00e1 asumir m\u00e1s de un complejo desaf\u00edo innovador. Como observ\u00f3 Sheinbaum, \u201cvamos a tomar el sistema como se queda ahora, con sus avances y vamos a impulsar el mejor sistema de salud p\u00fablica para el bienestar\u00a0<em>(Reforma,<\/em>\u00a026\/3\/24).<\/p>\n<p>En su calidad de cooordinador de los Foros por la transformaci\u00f3n en el tema salud, el 25 de marzo pasado David Kershenobich present\u00f3 los 10 puntos para la rep\u00fablica sana que desarrollan los previos Siete pasos para la Transformaci\u00f3n, que ser\u00e1n objeto de pr\u00f3ximos an\u00e1lisis, toda vez que, en esta materia, el primer debate (7 de abril pasado) aport\u00f3 muy poco, salvo la confirmaci\u00f3n de la urgencia de actuar muy pronto sobre la descrita m\u00e9dula de nuestro desaf\u00edo sanitario.<\/p>\n<p>*\u00a0<em>UAM-X<\/em><\/p>\n<p class=\"email\">\n<\/div>\n<\/div>\n<\/div>\n<\/article>\n<\/div>\n<div id=\"interstitialdfpportadas\" data-google-query-id=\"CJvuz8OX44UDFXXN4wcde3IMqw\">\n<div id=\"google_ads_iframe_\/70932171\/interstitial_editorial_0__container__\"><\/div>\n<\/div>\n","protected":false},"excerpt":{"rendered":"<p>Salud: siete pasos para la transformaci\u00f3n Gustavo Leal F.* La pol\u00edtica de la\u00a0administraci\u00f3n 2024-2030 enfrenta seis grandes desaf\u00edos: activar efectivamente la atenci\u00f3n primaria de la salud (no confundir con s\u00f3lo dilatar programas preventivos tradicionales o prevenir en el primer nivel de atenci\u00f3n); mejorar sustancialmente servicios cl\u00ednicos (humanismo, tiempos de espera, calidad de la atenci\u00f3n, abasto); [&hellip;]<\/p>\n","protected":false},"author":249,"featured_media":36757,"comment_status":"open","ping_status":"closed","sticky":false,"template":"","format":"standard","meta":{"footnotes":""},"categories":[26],"tags":[],"class_list":["post-36756","post","type-post","status-publish","format-standard","has-post-thumbnail","hentry","category-mundo"],"_links":{"self":[{"href":"https:\/\/eloficiodehistoriar.com.mx\/index.php?rest_route=\/wp\/v2\/posts\/36756","targetHints":{"allow":["GET"]}}],"collection":[{"href":"https:\/\/eloficiodehistoriar.com.mx\/index.php?rest_route=\/wp\/v2\/posts"}],"about":[{"href":"https:\/\/eloficiodehistoriar.com.mx\/index.php?rest_route=\/wp\/v2\/types\/post"}],"author":[{"embeddable":true,"href":"https:\/\/eloficiodehistoriar.com.mx\/index.php?rest_route=\/wp\/v2\/users\/249"}],"replies":[{"embeddable":true,"href":"https:\/\/eloficiodehistoriar.com.mx\/index.php?rest_route=%2Fwp%2Fv2%2Fcomments&post=36756"}],"version-history":[{"count":1,"href":"https:\/\/eloficiodehistoriar.com.mx\/index.php?rest_route=\/wp\/v2\/posts\/36756\/revisions"}],"predecessor-version":[{"id":36758,"href":"https:\/\/eloficiodehistoriar.com.mx\/index.php?rest_route=\/wp\/v2\/posts\/36756\/revisions\/36758"}],"wp:featuredmedia":[{"embeddable":true,"href":"https:\/\/eloficiodehistoriar.com.mx\/index.php?rest_route=\/wp\/v2\/media\/36757"}],"wp:attachment":[{"href":"https:\/\/eloficiodehistoriar.com.mx\/index.php?rest_route=%2Fwp%2Fv2%2Fmedia&parent=36756"}],"wp:term":[{"taxonomy":"category","embeddable":true,"href":"https:\/\/eloficiodehistoriar.com.mx\/index.php?rest_route=%2Fwp%2Fv2%2Fcategories&post=36756"},{"taxonomy":"post_tag","embeddable":true,"href":"https:\/\/eloficiodehistoriar.com.mx\/index.php?rest_route=%2Fwp%2Fv2%2Ftags&post=36756"}],"curies":[{"name":"wp","href":"https:\/\/api.w.org\/{rel}","templated":true}]}}