{"id":36759,"date":"2024-04-27T14:41:56","date_gmt":"2024-04-27T20:41:56","guid":{"rendered":"https:\/\/eloficiodehistoriar.com.mx\/?p=36759"},"modified":"2024-04-27T14:41:56","modified_gmt":"2024-04-27T20:41:56","slug":"el-dia-internacional-de-la-danza-en-el-teatro-de-la-danza-guillermina-bravo-y-la-plaza-angel-salas","status":"publish","type":"post","link":"https:\/\/eloficiodehistoriar.com.mx\/?p=36759","title":{"rendered":"El D\u00eda Internacional de la Danza, en el Teatro de la Danza Guillermina Bravo y la Plaza \u00c1ngel Salas"},"content":{"rendered":"<div id=\"main-cont\">\n<article>\n<div id=\"article-cont\" class=\"main-cont article-cont actuality\">\n<div class=\"cabeza\">M\u00e1s de 20 compa\u00f1\u00edas se unir\u00e1n en el CCB para la celebraci\u00f3n<\/div>\n<div class=\"sumarios\"><\/div>\n<div id=\"article-text\" class=\"text\">\n<div class=\"col col1\">\n<div class=\"credito-autor\">De la Redacci\u00f3n<\/div>\n<div class=\"credito-titulo\"><\/div>\n<div class=\"hemero\">La Jornada<\/p>\n<\/div>\n<p class=\"s-s\">Para celebrar el D\u00eda Internacional de la Danza este 29 de abril, d\u00eda de la efem\u00e9ride desde 1982, en el Teatro de la Danza Guillermina Bravo y la Plaza \u00c1ngel Salas del Centro Cultural del Bosque (CCB), se presentar\u00e1n m\u00e1s de 20 agrupaciones art\u00edsticas como la Compa\u00f1\u00eda Nacional de Danza, Nemian Danza Esc\u00e9nica, el colectivo Tango Queer, el Grupo de Experimentaci\u00f3n Art\u00edstica Asaltodiario e \u00cdntimo Tango.<\/p>\n<p>En total, se reunir\u00e1n 350 agentes culturales que participar\u00e1n en 24 presentaciones art\u00edsticas con entrada libre.<\/p>\n<p>Desde la danza cl\u00e1sica hasta la contempor\u00e1nea, pasando por ritmos folcl\u00f3ricos y fusiones innovadoras, esta jornada art\u00edstica ser\u00e1 una experiencia enriquecedora para los amantes de esta disciplina.<\/p>\n<p>El lunes a las 10 horas comenzar\u00e1n las actividades con la lectura del mensaje del D\u00eda Internacional de la Danza 2024. Cada a\u00f1o, \u00e9ste se encomienda a una personalidad del mundo danc\u00edstico, y en esta ocasi\u00f3n correspondi\u00f3 a la bailarina argentina Marianela N\u00fa\u00f1ez.<\/p>\n<p><q>Estoy junto a ustedes en el compromiso de rescatar y revitalizar la historia de maestros, artistas y core\u00f3grafos que han enriquecido el mundo de la danza, merecedores de ser escuchados por las generaciones venideras. Que sepamos todos que no somos espectadores, sino herederos de una tradici\u00f3n forjada con arte, dignidad y sacrificio, nutriendo nuestro camino con vocaci\u00f3n y amor por la belleza<\/q>, expres\u00f3 N\u00fa\u00f1ez en su mensaje.<\/p>\n<p>La programaci\u00f3n arrancar\u00e1 con las presentaciones de alumnas y alumnos de centros educativos del Instituto Nacional de Bellas Artes y Literatura. La Escuela Nacional de Danza Nellie y Gloria Campobello participar\u00e1 con\u00a0<em>Entre Francia y Espa\u00f1a: Danza fusi\u00f3n;<\/em>\u00a0la de Danza Cl\u00e1sica y Contempor\u00e1nea ejecutar\u00e1 el\u00a0<em>A Theory of Mercury and Flesh,<\/em>\u00a0mientras Danza Folkl\u00f3rica ofrecer\u00e1\u00a0<em>Remembranzas\u00a0<\/em>y la Academia de la Danza Mexicana, un fragmento de\u00a0<em>Don Quijote.<\/em><\/p>\n<\/div>\n<div class=\"col col2\">\n<p>La Compa\u00f1\u00eda Nacional de Danza, brindar\u00e1 a las 13 horas una funci\u00f3n completa del ballet\u00a0<em>La ni\u00f1a malcriada<\/em>; despu\u00e9s, la Compa\u00f1\u00eda de Danza Ardent\u00eda presentar\u00e1 extractos del montaje<em>\u00a0Imag\u00f3n y los cuentos del vagabundo.<\/em><\/p>\n<p>En la programaci\u00f3n de la tarde se incluye la presencia de la Compa\u00f1\u00eda Internacional de Danza Fiestas de M\u00e9xico y de la Escuela del Ballet Folkl\u00f3rico de M\u00e9xico de Amalia Hern\u00e1ndez, que llevar\u00e1 su espect\u00e1culo\u00a0<em>Tradici\u00f3n, son y fusi\u00f3n.\u00a0<\/em>M\u00e1s tarde, se presentar\u00e1 la agrupaci\u00f3n \u00cdntimo Tango con fragmentos del montaje\u00a0<em>Vientos del sur,\u00a0<\/em>y la compa\u00f1\u00eda de m\u00fasica y danza flamenca Ca\u00f1a y Candela Pura montar\u00e1\u00a0<em>Pulso flamenco.<\/em><\/p>\n<p>La danza contempor\u00e1nea se har\u00e1 presente a las 20 horas; en este segmento, actuar\u00e1n grupos como 180 Danza Contempor\u00e1nea, Barro Rojo Arte Esc\u00e9nico y el Centro de Producci\u00f3n de Danza Contempor\u00e1nea Nemian Danza Esc\u00e9nica, entre otras.<\/p>\n<p>La clausura de esta celebraci\u00f3n, en el CCB (Paseo de la Reforma y Campo Marte) ser\u00e1 a las 22 horas con la muestra coreogr\u00e1fica\u00a0<em>Por siempre danz\u00f3n,\u00a0<\/em>a cargo de la Academia de Danza y Artes F\u00e9lix Renter\u00eda.<\/p>\n<\/div>\n<\/div>\n<div class=\"go gui\">\n<div class=\"go-up\"><\/div>\n<\/div>\n<\/div>\n<\/article>\n<\/div>\n<div id=\"interstitialdfpportadas\"><\/div>\n","protected":false},"excerpt":{"rendered":"<p>M\u00e1s de 20 compa\u00f1\u00edas se unir\u00e1n en el CCB para la celebraci\u00f3n De la Redacci\u00f3n La Jornada Para celebrar el D\u00eda Internacional de la Danza este 29 de abril, d\u00eda de la efem\u00e9ride desde 1982, en el Teatro de la Danza Guillermina Bravo y la Plaza \u00c1ngel Salas del Centro Cultural del Bosque (CCB), se [&hellip;]<\/p>\n","protected":false},"author":249,"featured_media":0,"comment_status":"open","ping_status":"closed","sticky":false,"template":"","format":"standard","meta":{"footnotes":""},"categories":[26],"tags":[],"class_list":["post-36759","post","type-post","status-publish","format-standard","hentry","category-mundo"],"_links":{"self":[{"href":"https:\/\/eloficiodehistoriar.com.mx\/index.php?rest_route=\/wp\/v2\/posts\/36759","targetHints":{"allow":["GET"]}}],"collection":[{"href":"https:\/\/eloficiodehistoriar.com.mx\/index.php?rest_route=\/wp\/v2\/posts"}],"about":[{"href":"https:\/\/eloficiodehistoriar.com.mx\/index.php?rest_route=\/wp\/v2\/types\/post"}],"author":[{"embeddable":true,"href":"https:\/\/eloficiodehistoriar.com.mx\/index.php?rest_route=\/wp\/v2\/users\/249"}],"replies":[{"embeddable":true,"href":"https:\/\/eloficiodehistoriar.com.mx\/index.php?rest_route=%2Fwp%2Fv2%2Fcomments&post=36759"}],"version-history":[{"count":1,"href":"https:\/\/eloficiodehistoriar.com.mx\/index.php?rest_route=\/wp\/v2\/posts\/36759\/revisions"}],"predecessor-version":[{"id":36762,"href":"https:\/\/eloficiodehistoriar.com.mx\/index.php?rest_route=\/wp\/v2\/posts\/36759\/revisions\/36762"}],"wp:attachment":[{"href":"https:\/\/eloficiodehistoriar.com.mx\/index.php?rest_route=%2Fwp%2Fv2%2Fmedia&parent=36759"}],"wp:term":[{"taxonomy":"category","embeddable":true,"href":"https:\/\/eloficiodehistoriar.com.mx\/index.php?rest_route=%2Fwp%2Fv2%2Fcategories&post=36759"},{"taxonomy":"post_tag","embeddable":true,"href":"https:\/\/eloficiodehistoriar.com.mx\/index.php?rest_route=%2Fwp%2Fv2%2Ftags&post=36759"}],"curies":[{"name":"wp","href":"https:\/\/api.w.org\/{rel}","templated":true}]}}