{"id":36773,"date":"2024-04-28T12:16:29","date_gmt":"2024-04-28T18:16:29","guid":{"rendered":"https:\/\/eloficiodehistoriar.com.mx\/?p=36773"},"modified":"2024-04-28T12:16:29","modified_gmt":"2024-04-28T18:16:29","slug":"elena-enriquez-editora-los-libros-me-cambiaron-la-vida-empece-a-leer-a-los-ocho-anos-anos-pilar-de-era","status":"publish","type":"post","link":"https:\/\/eloficiodehistoriar.com.mx\/?p=36773","title":{"rendered":"Elena Enr\u00edquez, editora: \u00abLos libros me cambiaron la vida, empec\u00e9 a leer a los ocho a\u00f1os a\u00f1os, pilar de Era ."},"content":{"rendered":"<div id=\"main-cont\">\n<article>\n<div id=\"article-cont\" class=\"main-cont article-cont analysis\">\n<div class=\"cabeza\">Una editora bienhechora<\/div>\n<div class=\"sumarios\"><\/div>\n<div class=\"credito-articulo\">Elena Poniatowska<\/div>\n<div id=\"article-text\" class=\"text\">\n<div class=\"foto\">\n<div class=\"pie-foto\">Elena Enr\u00edquez en entrevista a prop\u00f3sito de la publicaci\u00f3n de su libro <em>Imagen y espejo: Los barrios de la Ciudad de M\u00e9xico,<\/em> en febrero de 2011.<\/div>\n<div><\/div>\n<\/div>\n<div class=\"col col1\">\n<div class=\"inicial\">Elena Enr\u00edquez sonr\u00ede. Es una editora bienhechora. A todos abraza y trata bien; anima al autor primerizo a seguir adelante, r\u00ede con facilidad. Como tiene una linda sonrisa y una mirada alentadora, tratar con ella es un regalo, porque ser amable es su esencia. Muy bonita, allana el camino y elimina obst\u00e1culos e inseguridades. Para un joven autor, tratar con ella debe ser el para\u00edso.<\/div>\n<p>\u201cLos libros me cambiaron la vida, empec\u00e9 a leer a los ocho a\u00f1os porque \u2013dice nuestra editora, quien durante varios a\u00f1os fue un pilar de Era (Espresate, Rojo, Azor\u00edn)\u2013 una t\u00eda, que fue como mi segunda mam\u00e1, me llev\u00f3 a vivir con ella a Huehuetla, Puebla, adelante de Cuetzalan. Con ella, comenc\u00e9 a leer a los ocho a\u00f1os. Para m\u00ed fue fant\u00e1stico irme con ella, porque era maestra rural.<\/p>\n<p>\u201cMi t\u00eda no estudi\u00f3 en la Normal, sino que recibi\u00f3 capacitaci\u00f3n para alfabetizar; era maestra biling\u00fce, hablaba totonaco y ense\u00f1aba a los ni\u00f1os a leer en totonaco y en espa\u00f1ol. Me dec\u00eda: \u2018A ver, Elena, l\u00e9eme en voz alta\u2019, y se puso furiosa al o\u00edrme: \u2018\u00a1Qu\u00e9 mal lees, ni\u00f1a! Si ya cursaste el primero de primaria, \u00bfc\u00f3mo puedes leer tan mal?\u2019<\/p>\n<p>\u201cTodos los d\u00edas, un poquito antes de que empezara a oscurecer, porque entonces no hab\u00eda luz el\u00e9ctrica, nos alumbr\u00e1bamos con unas latas con petr\u00f3leo y un mechero, le\u00eda yo al menos una hora. Me dec\u00eda: \u2018F\u00edjate tambi\u00e9n d\u00f3nde hay errores y m\u00e1rcalos para que t\u00fa no los comentas\u2019. Mi t\u00eda no conoc\u00eda la palabra \u2018errata\u2019, que usamos ahora. Qued\u00e9 enamorada de la lectura. Uno de los libros que le\u00ed en voz alta fue\u00a0<em>El diario de Ana Frank.\u00a0<\/em>Me estruj\u00f3 saber que la hab\u00edan matado.<\/p>\n<p>\u201cA lo largo de mi vida, los libros fueron una constante, y decid\u00ed ser editora. Tambi\u00e9n publiqu\u00e9 un texto en la preparatoria 4 Gabriel Guti\u00e9rrez N\u00e1jera, y me felicitaron. En ese tiempo, triunfaban las bandas de los\u00a0<em>Bugs,\u00a0<\/em>los\u00a0<em>Panchitos,\u00a0<\/em>y eran nuestros compa\u00f1eros. Hicimos un periodiquito en el que todos pod\u00edan dar su opini\u00f3n para lograr entender a los chavos banda,\u00a0<em>Proyecto Integraci\u00f3n,<\/em>\u00a0y publicamos textos de muchachitos de la preparatoria. Algunos maestros nos dieron dinero y fui la encargada de editarlo. En ese momento no sab\u00eda que eso era ser editor.<\/p>\n<p>\u201cProfesionalmente, habr\u00e9 arrancado mi carrera a los 19 a\u00f1os. Mis primeros trabajos fueron en el\u00a0<em>El Ciudadano,<\/em>\u00a0de Teodoro C\u00e9sarman, presidente del Consejo Consultivo de la Ciudad de M\u00e9xico. Todav\u00eda ten\u00edamos regente, Manuel Camacho Sol\u00eds. Ah\u00ed tuve contacto con muchos escritores: Carlos Fuentes, Octavio Paz, Gutierre Tib\u00f3n, B\u00e1rbara Jacobs. Adem\u00e1s de la correcci\u00f3n de textos, yo hac\u00eda los reportajes centrales sobre los sitios emblem\u00e1ticos. Escrib\u00ed sobre Tepito, Garibaldi, la Lagunilla, Paseo de la Reforma, el Z\u00f3calo, todos esos sitios que despu\u00e9s aparecieron en el libro\u00a0<em>Imagen y espejo: Los barrios de<\/em>\u00a0la\u00a0<em>Ciudad de M\u00e9xico,<\/em>\u00a0que antes se publicaron en\u00a0<em>El Ciudadano.<\/em><\/p>\n<p>\u201cMe llamaron a trabajar en\u00a0<em>Macr\u00f3polis,\u00a0<\/em>revista de Juan Pablo Becerra Acosta, hijo de don Manuel. Hice cr\u00f3nicas y entrevistas a los 22 a\u00f1os. Lleg\u00f3 el momento en que la revista no pudo continuar y me invitaron a trabajar en\u00a0<em>Tierra Adentro.<\/em><\/p>\n<p>\u201cTen\u00eda yo 24 a\u00f1os cuando realmente arranc\u00f3 mi carrera de editora. Mi funci\u00f3n era publicar la primera novela de autores j\u00f3venes para que editoriales m\u00e1s grandes se interesaran en su obra. Me encargaba de la producci\u00f3n, fui responsable del Fondo Editorial Tierra Adentro, la revista y los libros publicados. V\u00edctor Sandoval fue en realidad quien comenz\u00f3 ese programa; a m\u00ed me toc\u00f3 la segunda temporada. La intenci\u00f3n era justamente ir tierra adentro, salir de la capital, recorrer el pa\u00eds y dar a conocer voces nuevas. El requisito era que fuera primera obra. Recib\u00edamos cientos de manuscritos que le\u00edmos varios cr\u00edticos. No pod\u00edamos publicar todos y aprend\u00ed a hacer dict\u00e1menes y a establecer un proceso de selecci\u00f3n muy cuidadoso.<\/p>\n<p>\u201cHubo otros lectores, cuyos nombres no puedo revelar, pero entre todos decidimos qu\u00e9 publicar. Mi jefe directo fue Juan Domingo Arg\u00fcelles, con quien vivo agradecida, porque me ense\u00f1\u00f3 a ser editora. Nadie te ense\u00f1a a ser editor, ninguna escuela en M\u00e9xico; no hay una formaci\u00f3n de editores, los que lo hacemos aprendemos en la pr\u00e1ctica. Es una profesi\u00f3n preciosa, porque combina un gusto est\u00e9tico, el del dise\u00f1o, el amor al papel, la propuesta visual y un conocimiento t\u00e9cnico de la lengua, de lo que es creativo, la originalidad. A\u00f1os despu\u00e9s me toc\u00f3 combinar esos conocimientos t\u00e9cnicos con el trabajo empresarial, ya que durante muchos a\u00f1os fui editora para el Estado, para instituciones acad\u00e9micas.<\/p>\n<\/div>\n<div class=\"col col2\">\n<p>\u201cEl programa cultural Tierra Adentro pertenec\u00eda a Conaculta; entonces, yo era una editora que trabajaba para el Estado. Se acababa de conformar Conaculta y los de\u00a0<em>Tierra Adentro\u00a0<\/em>no form\u00e1bamos propiamente parte de una estructura; la mayor parte de los trabajadores cobr\u00e1bamos por honorarios.<\/p>\n<p>\u201cRafael Tovar y de Teresa era el director de esa instituci\u00f3. Ah\u00ed trabaj\u00e9 varios a\u00f1os y nunca me dieron de alta en el Seguro Social, o en algo, y me qued\u00e9 sin pensi\u00f3n. Siempre cobr\u00e9 por honorarios, pero me encant\u00f3 editar y le debo much\u00edsimo al que fue mi maestro ah\u00ed, Juan Domingo Arg\u00fcelles, profesionista generoso y absolutamente meticuloso. Me repet\u00eda: \u2018No hay editor que no sufra de gastritis, porque si t\u00fa no eres lo suficientemente cuidadoso, tu error se reproduce por miles. Aqu\u00ed no te puedes equivocar\u2019.<\/p>\n<p>\u201cSiempre he trabajado con una tensi\u00f3n muy grande. Todos los libros que publicamos los le\u00edmos en pruebas al menos dos veces en voz alta \u00e9l y yo, contraprob\u00e1ndolos con el original para checar que no hubiera saltos ni erratas, dedicamos mucho tiempo a cotejar el libro ya formado con el original. Cuando eran traducciones era mucho m\u00e1s dif\u00edcil el trabajo. Lo bonito de ese tiempo es que muchos de los autores que se publicaron en esa \u00e9poca hoy son grandes escritores reconocidos a escala internacional, como David Toscana, Cristina Rivera Garza, Socorro Venegas, Juan Jos\u00e9 Rodr\u00edguez, los notables de\u00a0<em>Tierra Adentro.<\/em><\/p>\n<p>\u201cSari Berm\u00fadez fue la presidenta de Conaculta durante el gobierno de Fox, y cambi\u00f3 muchos programas, no s\u00e9 por qu\u00e9 lo hizo, porque yo me sal\u00ed. La excepcional dise\u00f1adora de la revista y los libros, Natalia Nieto, es cu\u00f1ada de Jean Meyer, el historiador. Jean dijo a Natalia que en el Centro de Investigaci\u00f3n y Docencia Econ\u00f3mica (CIDE)necesitaban un editor, Natalia dio mi nombre y mand\u00f3 mi curr\u00edculum y me entrevist\u00e9 con Blanca Heredia, Carlos Elizondo y Leo Zuckerman, y me qued\u00e9 a trabajar con ellos.<\/p>\n<p>\u201cEn el CIDE trabaj\u00e9 con Jean Meyer, Mar\u00eda Amparo Casar, Ignacio Marv\u00e1n, Layda Negrete. Al trabajar en el CIDE, yo iba a las reuniones de la C\u00e1mara de la Industria Editorial, me relacionaba con otros editores, porque hac\u00edamos coediciones; ah\u00ed conoc\u00ed a Marisol Schulz, entonces directora de Alfaguara y ahora directora de la FIL Guadalajara, editora de Saramago, de Orhan Pamuk y Marcelo Uribe, subdirector de Era, quien public\u00f3 mi libro\u00a0<em>Imagen y espejo: Los barrios de la Ciudad de M\u00e9xico.<\/em>\u00a0Entonces conoc\u00ed a Carlos Monsiv\u00e1is, quien se port\u00f3 maravilloso conmigo, y a Adolfo S\u00e1nchez V\u00e1zquez, que me habl\u00f3 mucho de\u00a0<em>Tin\u00edsima,<\/em>\u00a0y me mand\u00f3 con Neus, quien iba a dejar la editorial por enfermedad.<\/p>\n<p>\u201cElla y Marcelo Uribe me contrataron para ver todo lo relacionado con derechos de autor, manuscritos y prensa. Cuando Neus se retir\u00f3, ascend\u00ed a subdirectora y trabaj\u00e9 en la imprenta Madero, porque ah\u00ed hac\u00edamos la revista\u00a0<em>Tierra Adentro.\u00a0<\/em>Era ten\u00eda un halo y publicaba a los escritores que yo admiraba: Monsiv\u00e1is, Sergio Pitol, Adolfo S\u00e1nchez V\u00e1zquez, Pablo Gonz\u00e1lez Casanova, a Carlos Pereira, mis maestros.\u00a0<em>Cuadernos Pol\u00edticos<\/em>\u00a0era nuestra Biblia.<\/p>\n<p>\u201cSer editora me permiti\u00f3 tratar con grandes autores. No me toc\u00f3 Fuentes, porque en Era, solo ten\u00edamos\u00a0<em>Los d\u00edas enmascarados<\/em>\u00a0y\u00a0<em>Aura,\u00a0<\/em>pero trat\u00e9 a Monsiv\u00e1is, a Pitol, a Jos\u00e9 Emilio Pacheco, a Eduardo Antonio Parra, a B\u00e1rbara Jacobs y a muchos m\u00e1s. La maravilla es estar cerca de su proceso creativo, estar cerca de c\u00f3mo construyen su obra y, sobre todo, los grandes aprendizajes de vida de ver que esos escritores son la gente m\u00e1s sencilla, m\u00e1s humilde, m\u00e1s abierta a aprender que nadie; cuando hab\u00eda que comentarles algo, unas sugerencias, agradec\u00edan profundamente. Jos\u00e9 Emilio Pacheco dec\u00eda: \u2018Qu\u00e9 bueno que lo vieron, porque si no, \u00a1qu\u00e9 estupidez hubiera hecho! Muchas gracias\u2019. Era la humildad absoluta.\u201d<\/p>\n<p class=\"email\">\n<\/div>\n<\/div>\n<div class=\"go gui\">\n<div class=\"go-up\"><\/div>\n<\/div>\n<\/div>\n<\/article>\n<\/div>\n<div id=\"interstitialdfpportadas\" data-google-query-id=\"CPWh-ePA5YUDFUTxlAkdIvIIBA\">\n<div id=\"google_ads_iframe_\/70932171\/interstitial_editorial_0__container__\"><\/div>\n<\/div>\n","protected":false},"excerpt":{"rendered":"<p>Una editora bienhechora Elena Poniatowska Elena Enr\u00edquez en entrevista a prop\u00f3sito de la publicaci\u00f3n de su libro Imagen y espejo: Los barrios de la Ciudad de M\u00e9xico, en febrero de 2011. Elena Enr\u00edquez sonr\u00ede. Es una editora bienhechora. A todos abraza y trata bien; anima al autor primerizo a seguir adelante, r\u00ede con facilidad. Como [&hellip;]<\/p>\n","protected":false},"author":249,"featured_media":36774,"comment_status":"open","ping_status":"closed","sticky":false,"template":"","format":"standard","meta":{"footnotes":""},"categories":[26],"tags":[],"class_list":["post-36773","post","type-post","status-publish","format-standard","has-post-thumbnail","hentry","category-mundo"],"_links":{"self":[{"href":"https:\/\/eloficiodehistoriar.com.mx\/index.php?rest_route=\/wp\/v2\/posts\/36773","targetHints":{"allow":["GET"]}}],"collection":[{"href":"https:\/\/eloficiodehistoriar.com.mx\/index.php?rest_route=\/wp\/v2\/posts"}],"about":[{"href":"https:\/\/eloficiodehistoriar.com.mx\/index.php?rest_route=\/wp\/v2\/types\/post"}],"author":[{"embeddable":true,"href":"https:\/\/eloficiodehistoriar.com.mx\/index.php?rest_route=\/wp\/v2\/users\/249"}],"replies":[{"embeddable":true,"href":"https:\/\/eloficiodehistoriar.com.mx\/index.php?rest_route=%2Fwp%2Fv2%2Fcomments&post=36773"}],"version-history":[{"count":1,"href":"https:\/\/eloficiodehistoriar.com.mx\/index.php?rest_route=\/wp\/v2\/posts\/36773\/revisions"}],"predecessor-version":[{"id":36775,"href":"https:\/\/eloficiodehistoriar.com.mx\/index.php?rest_route=\/wp\/v2\/posts\/36773\/revisions\/36775"}],"wp:featuredmedia":[{"embeddable":true,"href":"https:\/\/eloficiodehistoriar.com.mx\/index.php?rest_route=\/wp\/v2\/media\/36774"}],"wp:attachment":[{"href":"https:\/\/eloficiodehistoriar.com.mx\/index.php?rest_route=%2Fwp%2Fv2%2Fmedia&parent=36773"}],"wp:term":[{"taxonomy":"category","embeddable":true,"href":"https:\/\/eloficiodehistoriar.com.mx\/index.php?rest_route=%2Fwp%2Fv2%2Fcategories&post=36773"},{"taxonomy":"post_tag","embeddable":true,"href":"https:\/\/eloficiodehistoriar.com.mx\/index.php?rest_route=%2Fwp%2Fv2%2Ftags&post=36773"}],"curies":[{"name":"wp","href":"https:\/\/api.w.org\/{rel}","templated":true}]}}