{"id":36786,"date":"2024-04-29T12:53:09","date_gmt":"2024-04-29T18:53:09","guid":{"rendered":"https:\/\/eloficiodehistoriar.com.mx\/?p=36786"},"modified":"2024-04-29T12:53:09","modified_gmt":"2024-04-29T18:53:09","slug":"el-ojo-de-mi-padre","status":"publish","type":"post","link":"https:\/\/eloficiodehistoriar.com.mx\/?p=36786","title":{"rendered":"\u00abEl ojo de mi padre\u00bb"},"content":{"rendered":"<h1 class=\"ljs-merri\">El ojo de mi padre<\/h1>\n<h1 class=\"ljs-merri\">Por Eleni Vakal\u00f3<\/h1>\n<p><span class=\"sem-autor\">Eleni Vakal\u00f3<\/span><\/p>\n<div id=\"carouselSemControls\" class=\"carousel slide\" data-ride=\"carousel\">\n<div class=\"carousel-inner\">\n<div class=\"carousel-item active\">\n<div class=\"ljs-nota-img\">\n<p class=\"ljs-nota-pie\">La cr\u00edtica la considera miembro de la Primera Generaci\u00f3n de Postguerra y, m\u00e1s ampliamente, del postsurrealismo. E<\/p>\n<\/div>\n<\/div>\n<\/div>\n<\/div>\n<div class=\"ljs-nota-cuerpo\">\n<p>&nbsp;<\/p>\n<p align=\"left\">Mi padre ten\u00eda un ojo de vidrio<\/p>\n<p align=\"left\">Los domingos que estaba en casa sacaba de su bolsillo<\/p>\n<p align=\"left\">otros ojos tambi\u00e9n, los pul\u00eda con el extremo de su manga y llamaba<\/p>\n<p align=\"left\">a mi madre para que eligiera. Mi madre re\u00eda.<\/p>\n<p align=\"left\">Las ma\u00f1anas mi padre estaba contento. Jugaba con el ojo<\/p>\n<p align=\"left\">en la palma de su mano antes de pon\u00e9rselo y dec\u00eda que era un buen ojo.<\/p>\n<p align=\"left\">Pero yo no quer\u00eda creerle.<\/p>\n<p align=\"left\">\n<p align=\"left\">Me pon\u00eda un oscuro chal sobre los hombros como si tuviera fr\u00edo<\/p>\n<p align=\"left\">y era para espiarlo. Al final un d\u00eda lo vi<\/p>\n<p align=\"left\">llorar. No hab\u00eda ninguna diferencia con el ojo de verdad.<\/p>\n<p align=\"left\">\n<p align=\"left\">Este poema<\/p>\n<p align=\"left\">no es para que lo lean<\/p>\n<p align=\"left\">cuantos no me quieran<\/p>\n<p align=\"left\">todav\u00eda<\/p>\n<p align=\"left\">y por aquellos<\/p>\n<p align=\"left\">que no me conocer\u00e1n<\/p>\n<p align=\"left\">si no creen que fui<\/p>\n<p align=\"left\">como<\/p>\n<p align=\"left\">\u00e9l.<\/p>\n<p align=\"left\">\n<p align=\"left\">Despu\u00e9s de la historia con mi padre sospechaba de cuantos<\/p>\n<p align=\"left\">ten\u00edan ojos de verdad.<\/p>\n<p align=\"left\">\n<p align=\"left\">Eleni Vakal\u00f3 (Constantinopla 1921-Atenas 2001) estudi\u00f3 Arqueolog\u00eda en la Universidad de Atenas y luego Historia del Arte en la Sorbona. La cr\u00edtica la considera miembro de la Primera Generaci\u00f3n de Postguerra y, m\u00e1s ampliamente, del postsurrealismo. Es autora de diecis\u00e9is libros de poes\u00eda y de seis libros de cr\u00edtica e historia del arte. En 1991 recibi\u00f3 el Primer Premio de Poes\u00eda Estatal y, en 1997, el Premio de la Academia; el doctorado\u00a0<i>Honoris causa\u00a0<\/i>por la Universidad de Sal\u00f3nica, en 1998, y el de la Universidad de Derby, en 2000.<\/p>\n<p align=\"left\">Versi\u00f3n de Francisco Torres C\u00f3rdova.<\/p>\n<\/div>\n","protected":false},"excerpt":{"rendered":"<p>El ojo de mi padre Por Eleni Vakal\u00f3 Eleni Vakal\u00f3 La cr\u00edtica la considera miembro de la Primera Generaci\u00f3n de Postguerra y, m\u00e1s ampliamente, del postsurrealismo. E &nbsp; Mi padre ten\u00eda un ojo de vidrio Los domingos que estaba en casa sacaba de su bolsillo otros ojos tambi\u00e9n, los pul\u00eda con el extremo de su [&hellip;]<\/p>\n","protected":false},"author":249,"featured_media":36787,"comment_status":"open","ping_status":"closed","sticky":false,"template":"","format":"standard","meta":{"footnotes":""},"categories":[26],"tags":[],"class_list":["post-36786","post","type-post","status-publish","format-standard","has-post-thumbnail","hentry","category-mundo"],"_links":{"self":[{"href":"https:\/\/eloficiodehistoriar.com.mx\/index.php?rest_route=\/wp\/v2\/posts\/36786","targetHints":{"allow":["GET"]}}],"collection":[{"href":"https:\/\/eloficiodehistoriar.com.mx\/index.php?rest_route=\/wp\/v2\/posts"}],"about":[{"href":"https:\/\/eloficiodehistoriar.com.mx\/index.php?rest_route=\/wp\/v2\/types\/post"}],"author":[{"embeddable":true,"href":"https:\/\/eloficiodehistoriar.com.mx\/index.php?rest_route=\/wp\/v2\/users\/249"}],"replies":[{"embeddable":true,"href":"https:\/\/eloficiodehistoriar.com.mx\/index.php?rest_route=%2Fwp%2Fv2%2Fcomments&post=36786"}],"version-history":[{"count":1,"href":"https:\/\/eloficiodehistoriar.com.mx\/index.php?rest_route=\/wp\/v2\/posts\/36786\/revisions"}],"predecessor-version":[{"id":36788,"href":"https:\/\/eloficiodehistoriar.com.mx\/index.php?rest_route=\/wp\/v2\/posts\/36786\/revisions\/36788"}],"wp:featuredmedia":[{"embeddable":true,"href":"https:\/\/eloficiodehistoriar.com.mx\/index.php?rest_route=\/wp\/v2\/media\/36787"}],"wp:attachment":[{"href":"https:\/\/eloficiodehistoriar.com.mx\/index.php?rest_route=%2Fwp%2Fv2%2Fmedia&parent=36786"}],"wp:term":[{"taxonomy":"category","embeddable":true,"href":"https:\/\/eloficiodehistoriar.com.mx\/index.php?rest_route=%2Fwp%2Fv2%2Fcategories&post=36786"},{"taxonomy":"post_tag","embeddable":true,"href":"https:\/\/eloficiodehistoriar.com.mx\/index.php?rest_route=%2Fwp%2Fv2%2Ftags&post=36786"}],"curies":[{"name":"wp","href":"https:\/\/api.w.org\/{rel}","templated":true}]}}