{"id":36794,"date":"2024-05-02T09:09:51","date_gmt":"2024-05-02T15:09:51","guid":{"rendered":"https:\/\/eloficiodehistoriar.com.mx\/?p=36794"},"modified":"2024-05-02T09:09:51","modified_gmt":"2024-05-02T15:09:51","slug":"en-el-dia-internacional-del-jazz-resaltaron-la-historia-de-ese-genero-sus-aportaciones","status":"publish","type":"post","link":"https:\/\/eloficiodehistoriar.com.mx\/?p=36794","title":{"rendered":"En el D\u00eda Internacional del Jazz, resaltaron la historia de ese g\u00e9nero, sus aportaciones"},"content":{"rendered":"<div id=\"main-cont\">\n<article>\n<div id=\"article-cont\" class=\"main-cont article-cont actuality\">\n<div class=\"cabeza\">El jazz derriba las barreras mentales y atraviesa los corazones: Iraida Noriega<\/div>\n<div class=\"sumarios\"><\/div>\n<div id=\"article-text\" class=\"text\">\n<div class=\"foto\">\n<div class=\"pie-foto\">Jazzatl\u00e1n Capital celebr\u00f3 el D\u00eda Internacional de esta m\u00fasica el martes con una tertulia.<\/div>\n<div><\/div>\n<\/div>\n<div class=\"col col1\">\n<div class=\"credito-autor\">Jes\u00fas Abraham Hern\u00e1ndez<\/div>\n<div class=\"credito-titulo\"><\/div>\n<div class=\"hemero\">La Jornada<\/p>\n<\/div>\n<p class=\"s-s\">El club Jazzatl\u00e1n Capital celebr\u00f3 el D\u00eda Internacional del Jazz el 30 de abril con una tertulia en la que resaltaron la historia de ese g\u00e9nero, sus aportaciones culturales y el destacado papel que tiene en el pa\u00eds. Adem\u00e1s, el Cuarteto Mexicano de Jazz ofreci\u00f3 una breve sesi\u00f3n.<\/p>\n<p>Rodrigo Rosas, director del recinto, antrop\u00f3logo y embajador de la Unesco por su labor de promoci\u00f3n de este g\u00e9nero y la\u00a0<em>world music,<\/em>\u00a0moder\u00f3 una mesa redonda en la que participaron Iraida Noriega, reconocida cantante y productora de jazz con m\u00e1s de 35 a\u00f1os de carrera; Francisco T\u00e9llez, pianista de gran reconocimiento en el pa\u00eds, creador de la primera licenciatura de jazz en la Escuela Superior de M\u00fasica, en 1980, y Rodrigo Moctezuma, fundador de Jazzatl\u00e1n en Cholula, Puebla, hace m\u00e1s de 19 a\u00f1os.<\/p>\n<p>La velada comenz\u00f3 con la participaci\u00f3n de Noriega, quien afirm\u00f3 que festejar el jazz es celebrar la empat\u00eda y la inclusividad, porque permite que las culturas se encuentren.\u00a0<q>Adem\u00e1s, contribuye a derrocar barreras mentales e intelectuales. La m\u00fasica, en general y por su naturaleza, es como una flecha que una vez que se echa a andar atraviesa todos los corazones, como dec\u00eda Goethe<\/q>.<\/p>\n<p>Por su parte, T\u00e9llez se refiri\u00f3 al surgimiento del g\u00e9nero musical en los burdeles de Nueva Orleans con Jelly Roll Morton, que aseguraba era su inventor.<\/p>\n<p>Record\u00f3 que en un principio el jazz fue denigrado. A los compositores Duke Ellington y Charles Mingus no les gustaba el origen de la palabra que da nombre al estilo de m\u00fasica.\u00a0<q>Despu\u00e9s vino Charlie Parker, quien lo dignific\u00f3<\/q>.<\/p>\n<p>A\u00f1adi\u00f3: \u201cexist\u00edan los bares y los cabarets enfocados al jazz, pero los cerraron. Por eso aparecieron los caf\u00e9s cantantes. Viv\u00ed una \u00e9poca de oro; acompa\u00f1\u00e9 a To\u00f1a La Negra cantando\u00a0<em>Noche de ronda,\u00a0<\/em>su voz, fue algo incre\u00edble. Vi como el trompetista de Agust\u00edn Lara,\u00a0<em>Chino\u00a0<\/em>Ibarra, toc\u00f3 una improvisaci\u00f3n en\u00a0<em>Solamente una vez\u00a0<\/em>con una sordina, incluso antes que Miles Davis lo hiciera con su famosa Harmon, en 1957. El panorama ha cambiado mucho, incluso ya hay una licenciatura, pero en un principio era muy dif\u00edcil\u201d.<\/p>\n<\/div>\n<div class=\"col col2\">\n<p>Destac\u00f3 la importancia que tiene M\u00e9xico en el panorama jazz\u00edstico mundial, en espec\u00edfico la Ciudad de M\u00e9xico.<\/p>\n<p>Para concluir, Moctezuma destac\u00f3 que el reto en la fundaci\u00f3n Jazztl\u00e1n en Cholula consisti\u00f3 en encontrar un equilibrio entre la actividad empresarial e impulsar un g\u00e9nero que es dif\u00edcil de vender, pero se mantuvo firme en la idea de encontrar un espacio de paz.<\/p>\n<p>Enseguida, el Cuarteto Mexicano de Jazz, uno de los grupos m\u00e1s experimentados y originales dentro del panorama jazz\u00edstico en el pa\u00eds, con m\u00e1s de 55 a\u00f1os de actividad, subi\u00f3 al escenario. El saxofonista multif\u00f3nico Pablo Salas, la base s\u00f3lida de la contrabajista Marie Anne Greenham, el ritmo explosivo del baterista Edy Vega y, por supuesto, la direcci\u00f3n de T\u00e9llez, dieron muestra de su gusto por la improvisaci\u00f3n, usando incluso un perchero de bater\u00eda. Noriega los acompa\u00f1\u00f3 en el escenario para interpretar\u00a0<em>Body and Soul,<\/em>\u00a0de Frank Sinatra.<\/p>\n<p>Todo en Jazzatl\u00e1n Capital tiene que ver con este g\u00e9nero, gestado en las comunidades afroestadunidenses a modo de protesta por las duras situaciones sociopol\u00edticas del sur de Estados Unidos en el siglo XlX. El piso, est\u00e1 confeccionado con mosaicos que tienen grabadas corcheas; el soporte de las l\u00e1mparas tiene forma de trompeta y en vitrinas hay fotos de los jazzistas m\u00e1s destacados de la escena mundial.<\/p>\n<p>Dedicado a la difusi\u00f3n de esta m\u00fasica, Jazzatl\u00e1n no para. Est\u00e1 ubicado en Guanajuato 239, colonia Roma Norte. Abierto de las 18 a las 22 horas toda la semana.<\/p>\n<\/div>\n<\/div>\n<div class=\"go gui\">\n<div class=\"go-up\"><\/div>\n<\/div>\n<\/div>\n<\/article>\n<\/div>\n<div id=\"interstitialdfpportadas\"><\/div>\n","protected":false},"excerpt":{"rendered":"<p>El jazz derriba las barreras mentales y atraviesa los corazones: Iraida Noriega Jazzatl\u00e1n Capital celebr\u00f3 el D\u00eda Internacional de esta m\u00fasica el martes con una tertulia. Jes\u00fas Abraham Hern\u00e1ndez La Jornada El club Jazzatl\u00e1n Capital celebr\u00f3 el D\u00eda Internacional del Jazz el 30 de abril con una tertulia en la que resaltaron la historia de [&hellip;]<\/p>\n","protected":false},"author":249,"featured_media":36795,"comment_status":"open","ping_status":"closed","sticky":false,"template":"","format":"standard","meta":{"footnotes":""},"categories":[26],"tags":[],"class_list":["post-36794","post","type-post","status-publish","format-standard","has-post-thumbnail","hentry","category-mundo"],"_links":{"self":[{"href":"https:\/\/eloficiodehistoriar.com.mx\/index.php?rest_route=\/wp\/v2\/posts\/36794","targetHints":{"allow":["GET"]}}],"collection":[{"href":"https:\/\/eloficiodehistoriar.com.mx\/index.php?rest_route=\/wp\/v2\/posts"}],"about":[{"href":"https:\/\/eloficiodehistoriar.com.mx\/index.php?rest_route=\/wp\/v2\/types\/post"}],"author":[{"embeddable":true,"href":"https:\/\/eloficiodehistoriar.com.mx\/index.php?rest_route=\/wp\/v2\/users\/249"}],"replies":[{"embeddable":true,"href":"https:\/\/eloficiodehistoriar.com.mx\/index.php?rest_route=%2Fwp%2Fv2%2Fcomments&post=36794"}],"version-history":[{"count":1,"href":"https:\/\/eloficiodehistoriar.com.mx\/index.php?rest_route=\/wp\/v2\/posts\/36794\/revisions"}],"predecessor-version":[{"id":36796,"href":"https:\/\/eloficiodehistoriar.com.mx\/index.php?rest_route=\/wp\/v2\/posts\/36794\/revisions\/36796"}],"wp:featuredmedia":[{"embeddable":true,"href":"https:\/\/eloficiodehistoriar.com.mx\/index.php?rest_route=\/wp\/v2\/media\/36795"}],"wp:attachment":[{"href":"https:\/\/eloficiodehistoriar.com.mx\/index.php?rest_route=%2Fwp%2Fv2%2Fmedia&parent=36794"}],"wp:term":[{"taxonomy":"category","embeddable":true,"href":"https:\/\/eloficiodehistoriar.com.mx\/index.php?rest_route=%2Fwp%2Fv2%2Fcategories&post=36794"},{"taxonomy":"post_tag","embeddable":true,"href":"https:\/\/eloficiodehistoriar.com.mx\/index.php?rest_route=%2Fwp%2Fv2%2Ftags&post=36794"}],"curies":[{"name":"wp","href":"https:\/\/api.w.org\/{rel}","templated":true}]}}