{"id":36800,"date":"2024-05-02T09:21:01","date_gmt":"2024-05-02T15:21:01","guid":{"rendered":"https:\/\/eloficiodehistoriar.com.mx\/?p=36800"},"modified":"2024-05-02T09:21:01","modified_gmt":"2024-05-02T15:21:01","slug":"estudiosos-de-los-movimientos-sociales-contemporaneos-los-ciclos-historicos-y-sus-contextos-y-su-el-mapa-planetario","status":"publish","type":"post","link":"https:\/\/eloficiodehistoriar.com.mx\/?p=36800","title":{"rendered":"Estudiosos de\u00a0los movimientos sociales contempor\u00e1neos, los ciclos hist\u00f3ricos y sus contextos y su el mapa planetario"},"content":{"rendered":"<div id=\"main-cont\">\n<article>\n<div id=\"article-cont\" class=\"main-cont article-cont analysis\">\n<div class=\"cabeza\">Universidades y crisis hegem\u00f3nica<\/div>\n<div class=\"sumarios\"><\/div>\n<div class=\"credito-articulo\">John Saxe-Fern\u00e1ndez<\/div>\n<div><\/div>\n<div id=\"article-text\" class=\"text\">\n<div class=\"col col1\">\n<div class=\"inicial\">Estudiosos de\u00a0los movimientos sociales contempor\u00e1neos, los ciclos hist\u00f3ricos y sus contextos, como Carlos Antonio Aguirre Rojas se preocupan por entender los momentos\u00a0<q>de excepcional amplitud geogr\u00e1fica del mapa planetario de las distintas rebeliones populares<\/q>, es decir, aquellos momentos que configuran una amplia geograf\u00eda de revuelta mundial \u201crecordando el a\u00f1o 2011, cuando m\u00e1s all\u00e1 de sus diferencias y especificidades locales y nacionales, se sucedieron distintas revoluciones desde la llamada \u2018Primavera \u00c1rabe\u2019, las potentes movilizaciones europeas de protesta, los \u2018indignados\u2019 espa\u00f1oles, el pueblo griego, igual que los amplios movimientos de \u2018Ocupa Wall Street\u2019 en Estados Unidos, o de los estudiantes y los sectores populares en Chile o en Colombia\u201d.<\/div>\n<p>Podr\u00edamos pensar que las movilizaciones estudiantiles que han estallado en Estados Unidos y que empiezan a extenderse a varios lugares del mundo como uno de estos ciclos de revuelta mundial, buscando, como dice Aguirre, lo que comparten, la l\u00f3gica com\u00fan a pesar de las diferencias, el contexto mundial con sus complejidades, todo lo que deriva en problemas comunes y demandas parecidas, las cuales tienen su eje principal\u00a0<q>en el descontento que responde directamente al equiparable grado de avance y madurez de la crisis terminal del capitalismo tambi\u00e9n mundial<\/q>\u00a0(Carlos A. Aguirre,\u00a0<q>Las revueltas populares de 2011 en perspectiva hist\u00f3rica<\/q>,\u00a0<em>Contrahistorias<\/em>&#8230;, M\u00e9xico #18, marzo-agosto 2012).<\/p>\n<p>La crisis capitalista tiene ahora un fuerte componente \u00e9tico-moral que le ha dado potencia y proyecci\u00f3n a la movilizaci\u00f3n estudiantil desatada en las universidades de EU contra el genocidio en Gaza que sufre el pueblo palestino, perpetrado por el gobierno de Israel con la complicidad de EU y la OTAN. Este factor es lo que contribuye a su transformaci\u00f3n en un acontecer mundial, no s\u00f3lo porque desde las hist\u00f3ricas marchas en contra de la guerra de Vietnam no se hab\u00edan registrado eventos de esa magnitud en el coraz\u00f3n de la econom\u00eda de guerra de EU, sino por que los cr\u00edmenes horrendos contra mujeres, ni\u00f1as y ni\u00f1os y poblaci\u00f3n vulnerable nos afectan a todas y todos como humanidad.<\/p>\n<p>El estallamiento universitario y su inmediata descalificaci\u00f3n acus\u00e1ndolo de antisemita, pone en evidencia la ausencia de espacios para el debate, incluso en los campus universitarios. A decir de Olga Rodr\u00edguez la instrumentalizaci\u00f3n del antisemitismo es algo muy grave&#8230; Tergiversarlo y usarlo de manera falsa contra defensores de derechos humanos, contra la propia Corte Internacional de Justicia , el Tribunal Penal Internacional y contra la relatora de Naciones Unidas, es algo grav\u00edsimo que afecta los derechos de los palestinos, pero tambi\u00e9n afecta la lucha contra el antisemitismo real (La Base, 30\/4).<\/p>\n<\/div>\n<div class=\"col col2\">\n<p>La represi\u00f3n sufrida por el movimiento pro-Palestina pone en evidencia un intento por silenciar la protesta no s\u00f3lo en EU, sino en pa\u00edses europeos como en Alemania, donde fue cancelado con la irrupci\u00f3n de 2 mil 500 polic\u00edas al Congreso sobre Palestina que iba a celebrarse entre el 12 y 14 de abril en Berl\u00edn, una iniciativa conjunta de la organizaci\u00f3n\u00a0<q>una voz jud\u00eda por una paz justa en Oriente Medio<\/q>\u00a0y de un movimiento progresista paneuropeo liderado por Yanis Varoufakis, que tambi\u00e9n fue\u00a0<q>cancelado<\/q>.<\/p>\n<p>Al momento de escribir estas notas la polic\u00eda de la ciudad de Nueva York, se aprestaba a desalojar a los estudiantes de la Universidad de Columbia que se atrincheraron en uno de los edificios. Este uso de la polic\u00eda y la represi\u00f3n en las universidades es cosa de dictaduras de tercera, no de una naci\u00f3n hegem\u00f3nica.<\/p>\n<p>Al colapso \u00e9tico del liderato de ese pa\u00eds, adem\u00e1s de una econom\u00eda de guerra cuyas prioridades est\u00e1n en seguir alimentando el conflicto en Ucrania y el apoyo incondicional a Israel, hay que sumar la erosi\u00f3n del modelo privatizado de universidad como negocio \u2013EU y Chile\u2013 adem\u00e1s de la militarizaci\u00f3n, ya que todos los proyectos de investigaci\u00f3n cient\u00edfica est\u00e1n financiados por el Departamento de Defensa, lo que limita la capacidad de investigaci\u00f3n y desarrollo civiles. La Universidad como mecanismo de movilidad ascendente, ya no est\u00e1 funcionando, al hacer de la educaci\u00f3n un privilegio por el costo de la matr\u00edcula y el creciente endeudamiento del estudiantado, a lo que hay que sumar las consecuencias de la pandemia por el abandono escolar y por el abandono del Estado en rubros tan estrat\u00e9gicos.<\/p>\n<p>Reprimiendo al estudiantado, dando la espalda al futuro y persistiendo en los costos de guerra, \u00bfc\u00f3mo puede ser EU competitivo frente a China?, que seg\u00fan informe de Pol\u00edtica Estrat\u00e9gica Australiana lleva una ventaja a nivel global en 37 de 44 tecnolog\u00edas claves para la innovaci\u00f3n, adem\u00e1s de liderar la investigaci\u00f3n tecnol\u00f3gica de futuro, base para convertirse en la potencia cient\u00edfica mundial por delante de EU (\u00a0<em>Forbes<\/em>, 2\/3\/23).<\/p>\n<p>Facebook:\u00a0<a href=\"https:\/\/www.facebook.com\/JohnSaxeFernandez\/\" target=\"_blank\" rel=\"noopener\">John Saxe Fern\u00e1ndez<\/a><\/p>\n<p class=\"email\">\n<\/div>\n<\/div>\n<div class=\"go gui\">\n<div class=\"go-up\"><\/div>\n<\/div>\n<\/div>\n<\/article>\n<\/div>\n<div id=\"interstitialdfpportadas\" data-google-query-id=\"CLKlz8ah74UDFX48swAd0ugGcw\">\n<div id=\"google_ads_iframe_\/70932171\/interstitial_editorial_0__container__\"><\/div>\n<\/div>\n","protected":false},"excerpt":{"rendered":"<p>Universidades y crisis hegem\u00f3nica John Saxe-Fern\u00e1ndez Estudiosos de\u00a0los movimientos sociales contempor\u00e1neos, los ciclos hist\u00f3ricos y sus contextos, como Carlos Antonio Aguirre Rojas se preocupan por entender los momentos\u00a0de excepcional amplitud geogr\u00e1fica del mapa planetario de las distintas rebeliones populares, es decir, aquellos momentos que configuran una amplia geograf\u00eda de revuelta mundial \u201crecordando el a\u00f1o 2011, [&hellip;]<\/p>\n","protected":false},"author":249,"featured_media":36801,"comment_status":"open","ping_status":"closed","sticky":false,"template":"","format":"standard","meta":{"footnotes":""},"categories":[26],"tags":[],"class_list":["post-36800","post","type-post","status-publish","format-standard","has-post-thumbnail","hentry","category-mundo"],"_links":{"self":[{"href":"https:\/\/eloficiodehistoriar.com.mx\/index.php?rest_route=\/wp\/v2\/posts\/36800","targetHints":{"allow":["GET"]}}],"collection":[{"href":"https:\/\/eloficiodehistoriar.com.mx\/index.php?rest_route=\/wp\/v2\/posts"}],"about":[{"href":"https:\/\/eloficiodehistoriar.com.mx\/index.php?rest_route=\/wp\/v2\/types\/post"}],"author":[{"embeddable":true,"href":"https:\/\/eloficiodehistoriar.com.mx\/index.php?rest_route=\/wp\/v2\/users\/249"}],"replies":[{"embeddable":true,"href":"https:\/\/eloficiodehistoriar.com.mx\/index.php?rest_route=%2Fwp%2Fv2%2Fcomments&post=36800"}],"version-history":[{"count":1,"href":"https:\/\/eloficiodehistoriar.com.mx\/index.php?rest_route=\/wp\/v2\/posts\/36800\/revisions"}],"predecessor-version":[{"id":36802,"href":"https:\/\/eloficiodehistoriar.com.mx\/index.php?rest_route=\/wp\/v2\/posts\/36800\/revisions\/36802"}],"wp:featuredmedia":[{"embeddable":true,"href":"https:\/\/eloficiodehistoriar.com.mx\/index.php?rest_route=\/wp\/v2\/media\/36801"}],"wp:attachment":[{"href":"https:\/\/eloficiodehistoriar.com.mx\/index.php?rest_route=%2Fwp%2Fv2%2Fmedia&parent=36800"}],"wp:term":[{"taxonomy":"category","embeddable":true,"href":"https:\/\/eloficiodehistoriar.com.mx\/index.php?rest_route=%2Fwp%2Fv2%2Fcategories&post=36800"},{"taxonomy":"post_tag","embeddable":true,"href":"https:\/\/eloficiodehistoriar.com.mx\/index.php?rest_route=%2Fwp%2Fv2%2Ftags&post=36800"}],"curies":[{"name":"wp","href":"https:\/\/api.w.org\/{rel}","templated":true}]}}