{"id":36806,"date":"2024-05-02T09:40:35","date_gmt":"2024-05-02T15:40:35","guid":{"rendered":"https:\/\/eloficiodehistoriar.com.mx\/?p=36806"},"modified":"2024-05-02T09:40:35","modified_gmt":"2024-05-02T15:40:35","slug":"es-una-realidad-que-algunas-personas-se-quieren-deshacer-de-sus-propios-familiares-adultos-mayores","status":"publish","type":"post","link":"https:\/\/eloficiodehistoriar.com.mx\/?p=36806","title":{"rendered":"Es una realidad que algunas personas se quieren deshacer de sus propios familiares adultos mayores"},"content":{"rendered":"<div>\n<h1 class=\"title\">C\u00e1ritas cumple 33 a\u00f1os de ayuda y atenci\u00f3n a la poblaci\u00f3n m\u00e1s necesitada<\/h1>\n<\/div>\n<h3 class=\"subtitle\">Se\u00f1alan que es una realidad que algunas personas se quieren deshacer de sus propios familiares adultos mayores<\/h3>\n<div class=\"lead-gallery \">\n<div class=\"teaser  owl-carousel owl-theme\">\n<div class=\"owl-wrapper-outer\">\n<div class=\"owl-wrapper\">\n<div class=\"owl-item\">\n<div class=\"img-container picture\">\n<div id=\"standard_1\" class=\"st-placement standard_1 inImage\">\n<div class=\"st-adunit st-adunit-tagged st-reset st-show\">\n<div class=\"st-adunit-ad st-reset\">Tras estas m\u00e1s de tres d\u00e9cadas, agradecen principalmente a Dios y a la gente que ha cre\u00eddo en C\u00e1ritas, en su trabajo, en su labor<\/div>\n<\/div>\n<\/div>\n<\/div>\n<\/div>\n<\/div>\n<\/div>\n<\/div>\n<\/div>\n<div id=\"affix-share\" class=\"sharing-menu affix\">\n<ul>\n<li>Ariadna Garc\u00eda<\/li>\n<li>Diario de Xalapa<\/li>\n<\/ul>\n<\/div>\n<div class=\"content-body clearfix \">\n<div id=\"content-body-225-11850512\">\n<p><b>Durante 33 a\u00f1os C\u00e1ritas Diocesana ha dado apoyo y atenci\u00f3n a las poblaciones m\u00e1s necesitadas, las abandonadas y de las que nadie m\u00e1s se quiere hacer cargo. Este tiempo ha sido una bendici\u00f3n porque han logrado reconocer la presencia de Dios en toda esta obra<\/b>, dijo la contadora de la instituci\u00f3n, Eva Leticia Villagr\u00e1n Ram\u00edrez.<\/p>\n<p><i>\u201cYo creo que no hay palabras para explicarlo. Es alegr\u00eda, es una bendici\u00f3n, es reconocer tambi\u00e9n la presencia de Dios en esta obra y la presencia de muchos voluntarios y bienhechores que han pasado a trav\u00e9s de estos 33 a\u00f1os, algunos ya difuntos, que ya jubilados dieron el final de su vida al servicio de los m\u00e1s necesitados, otros que nos siguen apoyando hasta la fecha\u201d.<\/i><\/p>\n<\/div>\n<\/div>\n<div class=\"advertisment \"><\/div>\n<article class=\"content-continued-body clearfix \">\n<div id=\"content-body-5851641-11850512\">\n<ul>\n<li><\/li>\n<\/ul>\n<p>ntrevistada en el marco del <b>aniversario n\u00famero 33 que se conmemora este 3 de mayo<\/b>, refiri\u00f3 que el mismo obispo de Xalapa Jorge Carlos Patr\u00f3n Wong ha dicho que\u00a0<b>C\u00e1ritas ha sido los brazos, las manos, el hombro, el coraz\u00f3n de Cristo hacia los hermanos m\u00e1s necesitados<\/b>.<\/p>\n<p><i>\u201cSiempre hemos dicho que el servicio va hacia los pobres que nadie atiende, porque existen otras dependencias que tambi\u00e9n apoyan, pero a veces nosotros o regularmente o la mayor\u00eda de las veces atendemos a quienes nadie quiere atender. Ni\u00f1os, j\u00f3venes, adultos, ancianos, ah\u00ed est\u00e1 el ejemplo del albergue definitivo, que son adultos mayores que nadie quiere atender o que no tienen familiares o que aun teni\u00e9ndolos pues no quieren saber nada de ellos\u201d.<\/i><\/p>\n<p><i><\/i>Por ello,\u00a0<b>tras estas m\u00e1s de tres d\u00e9cadas<\/b>, dijo,\u00a0<b>agradecen principalmente a Dios y a la gente que ha cre\u00eddo en C\u00e1ritas, en su trabajo, en su labor<\/b>, lo mismo que a todos los que han prestado servicio a lo largo de los a\u00f1os.<\/p>\n<h2><b>\u00bfCu\u00e1les son los servicios de C\u00e1ritas?<\/b><\/h2>\n<p>C\u00e1ritas Diocesana, trabaja tres l\u00edneas de acci\u00f3n,\u00a0<b>la primera es la asistencia<\/b>, que es la m\u00e1s solicitada y que\u00a0<b>busca salvaguardar la vida del hermano en una emergencia, donde adem\u00e1s entra el servicio m\u00e9dico, farmacia, apoyo con ropa y el albergue<\/b>.<\/p>\n<p><i>\u201cNo s\u00e9 si todav\u00eda est\u00e1n, pero en el albergue pues ten\u00edamos unas personas de Venezuela. Por 33 a\u00f1os fue el primer servicio y antes era un lugar de paso de Colombia, m\u00e1s del Salvador, de Honduras y Nicaragua. Pasaban por aqu\u00ed y cuando llegaban del otro lado nos llamaban que ya estaban all\u00e1\u201d.<\/i><\/p>\n<div class=\"local\nmedia \"><\/p>\n<div class=\"teaser \">\n<div class=\"img-container picture\">\n<div id=\"standard_9\" class=\"st-placement standard_9 inImageRestricted\">\n<div class=\"st-adunit st-adunit-tagged st-reset st-show\">\n<div class=\"st-adunit-ad st-reset\">Durante 33 a\u00f1os C\u00e1ritas Diocesana ha dado apoyo y atenci\u00f3n a las poblaciones m\u00e1s necesitadas, las abandonadas y de las que nadie m\u00e1s se quiere hacer cargo |<\/div>\n<div class=\"st-adunit-ad st-reset\">La lista es grande porque va desde las personas que <b>solicitan di\u00e1lisis, hemodi\u00e1lisis, pagar una cuenta en el hospital o apoyo con un ata\u00fad o con l\u00e1minas<\/b>\u00a0porque que el techo lo vol\u00f3 el aire, por ejemplo.<\/div>\n<\/div>\n<\/div>\n<\/div>\n<\/div>\n<\/div>\n<p>Despu\u00e9s est\u00e1 la\u00a0<b>promoci\u00f3n humana<\/b>\u00a0con lo que\u00a0<b>ayudan al hermano a que se valga por s\u00ed mismo<\/b>,\u00a0<i>\u201cayudarle, ense\u00f1arle a pescar para que \u00e9l tenga el alimento necesario, no que dependa siempre de C\u00e1ritas, sino que, con sus propios recursos, aprenda a subsistir\u201d.<\/i><\/p>\n<p>Por \u00faltimo est\u00e1 la\u00a0<b>conciencia social\u00a0<\/b>que se hace de manera personal cuando llega el hermano para hablar con \u00e9l y tocar un poco su conciencia.<\/p>\n<p><i>\u201cPero tambi\u00e9n un cambio en las estructuras y en la sociedad para que todos tengan una vida digna se necesita de otras organizaciones y que participen, que nuestros recursos de veras sean empleados para la gente m\u00e1s necesitada. La conciencia, pues s\u00ed, tenemos poco o casi nada de la conciencia social\u201d.<\/i><\/p>\n<div class=\"local\nmedia \"><\/p>\n<div class=\"teaser \">\n<div class=\"img-container picture\">\n<div id=\"standard_10\" class=\"st-placement standard_10 inImage\">\n<div class=\"st-adunit st-adunit-tagged st-reset st-show\">\n<div class=\"st-adunit-ad st-reset\">El mismo obispo de Xalapa ha dicho que C\u00e1ritas ha sido los brazos, las manos, el hombro, el coraz\u00f3n de Cristo hacia los hermanos m\u00e1s necesitados<\/div>\n<\/div>\n<\/div>\n<\/div>\n<\/div>\n<\/div>\n<p><i><br \/>\n<\/i><\/p>\n<ul>\n<li><b>Promoci\u00f3n Humana<\/b><\/li>\n<\/ul>\n<p>Andrea Arcos, coordinadora de las C\u00e1ritas Parroquiales, explic\u00f3 que\u00a0<b>en el \u00e1rea de promoci\u00f3n humana lo que buscan es dar las herramientas a las personas para que salgan adelante por s\u00ed mismas<\/b>.<\/p>\n<p><i>\u201cY hay dos principales tipos de personas que vienen al \u00e1rea de promoci\u00f3n humana, algunos que lo que necesitan son m\u00e1s como terapia ocupacional, que necesitan esas actividades en donde puedan desarrollarse, puedan convivir con otras personas, porque hoy en d\u00eda se vive mucha situaci\u00f3n de abandono, de abuelitos que no tienen con qui\u00e9n estar, que se sienten solos, tristes, que est\u00e1n enfermos. Entonces, bueno, est\u00e1n quienes toman esta parte como terapia ocupacional\u201d.<\/i><\/p>\n<p>Pero adem\u00e1s\u00a0<b>est\u00e1n quienes necesitan las herramientas porque no tuvieron las oportunidades en cuanto a educaci\u00f3n o a los insumos para emprender\u00a0<\/b>y generar su propia fuente de trabajo.<\/p>\n<ul>\n<li><i><b>\u00a0<\/b><\/i><\/li>\n<\/ul>\n<p><i>\u201cPara que, si aprendieron a hacer tamales o ya sab\u00edan, pero no tienen como ahora vender los tamales, por ejemplo, en C\u00e1ritas se les apoya para eso, para que salgan adelante. Se les da como el primer empuj\u00f3n, se les dan las herramientas y entonces ya ellos en adelante buscan esa manera de generar sus propios ingresos y no quedarse en la situaci\u00f3n de necesidad en la que, en el momento en que llegan a Caritas est\u00e1n\u201d.<\/i><\/p>\n<p><b>Los cursos y talleres<\/b>, explic\u00f3, se dan de acuerdo a las necesidades que hay en esa comunidad y de los\u00a0<b>voluntarios quienes ofrecen sus dones y talentos para que otras personas tambi\u00e9n aprendan<\/b>.<\/p>\n<h2><b>\u00bfQu\u00e9 talleres se ofrecen en C\u00e1ritas?<\/b><\/h2>\n<p>Algunos de estos son los de\u00a0<b>reposter\u00eda<\/b>, el taller de\u00a0<b>manualidades<\/b>, hasta apoyo en\u00a0<b>tareas para los ni\u00f1os de primaria, secundaria o de huertos org\u00e1nicos<\/b>\u00a0y de\u00a0<b>traspatio<\/b>.<\/p>\n<p><i>\u201cLos talleres se van renovando, toda la vida se han dado, los 33 a\u00f1os que lleva Caritas, los 33 a\u00f1os ha promovido esta \u00e1rea del desarrollo humano, pero depende mucho de las necesidades de la comunidad y de las manos que tengamos para ofrecerlos, incluso del inter\u00e9s de las personas porque lo m\u00e1s solicitado, asistencia social, en el momento de la urgencia que se les apoye con lo que necesitan. Para nosotros no es solo quedarnos ah\u00ed, sino ayudarlos a que den el siguiente paso, pero hay algunas personas que ya no est\u00e1n interesadas en ese siguiente paso\u201d.<\/i><\/p>\n<p>Algunos talleres son los de reposter\u00eda, de manualidades, hasta apoyo en tareas para los ni\u00f1os de primaria, secundaria o de huertos org\u00e1nicos y de traspatio |<\/p>\n<p><i><br \/>\n<\/i><\/p>\n<h2><b>\u00bfCu\u00e1ndo iniciaron los servicios de C\u00e1ritas?<\/b><\/h2>\n<p>As\u00ed, recuerdan que\u00a0<b>el 3 de mayo de 1991 los servicios que se iniciaron fue el albergue, los cursos de corte y confecci\u00f3n<\/b>, impartidos por una maestra que muchos a\u00f1os los imparti\u00f3 y que ten\u00eda en diciembre una exposici\u00f3n de adornos de navidad y de vestidos.<\/p>\n<ul>\n<li><i><b>M\u00e1s informaci\u00f3n:\u00a0<a href=\"https:\/\/www.diariodexalapa.com.mx\/local\/que-hace-el-banco-de-alimentos-de-xalapa-institucion-inicia-el-2024-con-15-mil-familias-en-lista-de-espera-11232930.html\" target=\"_blank\" rel=\"Follow noopener\">Banco de Alimentos de Xalapa inicia a\u00f1o con 15 mil familias en lista de espera<\/a><\/b><\/i><\/li>\n<\/ul>\n<p><i>\u201cDespu\u00e9s una alumna se capacit\u00f3 y aprendi\u00f3 este taller que lo sigui\u00f3 dando por muchos a\u00f1os y apenas hace como tres a\u00f1os que falleci\u00f3 la maestra Carmelita y estuvo desde el inicio dando los cursos aqu\u00ed en Altamirano y Betancourt, y el otro servicio que se inici\u00f3 fue el bazar\u201d.<\/i><\/p>\n<p><b>Durante este tiempo no han dejado de existir personas necesitadas<\/b>, pues incluso en el Evangelio, Jes\u00fas dice a los pobres, siempre los tendr\u00e1s, agregan.<\/p>\n<p><i>\u201cEntonces, nosotros siempre hemos visto que hay gente necesitada. Y ahora que tiene tres a\u00f1os o dos que pas\u00f3 la pandemia, pues se agudiz\u00f3. Gente que perdi\u00f3 el empleo, hasta que perdi\u00f3 la vida, que cerraron muchos negocios, ah\u00ed tienes un ejemplo de que existe la pobreza. Y pues ya en estos 33 a\u00f1os, si no era una cosa, era otra, pero siempre ha habido gente muy necesitada, muy necesitada, que no tiene lo necesario para vivir\u201d.<\/i><\/p>\n<p>Las necesidades van cambiando porque a partir de la pandemia, por ejemplo, surgieron muchas necesidades en cuanto a enfermedades mentales, ansiedad o depresi\u00f3n | Foto ilustrativa: Ren\u00e9 Corrales | Diario de Xalapa<\/p>\n<p>Sin embargo, <b>las necesidades van cambiando porque a partir de la pandemia<\/b>, por ejemplo,\u00a0<b>surgieron muchas necesidades en cuanto a enfermedades mentales, ansiedad o depresi\u00f3n<\/b>.<\/p>\n<p><i>\u201cPersonas que no supieron sobrellevar o no pudieron sobrellevar esto, que perdieron familiares, que se quedaron con deudas por tratamientos de hospitales. Entonces, todo esto lo que nos desemboc\u00f3 tambi\u00e9n fue en cu\u00e1nta gente ahora necesita orientaci\u00f3n psicol\u00f3gica, el apoyo con la consulta, es uno de los servicios que s\u00ed ha aumentado aqu\u00ed en C\u00e1ritas. Tenemos, gracias a Dios, varios psic\u00f3logos voluntarios. Sin embargo, la necesidad de la gente para este servicio es muy, muy grande\u201d.<\/i><\/p>\n<ul>\n<li><i><b>\u00a0<\/b><\/i><\/li>\n<\/ul>\n<h2><b>\u00bfC\u00f3mo celebrar\u00e1 C\u00e1ritas su 33 aniversario?<\/b><\/h2>\n<p>La hermana Mar\u00eda Luisa P\u00e9rez Aguilar y administradora de C\u00e1ritas dijo que en este tiempo\u00a0<b>agradecen a Dios la oportunidad que les da de ser solidarios, porque mucha gente ha podido compartir sus bienes para los pobres y necesitados<\/b>.<\/p>\n<p>Dijo que por ello habr\u00e1 una\u00a0<b>celebraci\u00f3n eucar\u00edstica en la Rector\u00eda de los Corazones el 3 de mayo a las 19:00 horas<\/b>\u00a0para agradecer a Dios.<\/p>\n<p><i>\u201cLes hemos pedido a los voluntarios, a los que han estado constantemente apoyando, que asistan, participen en esta acci\u00f3n de gracias. Por eso, el d\u00eda domingo tambi\u00e9n quisimos que el se\u00f1or arzobispo en la Eucarist\u00eda unirnos para agradecer por esta gran oportunidad de compartir, de ser solidarios, de poder apoyar a toda esa gente que est\u00e1 necesitada y que muchas veces, como ya se ha dicho, no encuentran el apoyo en otro lado\u201d.<\/i><\/p>\n<div class=\"local\nmedia \"><\/p>\n<div class=\"teaser \">\n<div class=\"img-container picture\">\n<div class=\"picture-caption\n\"><\/p>\n<h4>Y es que, al a\u00f1o, del total de los servicios que se prestan en C\u00e1ritas Diocesana en el centro y las C\u00e1ritas Parroquiales, <b>son 90 mil personas las que se atienden en promedio siendo los m\u00e1s demandados actualmente es el de psicolog\u00eda que creci\u00f3 a partir de la pandemi<\/b>a, lo mismo que las \u00e1reas de alimentaci\u00f3n, comedor, despensas y en el \u00e1rea de salud, farmacia y tratamientos m\u00e9dicos.<\/h4>\n<\/div>\n<\/div>\n<\/div>\n<\/div>\n<p>Otra atenci\u00f3n fundamental es la del\u00a0<b>albergue definitivo<\/b>\u00a0ubicado en la calle Venus n\u00famero 8, Colonia 26 de agosto,\u00a0<b>donde actualmente se atiende a 36 adultos mayores y donde se tiene una larga lista de espera<\/b>.<\/p>\n<p><i>\u201c\u00bfDe qu\u00e9 depende esta lista de espera? Bueno, lo primero es que las personas para ingresar al albergue definitivo tienen que ser personas que quieran entrar al albergue porque no todos quieren y que est\u00e9n en situaci\u00f3n, de abandono o sin respaldo familiar porque para ellos es este albergue, solamente aquellos que est\u00e1n en esta situaci\u00f3n que no cuentan con nadie son los que son candidatos para entrar al albergue\u201d.<\/i><\/p>\n<ul>\n<li><\/li>\n<\/ul>\n<p><b>Y es que es una realidad que algunas personas que tienen familiares se quieren deshacer de sus propios adultos mayores<\/b>\u00a0<i>\u201cy eso tambi\u00e9n nosotros nos lleva a tener una pl\u00e1tica con ellos para decir que es tu responsabilidad y t\u00fa tienes que ver por ellos, no es un mueble que ya se deshace, por eso es que hay una lista de espera y por eso es que se estudian bien los casos\u201d.<\/i><\/p>\n<\/div>\n<\/article>\n","protected":false},"excerpt":{"rendered":"<p>C\u00e1ritas cumple 33 a\u00f1os de ayuda y atenci\u00f3n a la poblaci\u00f3n m\u00e1s necesitada Se\u00f1alan que es una realidad que algunas personas se quieren deshacer de sus propios familiares adultos mayores Tras estas m\u00e1s de tres d\u00e9cadas, agradecen principalmente a Dios y a la gente que ha cre\u00eddo en C\u00e1ritas, en su trabajo, en su labor [&hellip;]<\/p>\n","protected":false},"author":249,"featured_media":36807,"comment_status":"open","ping_status":"closed","sticky":false,"template":"","format":"standard","meta":{"footnotes":""},"categories":[26],"tags":[],"class_list":["post-36806","post","type-post","status-publish","format-standard","has-post-thumbnail","hentry","category-mundo"],"_links":{"self":[{"href":"https:\/\/eloficiodehistoriar.com.mx\/index.php?rest_route=\/wp\/v2\/posts\/36806","targetHints":{"allow":["GET"]}}],"collection":[{"href":"https:\/\/eloficiodehistoriar.com.mx\/index.php?rest_route=\/wp\/v2\/posts"}],"about":[{"href":"https:\/\/eloficiodehistoriar.com.mx\/index.php?rest_route=\/wp\/v2\/types\/post"}],"author":[{"embeddable":true,"href":"https:\/\/eloficiodehistoriar.com.mx\/index.php?rest_route=\/wp\/v2\/users\/249"}],"replies":[{"embeddable":true,"href":"https:\/\/eloficiodehistoriar.com.mx\/index.php?rest_route=%2Fwp%2Fv2%2Fcomments&post=36806"}],"version-history":[{"count":1,"href":"https:\/\/eloficiodehistoriar.com.mx\/index.php?rest_route=\/wp\/v2\/posts\/36806\/revisions"}],"predecessor-version":[{"id":36808,"href":"https:\/\/eloficiodehistoriar.com.mx\/index.php?rest_route=\/wp\/v2\/posts\/36806\/revisions\/36808"}],"wp:featuredmedia":[{"embeddable":true,"href":"https:\/\/eloficiodehistoriar.com.mx\/index.php?rest_route=\/wp\/v2\/media\/36807"}],"wp:attachment":[{"href":"https:\/\/eloficiodehistoriar.com.mx\/index.php?rest_route=%2Fwp%2Fv2%2Fmedia&parent=36806"}],"wp:term":[{"taxonomy":"category","embeddable":true,"href":"https:\/\/eloficiodehistoriar.com.mx\/index.php?rest_route=%2Fwp%2Fv2%2Fcategories&post=36806"},{"taxonomy":"post_tag","embeddable":true,"href":"https:\/\/eloficiodehistoriar.com.mx\/index.php?rest_route=%2Fwp%2Fv2%2Ftags&post=36806"}],"curies":[{"name":"wp","href":"https:\/\/api.w.org\/{rel}","templated":true}]}}