{"id":36813,"date":"2024-05-03T11:54:30","date_gmt":"2024-05-03T17:54:30","guid":{"rendered":"https:\/\/eloficiodehistoriar.com.mx\/?p=36813"},"modified":"2024-05-03T11:54:30","modified_gmt":"2024-05-03T17:54:30","slug":"eeleer-a-paul-auster-es-el-mejor-homenaje-a-su-obra-la-de-vietnam-como-la-de-palestina-son-guerras-ilegales","status":"publish","type":"post","link":"https:\/\/eloficiodehistoriar.com.mx\/?p=36813","title":{"rendered":"Eeleer a Paul Auster es el mejor homenaje a su obra. \u00abLa de Vietnam como la de Palestina son guerras ilegales\u00bb"},"content":{"rendered":"<div id=\"main-cont\">\n<article>\n<div id=\"article-cont\" class=\"main-cont article-cont analysis\">\n<div class=\"cabeza\">Paul Auster y los movimientos estudiantiles contra las guerras<\/div>\n<div class=\"sumarios\"><\/div>\n<div class=\"credito-articulo\">hip\u00f3lito rodr\u00edguez*<\/div>\n<div><\/div>\n<div id=\"article-text\" class=\"text\">\n<div class=\"col col1\">\n<div class=\"inicial\">Paul Auster acaba de<em>\u00a0<\/em>morir, pero est\u00e1 m\u00e1s vivo que nunca. En 2017 public\u00f3 su gran novela\u00a0<em>4321<\/em>, un retrato de un periodo fundamental en la vida de los estadunidenses nacidos, como \u00e9l, al terminar la Segunda Guerra Mundial. La novela nos da un fresco de los acontecimientos que vivieron todos aquellos ciudadanos que comenzaron a participar en la vida pol\u00edtica y cultural hacia 1964, es decir, los a\u00f1os en los que el gobierno de Estados Unidos decidi\u00f3 atacar a un pueblo del sureste asiatico \u2013Vietnam\u2013 con todo el arsenal disponible para quebrantar su independencia.<\/div>\n<p>Para todos los que vivimos esos a\u00f1os, esa guerra nos mostr\u00f3 el heroismo de un pueblo por resistir a una potencia. Hoy, cuando el pueblo palestino enfrenta nuevamente a esa potencia, encarnada ahora en un t\u00edtere que defiende la ocupaci\u00f3n de sus tierras, releer a Paul Auster es el mejor homenaje a su obra. La de Vietnam como la de Palestina son guerras ilegales, inmorales e injustas. De ah\u00ed que los j\u00f3venes de ayer como los de hoy, esos estudiantes que en la Universidad Nacional Aut\u00f3noma de M\u00e9xico no faltan, se manifiesten contra ellas.<\/p>\n<p>Paul Auster evoca en la novela un episodio que se parece mucho a lo que en este momento vivimos. Los dos personajes que est\u00e1n viviendo esos acontecimientos, Ferguson y su pareja Amy, est\u00e1n atentos a las noticias:\u00a0<q>Despu\u00e9s de leer la relaci\u00f3n de un sacerdote cat\u00f3lico franc\u00e9s que hab\u00eda presenciado c\u00f3mo sus parroquianos perec\u00edan arrasados por el napalm, Norman Morrison, de 31 a\u00f1os y padre de tres hijos, fue en coche desde su casa en Baltimore hasta Washington, Distrito de Columbia, se sent\u00f3 a menos de 50 metros de la ventana del despacho de Robert McNamara, se roci\u00f3 el cuerpo de queroseno y se inmol\u00f3 en muda protesta contra la guerra. Los testigos contaban que las llamas ascendieron a m\u00e1s de tres metros por el aire, una erupci\u00f3n de fuego semejante a la causada por el napalm arrojado de un avi\u00f3n<\/q>.<\/p>\n<\/div>\n<div class=\"col col2\">\n<p>Amy ten\u00eda raz\u00f3n. El peque\u00f1o alboroto, casi invisible, llamado Vietnam hab\u00eda cobrado las dimensiones de un conflicto m\u00e1s grande que Corea, mayor que ninguno desde la Segunda Guerra Mundial, y segu\u00eda creciendo d\u00eda tras d\u00eda, cada hora se enviaban m\u00e1s tropas a aquel remoto y empobrecido pa\u00eds del otro lado del mundo para combatir la amenaza del comunismo y evitar que el norte conquistara el sur, 200 mil, 400 mil, 500 mil j\u00f3venes de la generaci\u00f3n de Ferguson enviados a la selva y a aldeas de las que nadie hab\u00eda o\u00eddo hablar ni era capaz de localizar en el mapa, y a diferencia de Corea y de la Segunda Guerra Mundial, que se hab\u00eda librado a miles de kil\u00f3metros de territorio estadunidense, aquella guerra se libraba tanto en Vietnam como en casa.<\/p>\n<p>Ferguson, encarnaci\u00f3n del propio Auster, admiraba a los estudiantes que se manifiestan contra la guerra: consideraba a aquellos muchachos como los estadunidenses m\u00e1s valientes, los ciudadanos con m\u00e1s principios del pa\u00eds. Los apoyaba con todas sus fuerzas y se manifestar\u00eda contra la guerra hasta que el \u00faltimo soldado volviera a casa\u2026<\/p>\n<p>Y as\u00ed como los estudiantes de Columbia hoy manifiestan su repudio al apoyo que su pa\u00eds brinda a Israel, as\u00ed tambi\u00e9n en 1968 se movilizaron para detener la destrucci\u00f3n de un peque\u00f1o pueblo. Pasan los a\u00f1os, pero la novela de Auster nos sigue preguntando: \u00bfacaso el mundo puede permanecer en silencio frente al genocidio?<\/p>\n<p>*\u00a0<em>Doctor en ciencias sociales<\/em><\/p>\n<p class=\"email\">\n<\/div>\n<\/div>\n<div class=\"go gui\">\n<div class=\"go-up\"><\/div>\n<\/div>\n<\/div>\n<\/article>\n<\/div>\n<div id=\"interstitialdfpportadas\" data-google-query-id=\"COHjlZ2F8oUDFbD14wcdDHsEFw\">\n<div id=\"google_ads_iframe_\/70932171\/interstitial_editorial_0__container__\"><\/div>\n<\/div>\n","protected":false},"excerpt":{"rendered":"<p>Paul Auster y los movimientos estudiantiles contra las guerras hip\u00f3lito rodr\u00edguez* Paul Auster acaba de\u00a0morir, pero est\u00e1 m\u00e1s vivo que nunca. En 2017 public\u00f3 su gran novela\u00a04321, un retrato de un periodo fundamental en la vida de los estadunidenses nacidos, como \u00e9l, al terminar la Segunda Guerra Mundial. La novela nos da un fresco de [&hellip;]<\/p>\n","protected":false},"author":249,"featured_media":36814,"comment_status":"open","ping_status":"closed","sticky":false,"template":"","format":"standard","meta":{"footnotes":""},"categories":[26],"tags":[],"class_list":["post-36813","post","type-post","status-publish","format-standard","has-post-thumbnail","hentry","category-mundo"],"_links":{"self":[{"href":"https:\/\/eloficiodehistoriar.com.mx\/index.php?rest_route=\/wp\/v2\/posts\/36813","targetHints":{"allow":["GET"]}}],"collection":[{"href":"https:\/\/eloficiodehistoriar.com.mx\/index.php?rest_route=\/wp\/v2\/posts"}],"about":[{"href":"https:\/\/eloficiodehistoriar.com.mx\/index.php?rest_route=\/wp\/v2\/types\/post"}],"author":[{"embeddable":true,"href":"https:\/\/eloficiodehistoriar.com.mx\/index.php?rest_route=\/wp\/v2\/users\/249"}],"replies":[{"embeddable":true,"href":"https:\/\/eloficiodehistoriar.com.mx\/index.php?rest_route=%2Fwp%2Fv2%2Fcomments&post=36813"}],"version-history":[{"count":1,"href":"https:\/\/eloficiodehistoriar.com.mx\/index.php?rest_route=\/wp\/v2\/posts\/36813\/revisions"}],"predecessor-version":[{"id":36815,"href":"https:\/\/eloficiodehistoriar.com.mx\/index.php?rest_route=\/wp\/v2\/posts\/36813\/revisions\/36815"}],"wp:featuredmedia":[{"embeddable":true,"href":"https:\/\/eloficiodehistoriar.com.mx\/index.php?rest_route=\/wp\/v2\/media\/36814"}],"wp:attachment":[{"href":"https:\/\/eloficiodehistoriar.com.mx\/index.php?rest_route=%2Fwp%2Fv2%2Fmedia&parent=36813"}],"wp:term":[{"taxonomy":"category","embeddable":true,"href":"https:\/\/eloficiodehistoriar.com.mx\/index.php?rest_route=%2Fwp%2Fv2%2Fcategories&post=36813"},{"taxonomy":"post_tag","embeddable":true,"href":"https:\/\/eloficiodehistoriar.com.mx\/index.php?rest_route=%2Fwp%2Fv2%2Ftags&post=36813"}],"curies":[{"name":"wp","href":"https:\/\/api.w.org\/{rel}","templated":true}]}}