{"id":36816,"date":"2024-05-03T11:57:43","date_gmt":"2024-05-03T17:57:43","guid":{"rendered":"https:\/\/eloficiodehistoriar.com.mx\/?p=36816"},"modified":"2024-05-03T11:57:43","modified_gmt":"2024-05-03T17:57:43","slug":"hace-200-anos-el-7-de-mayo-de-1824-se-estreno-en-viena-la-novena-sinfonia-de-beethoven","status":"publish","type":"post","link":"https:\/\/eloficiodehistoriar.com.mx\/?p=36816","title":{"rendered":"Hace 200 a\u00f1os, el 7 de mayo de 1824, se estren\u00f3 en Viena la Novena Sinfon\u00eda de Beethoven"},"content":{"rendered":"<div id=\"main-cont\">\n<article>\n<div id=\"article-cont\" class=\"main-cont article-cont actuality\">\n<div class=\"cabeza\">Museo en Bonn ofrece un vistazo al gabinete de composici\u00f3n de Beethoven<\/div>\n<div class=\"sumarios\"><\/div>\n<div id=\"article-text\" class=\"text\">\n<div class=\"foto\">\n<div class=\"pie-foto\">La Beethoven Haus abri\u00f3 la exposici\u00f3n <em>El camino de la Novena<\/em> para celebrar 200 a\u00f1os de la pieza, hoy convertida en himno europeo. Aqu\u00ed, art\u00edculos de la exhibici\u00f3n.<\/div>\n<div><\/div>\n<\/div>\n<div class=\"col col1\">\n<div class=\"credito-autor\">Jes\u00fas Abraham Hern\u00e1ndez<\/div>\n<div class=\"credito-titulo\"><\/div>\n<div class=\"hemero\">La Jornada<\/p>\n<\/div>\n<p class=\"s-s\">Hace 200 a\u00f1os, el 7 de mayo de 1824, se estren\u00f3 en Viena la Novena Sinfon\u00eda de Beethoven en una\u00a0<q>academia<\/q>, como se llamaba entonces a los conciertos. Como parte del aniversario del nacimiento de dicha pieza, el museo Beethoven Haus, en la ciudad alemana de Bonn, present\u00f3 una exposici\u00f3n especial titulada\u00a0<em>El camino de la Novena: De Baden al mundo.<\/em><\/p>\n<p>La muestra, basada en dos cartas escritas por el c\u00e9lebre compositor en Baden, Austria, en septiembre de 1823, muestra el significado de la Novena desde su estreno hasta la actualidad, adem\u00e1s de resaltar la importancia que tuvo dicha ciudad en la vida del compositor y pianista alem\u00e1n, donde pas\u00f3 sus veranos por m\u00e1s de 15 a\u00f1os.<\/p>\n<p>Durante el recorrido se puede observar el cuaderno de Wittgenstein con los bocetos de Beethoven para la fuga final del Credo, as\u00ed como una hoja de un cuaderno de bolsillo con otros dibujos para la\u00a0<em>Missa solemnis\u00a0<\/em>y la plantilla de grabado para la obertura de la fiesta. Adem\u00e1s, la muestra cuenta con representaciones de figuras aleg\u00f3ricas que ilustran el texto de la\u00a0<em>Oda a la alegr\u00eda\u00a0<\/em>en el cuarto movimiento, as\u00ed como caricaturas que pueden interpretarse pol\u00edticamente.<\/p>\n<p>Sobre la exposici\u00f3n, la conservadora de la colecci\u00f3n de la Casa Beethoven Bonn, Julia Ronge, precis\u00f3 que se exhiben \u201cmanuscritos originales y documentos importantes para la Novena sinfon\u00eda y otras obras que se incluyeron en el concierto de estreno hace 200 a\u00f1os, como la\u00a0<em>Missa solemnis op.\u00a0<\/em>123 y la obertura del festival\u00a0<em>La consagraci\u00f3n de la casa op.\u00a0<\/em>124\u201d, inform\u00f3 el museo en su p\u00e1gina web.<\/p>\n<\/div>\n<div class=\"col col2\">\n<p>Adem\u00e1s, con el prop\u00f3sito de dar oportunidad a los visitantes de todo el mundo de ver algunos manuscritos originales de Beethoven, el museo decidi\u00f3 trasladarlos de la sala principal de exposiciones, donde se exhib\u00edan desde 2020, a la bodega del edificio vecino, pues ah\u00ed cuentan con condiciones clim\u00e1ticas controladas y as\u00ed se evita el da\u00f1o que genera la luz del d\u00eda en el papel.<\/p>\n<p><q>El prop\u00f3sito es siempre echar un vistazo al interior del gabinete de composici\u00f3n de Beethoven para que los visitantes puedan observar cada una de las etapas del trabajo creativo del m\u00fasico, desde el boceto hasta la impresi\u00f3n acabada de una obra, flanqueados por documentos de acompa\u00f1amiento como cartas, listas de correcciones y contratos<\/q>, a\u00f1adi\u00f3 Ronge.<\/p>\n<p>La Novena cobr\u00f3 un significado especial como himno europeo, como documenta una carta tambi\u00e9n expuesta de Richard Coudenhove-Kalergi, fundador de la Uni\u00f3n Paneuropea, quien propuso en 1955 la\u00a0<em>Oda a la alegr\u00eda\u00a0<\/em>como himno europeo.<\/p>\n<p>En 1985, los jefes de Estado y gobierno de la Uni\u00f3n Europea lo adoptaron como himno oficial.<\/p>\n<\/div>\n<\/div>\n<div class=\"go gui\">\n<div class=\"go-up\"><\/div>\n<\/div>\n<\/div>\n<\/article>\n<\/div>\n<div id=\"interstitialdfpportadas\"><\/div>\n","protected":false},"excerpt":{"rendered":"<p>Museo en Bonn ofrece un vistazo al gabinete de composici\u00f3n de Beethoven La Beethoven Haus abri\u00f3 la exposici\u00f3n El camino de la Novena para celebrar 200 a\u00f1os de la pieza, hoy convertida en himno europeo. Aqu\u00ed, art\u00edculos de la exhibici\u00f3n. Jes\u00fas Abraham Hern\u00e1ndez La Jornada Hace 200 a\u00f1os, el 7 de mayo de 1824, se [&hellip;]<\/p>\n","protected":false},"author":249,"featured_media":36817,"comment_status":"open","ping_status":"closed","sticky":false,"template":"","format":"standard","meta":{"footnotes":""},"categories":[26],"tags":[],"class_list":["post-36816","post","type-post","status-publish","format-standard","has-post-thumbnail","hentry","category-mundo"],"_links":{"self":[{"href":"https:\/\/eloficiodehistoriar.com.mx\/index.php?rest_route=\/wp\/v2\/posts\/36816","targetHints":{"allow":["GET"]}}],"collection":[{"href":"https:\/\/eloficiodehistoriar.com.mx\/index.php?rest_route=\/wp\/v2\/posts"}],"about":[{"href":"https:\/\/eloficiodehistoriar.com.mx\/index.php?rest_route=\/wp\/v2\/types\/post"}],"author":[{"embeddable":true,"href":"https:\/\/eloficiodehistoriar.com.mx\/index.php?rest_route=\/wp\/v2\/users\/249"}],"replies":[{"embeddable":true,"href":"https:\/\/eloficiodehistoriar.com.mx\/index.php?rest_route=%2Fwp%2Fv2%2Fcomments&post=36816"}],"version-history":[{"count":1,"href":"https:\/\/eloficiodehistoriar.com.mx\/index.php?rest_route=\/wp\/v2\/posts\/36816\/revisions"}],"predecessor-version":[{"id":36818,"href":"https:\/\/eloficiodehistoriar.com.mx\/index.php?rest_route=\/wp\/v2\/posts\/36816\/revisions\/36818"}],"wp:featuredmedia":[{"embeddable":true,"href":"https:\/\/eloficiodehistoriar.com.mx\/index.php?rest_route=\/wp\/v2\/media\/36817"}],"wp:attachment":[{"href":"https:\/\/eloficiodehistoriar.com.mx\/index.php?rest_route=%2Fwp%2Fv2%2Fmedia&parent=36816"}],"wp:term":[{"taxonomy":"category","embeddable":true,"href":"https:\/\/eloficiodehistoriar.com.mx\/index.php?rest_route=%2Fwp%2Fv2%2Fcategories&post=36816"},{"taxonomy":"post_tag","embeddable":true,"href":"https:\/\/eloficiodehistoriar.com.mx\/index.php?rest_route=%2Fwp%2Fv2%2Ftags&post=36816"}],"curies":[{"name":"wp","href":"https:\/\/api.w.org\/{rel}","templated":true}]}}