{"id":36886,"date":"2024-06-13T12:20:33","date_gmt":"2024-06-13T18:20:33","guid":{"rendered":"https:\/\/eloficiodehistoriar.com.mx\/?p=36886"},"modified":"2024-06-13T12:20:33","modified_gmt":"2024-06-13T18:20:33","slug":"alcaraz-quien-debutara-en-unos-juegos-olimpicos-esta-considerado-el-heredero-de-nadal-en-el-tenis-espanol","status":"publish","type":"post","link":"https:\/\/eloficiodehistoriar.com.mx\/?p=36886","title":{"rendered":"Alcaraz, quien debutar\u00e1 en unos Juegos Ol\u00edmpicos, est\u00e1 considerado el heredero de Nadal en el tenis espa\u00f1ol"},"content":{"rendered":"<div class=\"sumarios\">\n<p>Formar\u00e1n dupla en Juegos Ol\u00edmpicos<\/p>\n<\/div>\n<div class=\"cabeza\">El pasado glorioso de Nadal y el futuro prometedor de Alcaraz, juntos en Par\u00eds<\/div>\n<div class=\"sumarios\"><\/div>\n<div id=\"article-text\" class=\"text\">\n<div class=\"col col1\">\n<div class=\"credito-autor\">Ap<\/div>\n<div class=\"credito-titulo\"><\/div>\n<div class=\"hemero\">La Jornada<\/p>\n<\/div>\n<p class=\"s-s\">Madrid.<\/p>\n<p class=\"s-s\">El pasado glorioso y el futuro prometedor se dan la mano en la cancha de tenis. Rafael Nadal y Carlos Alcaraz formar\u00e1n una de las du-plas de dobles de Espa\u00f1a en los Juegos Ol\u00edmpicos de Par\u00eds, inform\u00f3 la federaci\u00f3n de ese deporte en su pa\u00eds.<\/p>\n<p>El anuncio se produjo tres d\u00edas despu\u00e9s de que Alcaraz, de 21 a\u00f1os, gan\u00f3 su primer Roland Garros, el tercer t\u00edtulo de\u00a0<em>Grand Slam<\/em>\u00a0de su carrera.<\/p>\n<p>Las mismas pistas que se usan para el Abierto de Francia ser\u00e1n escenario del tenis ol\u00edmpico. Nadal es due\u00f1o del r\u00e9cord de Roland Garros con sus 14 consagraciones en sencillos.<\/p>\n<p>Alcaraz, quien debutar\u00e1 en unos Juegos Ol\u00edmpicos, est\u00e1 considerado el heredero de Nadal en el tenis espa\u00f1ol, y ha comentado con frecuencia que el tenista mallorqu\u00edn era su h\u00e9roe de la infancia.<\/p>\n<p>Nadal, de 38 a\u00f1os, ya tiene dos oros ol\u00edmpicos \u2013uno individual en Pek\u00edn 2008 y uno en dobles junto a Marc L\u00f3pez en R\u00edo 2016\u2013 en un palmar\u00e9s que incluye 22\u00a0<em>majors<\/em>.<\/p>\n<p><q>Rafa y Carlos van a estar jugando juntos en Par\u00eds si nada lo im-pide<\/q>, dijo el capit\u00e1n de Espa\u00f1a, el ex tenista David Ferrer, al anunciar la lista de convocados.<\/p>\n<\/div>\n<div class=\"col col2\">\n<div class=\"foto\">\n<div class=\"pie-foto\">En la cita veraniega de Pek\u00edn 2008, Nadal\u00a0 gan\u00f3 su primera medalla dorada y ahora compartir\u00e1 su experiencia con el juvenil Alcaraz quien en d\u00edas recientes alz\u00f3 su primer t\u00edtulo de Roland Garros en la capital francesa, misma cancha de arcilla donde se jugar\u00e1 el tenis ol\u00edmpico.<\/div>\n<\/div>\n<p>Alcaraz se propuso obtener una medalla para Espa\u00f1a como uno de sus principales objetivos. Lo reiter\u00f3 tras su coronaci\u00f3n en Roland Garros el fin de semana, al resaltar que prefiere un oro en Par\u00eds 2024 que revalidar su t\u00edtulo de Wimbledon.<\/p>\n<p><q>Los Juegos son cada cuatro a\u00f1os y es un torneo especial donde no juegas por ti solo, sino que lo haces por un pa\u00eds representando a todos los espa\u00f1oles<\/q>, expres\u00f3 el n\u00famero dos del mundo.\u00a0<q>Creo que este a\u00f1o elegir\u00eda un oro ol\u00edmpico<\/q>.<\/p>\n<p>Nadal, quien perdi\u00f3 ante Alexander Zverev en la primera ronda de Roland Garros este a\u00f1o, ha indicado que es muy posible que este sea el \u00faltimo a\u00f1o en la gira tras una serie de lesiones.<\/p>\n<p>Pablo Carre\u00f1o Busta, Alejandro Davidovich y Marcel Granollers completan el equipo masculino espa\u00f1ol para la cita veraniega en la ciudad francesa.<\/p>\n<p>La capitana Anabel Medina se-leccion\u00f3 a Sara Sorribes Tormo (55) y Cristina Bucsa (67) \u2013las espa\u00f1olas con mejor clasificaci\u00f3n\u2013 para el equipo femenino. Paula Badosa decidi\u00f3 no competir, ya que apenas le quedan un par de torneos por disputar con su\u00a0<em>ranking<\/em>\u00a0protegido.<\/p>\n<\/div>\n<\/div>\n","protected":false},"excerpt":{"rendered":"<p>Formar\u00e1n dupla en Juegos Ol\u00edmpicos El pasado glorioso de Nadal y el futuro prometedor de Alcaraz, juntos en Par\u00eds Ap La Jornada Madrid. El pasado glorioso y el futuro prometedor se dan la mano en la cancha de tenis. Rafael Nadal y Carlos Alcaraz formar\u00e1n una de las du-plas de dobles de Espa\u00f1a en los [&hellip;]<\/p>\n","protected":false},"author":249,"featured_media":36887,"comment_status":"open","ping_status":"closed","sticky":false,"template":"","format":"standard","meta":{"footnotes":""},"categories":[26],"tags":[],"class_list":["post-36886","post","type-post","status-publish","format-standard","has-post-thumbnail","hentry","category-mundo"],"_links":{"self":[{"href":"https:\/\/eloficiodehistoriar.com.mx\/index.php?rest_route=\/wp\/v2\/posts\/36886","targetHints":{"allow":["GET"]}}],"collection":[{"href":"https:\/\/eloficiodehistoriar.com.mx\/index.php?rest_route=\/wp\/v2\/posts"}],"about":[{"href":"https:\/\/eloficiodehistoriar.com.mx\/index.php?rest_route=\/wp\/v2\/types\/post"}],"author":[{"embeddable":true,"href":"https:\/\/eloficiodehistoriar.com.mx\/index.php?rest_route=\/wp\/v2\/users\/249"}],"replies":[{"embeddable":true,"href":"https:\/\/eloficiodehistoriar.com.mx\/index.php?rest_route=%2Fwp%2Fv2%2Fcomments&post=36886"}],"version-history":[{"count":1,"href":"https:\/\/eloficiodehistoriar.com.mx\/index.php?rest_route=\/wp\/v2\/posts\/36886\/revisions"}],"predecessor-version":[{"id":36888,"href":"https:\/\/eloficiodehistoriar.com.mx\/index.php?rest_route=\/wp\/v2\/posts\/36886\/revisions\/36888"}],"wp:featuredmedia":[{"embeddable":true,"href":"https:\/\/eloficiodehistoriar.com.mx\/index.php?rest_route=\/wp\/v2\/media\/36887"}],"wp:attachment":[{"href":"https:\/\/eloficiodehistoriar.com.mx\/index.php?rest_route=%2Fwp%2Fv2%2Fmedia&parent=36886"}],"wp:term":[{"taxonomy":"category","embeddable":true,"href":"https:\/\/eloficiodehistoriar.com.mx\/index.php?rest_route=%2Fwp%2Fv2%2Fcategories&post=36886"},{"taxonomy":"post_tag","embeddable":true,"href":"https:\/\/eloficiodehistoriar.com.mx\/index.php?rest_route=%2Fwp%2Fv2%2Ftags&post=36886"}],"curies":[{"name":"wp","href":"https:\/\/api.w.org\/{rel}","templated":true}]}}