{"id":36889,"date":"2024-06-13T12:25:28","date_gmt":"2024-06-13T18:25:28","guid":{"rendered":"https:\/\/eloficiodehistoriar.com.mx\/?p=36889"},"modified":"2024-06-13T12:25:28","modified_gmt":"2024-06-13T18:25:28","slug":"la-alarmante-muerte-masiva-de-monos-aulladores-que-suma-288-ejemplares-en-tabasco-chiapas-y-veracruz","status":"publish","type":"post","link":"https:\/\/eloficiodehistoriar.com.mx\/?p=36889","title":{"rendered":"La alarmante muerte masiva de monos aulladores, que suma 288 ejemplares en Tabasco, Chiapas y Veracruz"},"content":{"rendered":"<div id=\"main-cont\">\n<article>\n<div id=\"article-cont\" class=\"main-cont article-cont actuality\">\n<div class=\"cabeza\">Demandan reconocer muerte de monos aulladores como emergencia ecol\u00f3gica<\/div>\n<div class=\"sumarios\">\n<p>En carta al Presidente, ONG alertan de efectos adversos hasta para humanos<\/p>\n<\/div>\n<div id=\"article-text\" class=\"text\">\n<div class=\"foto\">\n<div class=\"pie-foto\">Una habitante de Comalcalco, Tabasco, ofrece agua a una cr\u00eda de primate afectada por las altas temperaturas registradas en el sur del pa\u00eds.<\/div>\n<div><\/div>\n<\/div>\n<div class=\"col col1\">\n<div class=\"credito-autor\">Ang\u00e9lica Enciso L.<\/div>\n<div class=\"credito-titulo\"><\/div>\n<div class=\"hemero\">La Jornada<\/p>\n<\/div>\n<p class=\"s-s\">La alarmante muerte masiva de monos aulladores, que suma 288 ejemplares en Tabasco, Chiapas y Veracruz, ocasionada por el aumento de temperaturas en el pa\u00eds, debe ser reconocida y atendida por las autoridades ambientales como\u00a0<q>emergencia ecol\u00f3gica<\/q>, figura establecida en la legislaci\u00f3n. Tambi\u00e9n se requieren esfuerzos coordinados, recursos adicionales e informaci\u00f3n clara para actuar en las zonas afectadas.<\/p>\n<p>Integrantes del grupo de atenci\u00f3n a la emergencia de monos aulladores SOS Saraguatos y de la Alianza Nacional para la Conservaci\u00f3n de Primates se\u00f1alan lo anterior en una carta enviada al presidente Andr\u00e9s Manuel L\u00f3pez Obrador y a la titular de la Semarnat, Mar\u00eda Luisa Albores.<\/p>\n<p>Detallaron que, de acuerdo con informaci\u00f3n recopilada por la asociaci\u00f3n Conservaci\u00f3n de la Biodiversidad del Usumacinta (Cobius) y un grupo de veterinarios y primat\u00f3logos, a la fecha han fallecido al menos 230 ejemplares en Tabasco, 35 en Chiapas y 23 en Veracruz.<\/p>\n<p class=\"sumario\">Especies \u00fanicas, en riesgo<\/p>\n<p class=\"s-s\"><q>Esto es extremadamente preocupante<\/q>\u00a0porque las dos especies de monos aulladores mexicanos est\u00e1n en peligro de extinci\u00f3n, indicaron.<\/p>\n<p>Las altas temperaturas, combinadas con los incendios, el estiaje y la degradaci\u00f3n del h\u00e1bitat, parecen dificultar el acceso de estos mam\u00edferos a fuentes de agua, lo que podr\u00eda ser la causa principal de las muertes. Adem\u00e1s de los fallecidos, se han encontrado individuos vivos en el suelo con signos evidentes de golpes de calor y deshidrataci\u00f3n que han requerido atenci\u00f3n especializada, particularmente cr\u00edas hu\u00e9rfanas.<\/p>\n<\/div>\n<div class=\"col col2\">\n<p>En Tabasco han sido atendidos alrededor de 34 primates aulladores en la unidad veterinaria de Cunduac\u00e1n, que se mont\u00f3 de manera provisional, se ha liberado a 11 a su h\u00e1bitat y siguen en cuidado 18.<\/p>\n<p><q>La muerte de los monos aulladores no s\u00f3lo representa una p\u00e9rdida irreparable para la biodiversidad de M\u00e9xico, tambi\u00e9n indica un estado de alta vulnerabilidad en sus ecosistemas, lo que podr\u00eda derivar en la p\u00e9rdida de m\u00faltiples servicios ecosist\u00e9micos de los que nos beneficiamos las comunidades humanas. Estos animales tienen un papel crucial en la dispersi\u00f3n de semillas y el mantenimiento de la salud de los bosques tropicales, por lo que su desaparici\u00f3n tendr\u00eda efectos adversos en cadena que afectar\u00edan a numerosas especies y a la estabilidad ecol\u00f3gica de la regi\u00f3n<\/q>, se\u00f1alaron.<\/p>\n<p>Hay una emergencia ecol\u00f3gica, seg\u00fan la legislaci\u00f3n, y as\u00ed debe declararse, asentaron.<\/p>\n<\/div>\n<\/div>\n<div class=\"go gui\">\n<div class=\"go-up\"><\/div>\n<\/div>\n<\/div>\n<\/article>\n<\/div>\n<div id=\"interstitialdfpportadas\"><\/div>\n","protected":false},"excerpt":{"rendered":"<p>Demandan reconocer muerte de monos aulladores como emergencia ecol\u00f3gica En carta al Presidente, ONG alertan de efectos adversos hasta para humanos Una habitante de Comalcalco, Tabasco, ofrece agua a una cr\u00eda de primate afectada por las altas temperaturas registradas en el sur del pa\u00eds. Ang\u00e9lica Enciso L. La Jornada La alarmante muerte masiva de monos [&hellip;]<\/p>\n","protected":false},"author":249,"featured_media":36890,"comment_status":"open","ping_status":"closed","sticky":false,"template":"","format":"standard","meta":{"footnotes":""},"categories":[26],"tags":[],"class_list":["post-36889","post","type-post","status-publish","format-standard","has-post-thumbnail","hentry","category-mundo"],"_links":{"self":[{"href":"https:\/\/eloficiodehistoriar.com.mx\/index.php?rest_route=\/wp\/v2\/posts\/36889","targetHints":{"allow":["GET"]}}],"collection":[{"href":"https:\/\/eloficiodehistoriar.com.mx\/index.php?rest_route=\/wp\/v2\/posts"}],"about":[{"href":"https:\/\/eloficiodehistoriar.com.mx\/index.php?rest_route=\/wp\/v2\/types\/post"}],"author":[{"embeddable":true,"href":"https:\/\/eloficiodehistoriar.com.mx\/index.php?rest_route=\/wp\/v2\/users\/249"}],"replies":[{"embeddable":true,"href":"https:\/\/eloficiodehistoriar.com.mx\/index.php?rest_route=%2Fwp%2Fv2%2Fcomments&post=36889"}],"version-history":[{"count":1,"href":"https:\/\/eloficiodehistoriar.com.mx\/index.php?rest_route=\/wp\/v2\/posts\/36889\/revisions"}],"predecessor-version":[{"id":36891,"href":"https:\/\/eloficiodehistoriar.com.mx\/index.php?rest_route=\/wp\/v2\/posts\/36889\/revisions\/36891"}],"wp:featuredmedia":[{"embeddable":true,"href":"https:\/\/eloficiodehistoriar.com.mx\/index.php?rest_route=\/wp\/v2\/media\/36890"}],"wp:attachment":[{"href":"https:\/\/eloficiodehistoriar.com.mx\/index.php?rest_route=%2Fwp%2Fv2%2Fmedia&parent=36889"}],"wp:term":[{"taxonomy":"category","embeddable":true,"href":"https:\/\/eloficiodehistoriar.com.mx\/index.php?rest_route=%2Fwp%2Fv2%2Fcategories&post=36889"},{"taxonomy":"post_tag","embeddable":true,"href":"https:\/\/eloficiodehistoriar.com.mx\/index.php?rest_route=%2Fwp%2Fv2%2Ftags&post=36889"}],"curies":[{"name":"wp","href":"https:\/\/api.w.org\/{rel}","templated":true}]}}