{"id":36892,"date":"2024-06-13T12:31:02","date_gmt":"2024-06-13T18:31:02","guid":{"rendered":"https:\/\/eloficiodehistoriar.com.mx\/?p=36892"},"modified":"2024-06-13T12:31:02","modified_gmt":"2024-06-13T18:31:02","slug":"la-literatura-es-la-representacion-de-la-realidad-humana-moral-social-y-politica-de-una-epoca","status":"publish","type":"post","link":"https:\/\/eloficiodehistoriar.com.mx\/?p=36892","title":{"rendered":"La literatura es la representaci\u00f3n de la realidad humana, moral, social y pol\u00edtica de una \u00e9poca."},"content":{"rendered":"<div id=\"main-cont\">\n<article>\n<div id=\"article-cont\" class=\"main-cont article-cont analysis\">\n<div class=\"cabeza\">Carlos Montemayor: vigencia del\u00a0<q>Discurso no requerido<\/q><\/div>\n<div class=\"sumarios\"><\/div>\n<div class=\"credito-articulo\">Jes\u00fas Vargas Vald\u00e9s<\/div>\n<div><\/div>\n<div id=\"article-text\" class=\"text\">\n<div class=\"col col1\">\n<div class=\"inicial\">\u201cSuele decirse que el pol\u00edtico es un hombre de acci\u00f3n y el escritor un hombre de imaginaci\u00f3n. Me parece que se trata de uno de los grandes mitos: quiere entenderse la literatura como una actividad sobre lo irreal y la pol\u00edtica como el reino de las acciones, significa olvidar que la literatura es la representaci\u00f3n de la realidad humana, moral, social y pol\u00edtica de una \u00e9poca.<\/div>\n<p>\u201cLa mayor parte de la actitud del pol\u00edtico se despliega en la formulaci\u00f3n de un sistema de referencia persuasivo o en una peculiar reconstrucci\u00f3n de la realidad que justifique las actividades de represi\u00f3n, reorganizaci\u00f3n, competencia o justicia social que se propone un grupo en el poder en un momento dado. De tal manera que el ejercicio pol\u00edtico no es puramente un ejercicio de acci\u00f3n, es un ejercicio tambi\u00e9n de ficci\u00f3n y muchas veces con un sentido m\u00e1s profundo de ficci\u00f3n que el literario. Es la ficci\u00f3n que da origen a la \u2018versi\u00f3n oficial de la realidad\u2019.<\/p>\n<p>\u201cLos pol\u00edticos mexicanos, igual que los pol\u00edticos de otras latitudes tienen una visi\u00f3n muy definida sobre lo que debe pensarse dentro de sus territorios. Todo lo que no coincida con la \u2018versi\u00f3n oficial\u2019 se toma como agresi\u00f3n, impugnaci\u00f3n, cr\u00edtica desmedida, infundada o ingenua. Todo sistema gubernamental, todo grupo en el poder, descalifica a quien se atreva a cuestionarlo. Para el poder son enemigos e incluso criminales en potencia.\u201d<\/p>\n<p>En la obra bibliogr\u00e1fica de Carlos Montemayor quedaron registrados 40 t\u00edtulos a partir de la obra primigenia\u00a0<em>Las llaves de Urgel<\/em>\u00a0(1970).Incursion\u00f3 luego en la poes\u00eda y el cuento, pero fue con\u00a0<em>Guerra en el para\u00edso<\/em>\u00a0(1991) donde se encontr\u00f3 con el intelectual revolucionario que decidi\u00f3 escribir con absoluta independencia, sin depender de los espacios institucionales. En los siguientes 20 a\u00f1os comprometi\u00f3 todo su tiempo a indagar y reflexionar sobre las causas justas de los pueblos de M\u00e9xico y de otros pueblos del mundo, concluyendo su ciclo con\u00a0<em>La violencia de Estado en M\u00e9xico antes y despu\u00e9s de 1968<\/em>\u00a0<em>,<\/em>\u00a0obra p\u00f3stuma que inexplicablemente se retir\u00f3 de circulaci\u00f3n.<\/p>\n<p>En los siguientes 20 a\u00f1os, Carlos se comprometi\u00f3 en la lucha contra el neoliberalismo, contra la guerra de rapi\u00f1a promovida por Estados Unidos en Afganist\u00e1n, Irak, Venezuela, Cuba. Se distingui\u00f3 por su activismo en defensa de los pueblos originarios y de otras causas justas, dentro y fuera de M\u00e9xico. Se le respet\u00f3 en amplios sectores de la poblaci\u00f3n de M\u00e9xico, pero tambi\u00e9n fue blanco de la animadversi\u00f3n de los gobernantes, especialmente del grupo que tom\u00f3 poder de la pol\u00edtica y la econom\u00eda en 2000 con Vicente Fox en la Presidencia, y luego con Felipe Calder\u00f3n.<\/p>\n<\/div>\n<div class=\"col col2\">\n<p>En noviembre de 2009 se le otorg\u00f3 el Premio Nacional de Ciencias y Artes. D\u00edas despu\u00e9s se modific\u00f3 la resoluci\u00f3n original, agreg\u00e1ndose los nombres Hugo Iriart y Jos\u00e9 Luis Rivas. Esta modificaci\u00f3n a destiempo evidenci\u00f3 la intenci\u00f3n de restarle m\u00e9rito, es muy probable que la orden haya llegado desde la Presidencia, pero la represi\u00f3n oficial se mostr\u00f3 con descaro y sin pudor el 23 de noviembre de 2009, cuando sin explicaci\u00f3n de por medio se le hizo saber a Carlos Montemayor que su intervenci\u00f3n, en nombre de los que recib\u00edan el premio nacional en todas las \u00e1reas, hab\u00eda sido eliminada.<\/p>\n<p>Por diversos motivos yo me comunicaba regularmente por tel\u00e9fono con Carlos. Un d\u00eda me dijo que estas dos acciones las interpretaba como actos de censura, de castigo, proveniente del gobierno. Me adelant\u00f3 que en respuesta iba a escribir el discurso que \u00e9l hubiera le\u00eddo y que lo iba a enviar a\u00a0<em>La Jornada<\/em>\u00a0bajo el t\u00edtulo de\u00a0<q>Discurso no requerido<\/q>. Pasaron tres semanas y as\u00ed fue como el d\u00eda 14 de diciembre apareci\u00f3 en la p\u00e1gina 10 de la secci\u00f3n de Cultura de este peri\u00f3dico.<\/p>\n<p><q>Discurso no requerido<\/q>\u00a0es un texto breve en que Carlos aborda la forma en que los pol\u00edticos pueden construir\u00a0<q>la versi\u00f3n oficial de la realidad<\/q>. En unas cuantas l\u00edneas, con sutileza refinada, cuestiona y desnuda al gobierno de Calder\u00f3n y su\u00a0<q>realidad<\/q>. Fui siguiendo cada l\u00ednea con gran emoci\u00f3n suponiendo que iban a responder los intelectuales y artistas libres. Pasaron algunas semanas hasta que el mi\u00e9rcoles 24 de febrero de 2010, sabiendo yo que Carlos se encontraba muy grave y que en cualquier momento iba a morir, entregu\u00e9 a\u00a0<em>El Heraldo de Chihuahua\u00a0<\/em>mi colaboraci\u00f3n semanal incluyendo el texto completo de\u00a0<q>Discurso no requerido<\/q>. En la alborada del domingo 28 de febrero de 2010 muri\u00f3 Carlos, ese mismo d\u00eda sali\u00f3 la publicaci\u00f3n del discurso en mi p\u00e1gina cultural\u00a0<em>La Fragua de los Tiempos<\/em>\u00a0<em>.<\/em><\/p>\n<p class=\"email\">\n<\/div>\n<\/div>\n<div class=\"go gui\">\n<div class=\"go-up\"><\/div>\n<\/div>\n<\/div>\n<\/article>\n<\/div>\n<div id=\"interstitialdfpportadas\" data-google-query-id=\"CN72yKia2YYDFbUDswAd32oCjw\">\n<div id=\"google_ads_iframe_\/70932171\/interstitial_editorial_0__container__\"><\/div>\n<\/div>\n","protected":false},"excerpt":{"rendered":"<p>Carlos Montemayor: vigencia del\u00a0Discurso no requerido Jes\u00fas Vargas Vald\u00e9s \u201cSuele decirse que el pol\u00edtico es un hombre de acci\u00f3n y el escritor un hombre de imaginaci\u00f3n. Me parece que se trata de uno de los grandes mitos: quiere entenderse la literatura como una actividad sobre lo irreal y la pol\u00edtica como el reino de las [&hellip;]<\/p>\n","protected":false},"author":249,"featured_media":36893,"comment_status":"open","ping_status":"closed","sticky":false,"template":"","format":"standard","meta":{"footnotes":""},"categories":[26],"tags":[],"class_list":["post-36892","post","type-post","status-publish","format-standard","has-post-thumbnail","hentry","category-mundo"],"_links":{"self":[{"href":"https:\/\/eloficiodehistoriar.com.mx\/index.php?rest_route=\/wp\/v2\/posts\/36892","targetHints":{"allow":["GET"]}}],"collection":[{"href":"https:\/\/eloficiodehistoriar.com.mx\/index.php?rest_route=\/wp\/v2\/posts"}],"about":[{"href":"https:\/\/eloficiodehistoriar.com.mx\/index.php?rest_route=\/wp\/v2\/types\/post"}],"author":[{"embeddable":true,"href":"https:\/\/eloficiodehistoriar.com.mx\/index.php?rest_route=\/wp\/v2\/users\/249"}],"replies":[{"embeddable":true,"href":"https:\/\/eloficiodehistoriar.com.mx\/index.php?rest_route=%2Fwp%2Fv2%2Fcomments&post=36892"}],"version-history":[{"count":1,"href":"https:\/\/eloficiodehistoriar.com.mx\/index.php?rest_route=\/wp\/v2\/posts\/36892\/revisions"}],"predecessor-version":[{"id":36894,"href":"https:\/\/eloficiodehistoriar.com.mx\/index.php?rest_route=\/wp\/v2\/posts\/36892\/revisions\/36894"}],"wp:featuredmedia":[{"embeddable":true,"href":"https:\/\/eloficiodehistoriar.com.mx\/index.php?rest_route=\/wp\/v2\/media\/36893"}],"wp:attachment":[{"href":"https:\/\/eloficiodehistoriar.com.mx\/index.php?rest_route=%2Fwp%2Fv2%2Fmedia&parent=36892"}],"wp:term":[{"taxonomy":"category","embeddable":true,"href":"https:\/\/eloficiodehistoriar.com.mx\/index.php?rest_route=%2Fwp%2Fv2%2Fcategories&post=36892"},{"taxonomy":"post_tag","embeddable":true,"href":"https:\/\/eloficiodehistoriar.com.mx\/index.php?rest_route=%2Fwp%2Fv2%2Ftags&post=36892"}],"curies":[{"name":"wp","href":"https:\/\/api.w.org\/{rel}","templated":true}]}}