{"id":38,"date":"2008-05-17T13:51:12","date_gmt":"2008-05-17T18:51:12","guid":{"rendered":"https:\/\/eloficiodehistoriar.com.mx\/?p=38"},"modified":"2008-05-18T10:42:44","modified_gmt":"2008-05-18T15:42:44","slug":"capillas-de-indios-en-queretaro","status":"publish","type":"post","link":"https:\/\/eloficiodehistoriar.com.mx\/?p=38","title":{"rendered":"Capillas de Indios en Quer\u00e9taro"},"content":{"rendered":"<p><span style=\"font-family: Arial\"><a href=\"https:\/\/eloficiodehistoriar.com.mx\/wp-content\/uploads\/2008\/05\/capillas-de-indios.JPG\" title=\"Capilla de Indios\"><img loading=\"lazy\" decoding=\"async\" width=\"82\" src=\"https:\/\/eloficiodehistoriar.com.mx\/wp-content\/uploads\/2008\/05\/capillas-de-indios.thumbnail.JPG\" alt=\"Capilla de Indios\" height=\"127\" \/><\/a>En el Valle donde se encuentra la actual ciudad de Quer\u00e9taro ya no encontramos ninguna Capilla Abierta de Indios, que fueron tan \u00fatiles a los doctrineros para ir mezclando poco a poco los rituales mesoamericanos con los cristianos, hasta lograr tenerlos en templos o capillas cerradas.<o:p><\/o:p><\/span><\/p>\n<p align=\"justify\" style=\"text-align: justify\"><span style=\"font-family: Arial\"><\/span><\/p>\n<p><span style=\"font-family: Arial\">En Quer\u00e9taro solo tenemos buenos ejemplos de estas \u00faltimas a las que llamaron capillas de indios y de haciendas y de las que enumero las que tengo presentes.<o:p><\/o:p><\/span><\/p>\n<p align=\"justify\" style=\"text-align: justify\"><span style=\"font-family: Arial\"><\/span><\/p>\n<p><span style=\"font-family: Arial\">\u201cen amaneciendo se juntan los indios en el patio de la iglesia, adonde los traen repartidos como por escuadras sus tribunos y centuriones que tienen cargo de recogerlos cada uno a los de su barrio, y all\u00ed los cuentan [\u2026y] en acabando de contarlos p\u00f3nense asentados por su orden adonde las han de predicar, y antes del serm\u00f3n dicen all\u00ed toda la doctrina dos o tres veces en voz alta, y luego les predica un Religioso en su propia lengua; y acabado el serm\u00f3n se canta la misa, y dicha la misa, que se acabar\u00e1 a las nueve, poco m\u00e1s o menos, luego se van a sus casas\u201d. C\u00f3dice Franciscano, s. XVI.\u00a0<o:p><\/o:p><\/span><span style=\"font-family: Arial\"><o:p>\u00a0<\/o:p><\/span><span style=\"font-family: Arial\"><o:p>\u00a0<\/o:p><\/span><span style=\"font-family: Arial\"><\/span><\/p>\n<p align=\"justify\"><span style=\"font-family: Arial\"><\/span><\/p>\n<p><span style=\"font-family: Arial\">El Esp\u00edritu Santo (Parroquia de indios)<o:p><\/o:p><\/span><span style=\"font-family: Arial\">Santa Ana (Posterior Parroquia donde fue cura, F\u00e9lix Osores)<o:p><\/o:p><\/span><span style=\"font-family: Arial\">San Anto\u00f1ito <o:p><\/o:p><\/span><span style=\"font-family: Arial\">El Calvarito<o:p><\/o:p><\/span><span style=\"font-family: Arial\">San Francisquito (<st1:personname ProductID=\"La Divina Pastoras\" w:st=\"on\">La Divina Pastoras<\/st1:personname>)<o:p><\/o:p><\/span><span style=\"font-family: Arial\">Nuestra Se\u00f1ora de Los Dolores de los Pobres ( Pante\u00f3n de los Hombres Ilustres)<o:p><\/o:p><\/span><span style=\"font-family: Arial\">San Isidro<o:p><\/o:p><\/span><span style=\"font-family: Arial\">El Se\u00f1or del Mezquite<o:p><\/o:p><\/span><span style=\"font-family: Arial\">San Sebasti\u00e1n (Segunda parroquia en Quer\u00e9taro)<o:p><\/o:p><\/span><span style=\"font-family: Arial\">San Roque<o:p><\/o:p><\/span><st1:personname ProductID=\"La Cruz\" w:st=\"on\"><span style=\"font-family: Arial\">La Cruz<\/span><\/st1:personname><span style=\"font-family: Arial\"> del Cerrito<o:p><\/o:p><\/span><span style=\"font-family: Arial\">San Gregorio<o:p><\/o:p><\/span><span style=\"font-family: Arial\">Santa Catarina<o:p><\/o:p><\/span><span style=\"font-family: Arial\">San Juan de los Alamos<o:p><\/o:p><\/span><span style=\"font-family: Arial\">Capilla del Antiguo Pante\u00f3n de San Sebasti\u00e1n<o:p><\/o:p><\/span><span style=\"font-family: Arial\">San Agust\u00edn del Retablo<o:p><\/o:p><\/span><span style=\"font-family: Arial\">Santa Mar\u00eda Magdalena<o:p><\/o:p><\/span><span style=\"font-family: Arial\">San Miguel Carrillo<o:p><\/o:p><\/span><span style=\"font-family: Arial\"><o:p>\u00a0<\/o:p><\/span><span style=\"font-family: Arial\"><o:p>\u00a0<\/o:p><\/span><span style=\"font-family: Arial\">Garitas:<o:p><\/o:p><\/span><span style=\"font-family: Arial\"><o:p>\u00a0<\/o:p><\/span><\/p>\n<p align=\"justify\" style=\"margin: 0cm 0cm 0pt\" class=\"MsoNormal\"><span style=\"font-family: Arial\"><\/span><\/p>\n<p><span style=\"font-family: Arial\">Garita de M\u00e9xico<o:p><\/o:p><\/span><span style=\"font-family: Arial\">Garita de <st1:personname ProductID=\"La Ca?ada\" w:st=\"on\">La Ca\u00f1ada<\/st1:personname><o:p><\/o:p><\/span><span style=\"font-family: Arial\">Garita del Retablo<o:p><\/o:p><\/span><span style=\"font-family: Arial\">Garita de Celaya<o:p><\/o:p><\/span><span style=\"font-family: Arial\"><o:p>\u00a0<\/o:p><\/span><span style=\"font-family: Arial\"><o:p>\u00a0<\/o:p><\/span><span style=\"font-family: Arial\"><o:p>\u00a0<\/o:p><\/span><span style=\"font-family: Arial\">\u201cLa misa se cantaba en la capilla abierta y el serm\u00f3n era predicado desde un p\u00falpito, a veces port\u00e1til, en ocasiones parte de la misma capilla de indios. De vez en cuando se levantaba un p\u00falpito especial sobre la multitud en el atrio, para que el predicador pudiera ser visto y escuchado por los fieles, que eran miles. [\u2026] A menudo, durante el serm\u00f3n, el fraile, ante todo si no era experto en la lengua, se ayudaba de dibujos o grandes pinturas para explicar su tema. En otras ocasiones se preparaban medios visuales para el serm\u00f3n: al llegar el sacerdote a la crucifixi\u00f3n y muerte de Jesucristo, el pecho de la imagen en la cruz era perforado con una lanza y le escurr\u00eda agua roja que simulaba sangre.\u201d <o:p><\/o:p><\/span><\/p>\n<p align=\"justify\" style=\"text-align: justify\"><span style=\"font-family: Arial\"><\/span><\/p>\n<p><span style=\"font-family: Arial\">\u201cVarios fueron los elementos que utilizaron los frailes hasta llegar a formar en M\u00e9xico un tipo de conjunto arquitect\u00f3nico nuevo en el mundo. Frente a la iglesia se formaron: un atrio o \u201cpatio\u201d amurallado, una cruz central, cuatro posas o capillas en las esquinas del atrio y una capilla abierta, por lo general adjunta a la iglesia.<\/span><span style=\"font-family: Arial\"> <\/span><span style=\"font-family: Arial\"><o:p><\/o:p><\/span><\/p>\n<p align=\"justify\" style=\"text-align: justify\"><span style=\"font-family: Arial\"><\/span><\/p>\n<p><span style=\"font-family: Arial\">El amplio atrio novohispano, forma casi desconocida en Espa\u00f1a, tuvo funciones religiosas, sociales, pol\u00edticas y administrativas. Naci\u00f3 de un antecedente prehisp\u00e1nico: el inmenso atrio del templo pagano y de la necesidad de los religiosos de decir misa ante miles de ne\u00f3fitos ind\u00edgenas que no cab\u00edan en la iglesia, la cual, en muchos casos, estaba todav\u00eda en proceso de construcci\u00f3n. Tal como serv\u00eda el atrio de la iglesia al aire libre, tambi\u00e9n funcionaba como \u201csala\u201d o espacio para que se acomodara el p\u00fablico que asist\u00eda a una representaci\u00f3n teatral.\u201d<o:p><\/o:p><\/span><\/p>\n<p align=\"justify\" style=\"text-align: justify\"><span style=\"font-family: Arial\"><span><\/span><\/span><\/p>\n<p><span style=\"font-family: Arial\"><span>\u00a0<\/span>\u201cCuando llegaban al patio hac\u00edan oraci\u00f3n al Sant\u00edsimo Sacramento arrodillados ante la puerta de la iglesia. Y aunque no hiciese mucho fr\u00edo, por ser de ma\u00f1ana, hac\u00edan muchas hogueras de fuego donde se calentaban los principales. La gente se iba asentando, los hombres en cuclillas (seg\u00fan su costumbre) por rengleras, y las mujeres por s\u00ed, y all\u00ed los contaban por unas tablas donde los ten\u00edan escritos y los que faltaban \u00edbanlos se\u00f1alando para darles su penitencia, que era media docena de azotes en las espaldas\u201d.<o:p><\/o:p><\/span><\/p>\n<p align=\"justify\" style=\"text-align: justify\"><span style=\"font-family: Arial\"><\/span><\/p>\n<p><span style=\"font-family: Arial\">El tama\u00f1o de los atrios era comparable al de los grandes recintos ceremoniales precortesianos y pocos espacios urbanos al aire libre en Europa pueden haber competido con ellos. Iban de <st1:metricconverter ProductID=\"8.000 a\" w:st=\"on\">8.000 a<\/st1:metricconverter> <st1:metricconverter ProductID=\"80.000 metros cuadrados\" w:st=\"on\">80.000 metros cuadrados<\/st1:metricconverter>. <o:p><\/o:p><\/span><\/p>\n<p align=\"justify\" style=\"text-align: justify\"><span style=\"font-family: Arial\"><\/span><\/p>\n<p><span style=\"font-family: Arial\">El m\u00e1s peque\u00f1o pod\u00eda albergar varios miles de espectadores. San Jos\u00e9 de los Naturales en la ciudad de M\u00e9xico pod\u00eda albergar a 50.000 personas, siendo una de las tres o cuatro iglesias m\u00e1s grandes del mundo. <o:p><\/o:p><\/span><\/p>\n<p align=\"justify\" style=\"text-align: justify\"><span style=\"font-family: Arial\"><\/span><\/p>\n<p><span style=\"font-family: Arial\">En las capillas abiertas m\u00e1s complejas, como Teposcolula, Cuernavaca o Tlalmanalco, cab\u00edan en el atrio unas 200 o 300 personas, entre ministros, ac\u00f3litos, m\u00fasicos y cantores.<o:p><\/o:p><\/span><\/p>\n<p align=\"justify\" style=\"text-align: justify\"><span style=\"font-family: Arial\"><\/span><\/p>\n<p><span style=\"font-family: Arial\">La capilla abierta no ca\u00eda bajo las prohibiciones de papas y reyes que vedaban las representaciones dram\u00e1ticas en las iglesias. No ten\u00edan espacio cerrado, no estaba consagrado, no era depositado all\u00ed el Sant\u00edsimo Sacramento. No se le puede llamar iglesia en el sentido usual de la palabra. <\/span><span style=\"font-family: Arial\" lang=\"EN\"><o:p><\/o:p><\/span><span style=\"font-size: 22pt; font-family: Arial\"><o:p>\u00a0<\/o:p><\/span><span style=\"font-size: 22pt; font-family: Arial\"><o:p>\u00a0<\/o:p><\/span><span style=\"font-size: 22pt; font-family: Arial\"><o:p>\u00a0<\/o:p><\/span><span style=\"font-size: 22pt; font-family: Arial\"><o:p>\u00a0<\/o:p><\/span><span style=\"font-size: 22pt; font-family: Arial\"><o:p>\u00a0<\/o:p><\/span><span style=\"font-family: Arial\"><o:p>\u00a0<\/o:p><\/span><\/p>\n","protected":false},"excerpt":{"rendered":"<p>En el Valle donde se encuentra la actual ciudad de Quer\u00e9taro ya no encontramos ninguna Capilla Abierta de Indios, que fueron tan \u00fatiles a los doctrineros para ir mezclando poco a poco los rituales mesoamericanos con los cristianos, hasta lograr tenerlos en templos o capillas cerradas. En Quer\u00e9taro solo tenemos buenos ejemplos de estas \u00faltimas [&hellip;]<\/p>\n","protected":false},"author":249,"featured_media":0,"comment_status":"open","ping_status":"closed","sticky":false,"template":"","format":"standard","meta":{"footnotes":""},"categories":[8],"tags":[],"class_list":["post-38","post","type-post","status-publish","format-standard","hentry","category-ciudad-de-queretaro"],"_links":{"self":[{"href":"https:\/\/eloficiodehistoriar.com.mx\/index.php?rest_route=\/wp\/v2\/posts\/38","targetHints":{"allow":["GET"]}}],"collection":[{"href":"https:\/\/eloficiodehistoriar.com.mx\/index.php?rest_route=\/wp\/v2\/posts"}],"about":[{"href":"https:\/\/eloficiodehistoriar.com.mx\/index.php?rest_route=\/wp\/v2\/types\/post"}],"author":[{"embeddable":true,"href":"https:\/\/eloficiodehistoriar.com.mx\/index.php?rest_route=\/wp\/v2\/users\/249"}],"replies":[{"embeddable":true,"href":"https:\/\/eloficiodehistoriar.com.mx\/index.php?rest_route=%2Fwp%2Fv2%2Fcomments&post=38"}],"version-history":[{"count":0,"href":"https:\/\/eloficiodehistoriar.com.mx\/index.php?rest_route=\/wp\/v2\/posts\/38\/revisions"}],"wp:attachment":[{"href":"https:\/\/eloficiodehistoriar.com.mx\/index.php?rest_route=%2Fwp%2Fv2%2Fmedia&parent=38"}],"wp:term":[{"taxonomy":"category","embeddable":true,"href":"https:\/\/eloficiodehistoriar.com.mx\/index.php?rest_route=%2Fwp%2Fv2%2Fcategories&post=38"},{"taxonomy":"post_tag","embeddable":true,"href":"https:\/\/eloficiodehistoriar.com.mx\/index.php?rest_route=%2Fwp%2Fv2%2Ftags&post=38"}],"curies":[{"name":"wp","href":"https:\/\/api.w.org\/{rel}","templated":true}]}}