{"id":43,"date":"2008-05-18T15:28:49","date_gmt":"2008-05-18T20:28:49","guid":{"rendered":"https:\/\/eloficiodehistoriar.com.mx\/?p=43"},"modified":"2008-05-24T13:02:29","modified_gmt":"2008-05-24T18:02:29","slug":"cueramaro-tierra-de-refugio","status":"publish","type":"post","link":"https:\/\/eloficiodehistoriar.com.mx\/?p=43","title":{"rendered":"Cuer\u00e1maro: Tierra de refugio"},"content":{"rendered":"<p><strong><span style=\"font-size: 18pt; font-family: Arial\">Cuer\u00e1maro: Tierra de refugio<o:p><\/o:p><\/span><\/strong> <strong><span style=\"font-family: Arial\"><\/span><\/strong><strong><span style=\"font-family: Arial\"><\/p>\n<p align=\"center\" style=\"margin: 0cm 0cm 0pt; text-align: center\" class=\"MsoNormal\"><strong><span style=\"font-family: Arial\"><\/span><\/strong><\/p>\n<p><\/span><\/strong><span style=\"font-family: Arial\"><o:p><\/o:p><\/span><span style=\"font-family: Arial\"><o:p><\/o:p><\/span><span style=\"font-family: Arial\"><o:p><\/p>\n<p style=\"margin: 0cm 0cm 0pt; text-align: justify\" class=\"MsoNormal\"><span style=\"font-family: Arial\">Para hablar de la historia matria, como llamaba el Maestro Lu\u00eds Gonz\u00e1lez y Gonz\u00e1lez a la historia regional, es muy \u00fatil recordar cuando en 1989 se me solicit\u00f3 la edici\u00f3n de las efem\u00e9rides cueramarenses por el entonces presidente municipal, Hilario Murillo Cervantes, pero sobre todo por su cronista, que lo es desde <st1:personname ProductID=\"la Presidencia\" w:st=\"on\">la Presidencia<\/st1:personname> de Hilario Bravo en 1980, Gonzalo Ram\u00edrez Ortiz.<\/span><\/p>\n<p style=\"margin: 0cm 0cm 0pt; text-align: justify\" class=\"MsoNormal\"><span style=\"font-family: Arial\"><\/span><\/p>\n<p style=\"margin: 0cm 0cm 0pt; text-align: justify\" class=\"MsoNormal\"><span style=\"font-family: Arial\"><\/span><\/p>\n<p style=\"margin: 0cm 0cm 0pt; text-align: justify\" class=\"MsoNormal\"><span style=\"font-family: Arial\"><\/span><\/p>\n<p style=\"margin: 0cm 0cm 0pt; text-align: justify\" class=\"MsoNormal\"><span style=\"font-family: Arial\"><\/span><\/p>\n<p><span style=\"font-family: Arial\"><\/span><span style=\"font-family: Arial\"><\/span><span style=\"font-family: Arial\"><\/p>\n<p style=\"margin: 0cm 0cm 0pt; text-align: justify\" class=\"MsoNormal\"><span style=\"font-family: Arial\">\u201c<em>Una parte de las elevadas monta\u00f1as de Los Remedios, Las del Saucillo y de Tres Villas y los lomer\u00edos sobre los cuales el pueblo se asienta, son los relieves y en cuanto a aguas, le pertenece una parte del r\u00edo Turbio, <st1:personname ProductID=\"la Ci?nega\" w:st=\"on\">la Ci\u00e9nega<\/st1:personname> de Tres Villas, el Arroyo del Aguacate, cuya corriente pasa por <st1:personname ProductID=\"la Plaza\" w:st=\"on\">la Plaza<\/st1:personname> y se utiliza en los molinos de Arriba y de Abajo; los arroyos que bajan a Tup\u00e1taro y los del Saucillo que hacen los pantanos de <st1:personname ProductID=\"la Ci?nega\" w:st=\"on\">la Ci\u00e9nega<\/st1:personname> ya nombrada. La bendici\u00f3n de Dios esta en las magn\u00edficas tierras de la extinguida hacienda de Cuer\u00e1maro y en las de Tup\u00e1taro, fertilizadas ampliamente por las corrientes referidas; pues los trigales crecen tanto que cubren a los hombres que las atraviesan a caballo\u201d<\/em>. <\/span><strong><span style=\"font-size: 10pt; font-family: Arial\">Pedro Gonz\u00e1lez 1908.<\/span><\/strong><\/p>\n<p style=\"margin: 0cm 0cm 0pt; text-align: justify\" class=\"MsoNormal\"><strong><span style=\"font-size: 10pt; font-family: Arial\"><\/span><\/strong><\/p>\n<p style=\"margin: 0cm 0cm 0pt; text-align: justify\" class=\"MsoNormal\"><strong><span style=\"font-size: 10pt; font-family: Arial\"><\/span><\/strong><\/p>\n<p style=\"margin: 0cm 0cm 0pt; text-align: justify\" class=\"MsoNormal\"><strong><span style=\"font-size: 10pt; font-family: Arial\"><\/span><\/strong><\/p>\n<p style=\"margin: 0cm 0cm 0pt; text-align: justify\" class=\"MsoNormal\"><strong><span style=\"font-size: 10pt; font-family: Arial\"><\/span><\/strong><\/p>\n<p style=\"margin: 0cm 0cm 0pt; text-align: justify\" class=\"MsoNormal\"><strong><span style=\"font-size: 10pt; font-family: Arial\"><\/span><\/strong><\/p>\n<p style=\"margin: 0cm 0cm 0pt; text-align: justify\" class=\"MsoNormal\"><strong><span style=\"font-size: 10pt; font-family: Arial\"><\/span><\/strong><\/p>\n<p><span style=\"font-size: 10pt; font-family: Arial\"><\/span><span style=\"font-size: 10pt; font-family: Arial\"><\/span><span style=\"font-size: 10pt; font-family: Arial\"><\/p>\n<p style=\"margin: 0cm 0cm 0pt; text-align: justify\" class=\"MsoNormal\"><span style=\"font-family: Arial\"><font size=\"3\">El cronista de Cuer\u00e1maro, un hombre de apariencia extremadamente humilde, radicado en la comunidad de El Platanar, de ese municipio, a cuyo lugar le hab\u00eda arrebatado al cerro una cueva, donde se encontraban miles de libros, recortes y documentos \u2013era la biblioteca particular de Gonzalo Ram\u00edrez Ortiz, cronista de Cuer\u00e1maro \u2013<\/font><\/span><\/p>\n<p style=\"margin: 0cm 0cm 0pt; text-align: justify\" class=\"MsoNormal\"><span style=\"font-family: Arial\"><\/span><\/p>\n<p style=\"margin: 0cm 0cm 0pt; text-align: justify\" class=\"MsoNormal\"><span style=\"font-family: Arial\"><\/span><\/p>\n<p style=\"margin: 0cm 0cm 0pt; text-align: justify\" class=\"MsoNormal\"><span style=\"font-family: Arial\"><\/span><\/p>\n<p style=\"margin: 0cm 0cm 0pt; text-align: justify\" class=\"MsoNormal\"><span style=\"font-family: Arial\"><\/span><\/p>\n<p style=\"margin: 0cm 0cm 0pt; text-align: justify\" class=\"MsoNormal\"><span style=\"font-family: Arial\"><font size=\"3\"><span style=\"font-size: 12pt; font-family: Arial\"><\/span><\/font><\/span><\/p>\n<p style=\"margin: 0cm 0cm 0pt; text-align: justify\" class=\"MsoNormal\"><span style=\"font-family: Arial\"><font size=\"3\"><span style=\"font-size: 12pt; font-family: Arial\">Diariamente se trasladaba de El Platanar a la cabecera municipal, y m\u00e1s exactamente a la sede de <st1:personname ProductID=\"la Presidencia Municipal\" w:st=\"on\"><st1:personname ProductID=\"la Presidencia\" w:st=\"on\">la Presidencia<\/st1:personname> Municipal<\/st1:personname>, donde se encontraba el Archivo Hist\u00f3rico, en su burro, en casa quedaba la esposa, sus hijos, como buenos campesinos de este municipio resid\u00edan y trabajaban en el lejano estado de California de los Estados Unidos de Am\u00e9rica.<\/span><\/font><\/span><\/p>\n<p style=\"margin: 0cm 0cm 0pt; text-align: justify\" class=\"MsoNormal\"><span style=\"font-family: Arial\"><font size=\"3\"><span style=\"font-size: 12pt; font-family: Arial\"><\/span><\/font><\/span><\/p>\n<p style=\"margin: 0cm 0cm 0pt; text-align: justify\" class=\"MsoNormal\"><span style=\"font-family: Arial\"><font size=\"3\"><span style=\"font-size: 12pt; font-family: Arial\"><\/span><\/font><\/span><\/p>\n<p style=\"margin: 0cm 0cm 0pt; text-align: justify\" class=\"MsoNormal\"><span style=\"font-family: Arial\"><font size=\"3\"><span style=\"font-size: 12pt; font-family: Arial\"><\/span><\/font><\/span><\/p>\n<p style=\"margin: 0cm 0cm 0pt; text-align: justify\" class=\"MsoNormal\"><span style=\"font-family: Arial\"><font size=\"3\"><span style=\"font-size: 12pt; font-family: Arial\"><\/span><\/font><\/span><\/p>\n<p><span style=\"font-family: Arial\"><font size=\"3\"><span style=\"font-size: 12pt; font-family: Arial\"><\/span><\/font><\/span><span style=\"font-family: Arial\"><font size=\"3\"><span style=\"font-size: 12pt; font-family: Arial\"><\/span><\/font><\/span><span style=\"font-family: Arial\"><font size=\"3\"><span style=\"font-size: 12pt; font-family: Arial\"><\/p>\n<p style=\"margin: 0cm 0cm 0pt; text-align: justify\" class=\"MsoNormal\"><span style=\"font-family: Arial\">\u201cMi afici\u00f3n por la historia de Cuer\u00e1maro y la historia en general, comenz\u00f3 cuando yo ten\u00eda 7 a\u00f1os, eran los finales del a\u00f1o de 1939, y en Cuer\u00e1maro el cura Jos\u00e9 Mar\u00eda Aguirre mand\u00f3 imprimir un bolet\u00edn mensual parroquial con el fin de preparar la festividad religiosa llamada <st1:personname ProductID=\"la Jornada Eucar?stica\" w:st=\"on\"><st1:personname ProductID=\"la Jornada\" w:st=\"on\">la Jornada<\/st1:personname> Eucar\u00edstica<\/st1:personname> Parroquial, que se celebrar\u00eda en Enero de 1940 y que ha sido una de las fiestas m\u00e1s grandes que mi pueblo ha tenido\u201d<\/span><\/p>\n<p style=\"margin: 0cm 0cm 0pt; text-align: justify\" class=\"MsoNormal\"><span style=\"font-family: Arial\"><\/span><\/p>\n<p style=\"margin: 0cm 0cm 0pt; text-align: justify\" class=\"MsoNormal\"><span style=\"font-family: Arial\"><\/span><\/p>\n<p style=\"margin: 0cm 0cm 0pt; text-align: justify\" class=\"MsoNormal\"><span style=\"font-family: Arial\"><\/span><\/p>\n<p style=\"margin: 0cm 0cm 0pt; text-align: justify\" class=\"MsoNormal\"><span style=\"font-family: Arial\"><\/span><\/p>\n<p><span style=\"font-family: Arial\"><\/span><span style=\"font-family: Arial\"><\/span><span style=\"font-family: Arial\"><\/p>\n<p style=\"margin: 0cm 0cm 0pt; text-align: justify\" class=\"MsoNormal\"><span style=\"font-family: Arial\">\u201cEn el mencionado bolet\u00edn ven\u00eda una plana titulada <em>Estudio Hist\u00f3rico y Geogr\u00e1fico de <st1:personname ProductID=\"la Municipalidad\" w:st=\"on\">la Municipalidad<\/st1:personname> y Parroquia de Cuer\u00e1maro; <\/em>con verdadero afecto le\u00ed la historia de Cuer\u00e1maro, lo mismo que la de sus cercan\u00edas como eran <st1:personname ProductID=\"La Galera Vieja\" w:st=\"on\"><st1:personname ProductID=\"La Galera\" w:st=\"on\"><em>La Galera<\/em><\/st1:personname><em> Vieja<\/em><\/st1:personname><em>, Los Padres Camilos, Los Chiqueritos, <\/em>entre otras; de los boletines s\u00f3lo salieron cinco o seis, pero sobre Cuer\u00e1maro s\u00f3lo tres, a\u00fan los conservo y desde entonces me qued\u00e9 con el deseo de saber todo lo relacionado con Cuer\u00e1maro\u201d<\/span><\/p>\n<p style=\"margin: 0cm 0cm 0pt; text-align: justify\" class=\"MsoNormal\"><span style=\"font-family: Arial\"><\/span><\/p>\n<p style=\"margin: 0cm 0cm 0pt; text-align: justify\" class=\"MsoNormal\"><span style=\"font-family: Arial\"><\/span><\/p>\n<p style=\"margin: 0cm 0cm 0pt; text-align: justify\" class=\"MsoNormal\"><span style=\"font-family: Arial\"><\/span><\/p>\n<p style=\"margin: 0cm 0cm 0pt; text-align: justify\" class=\"MsoNormal\"><span style=\"font-family: Arial\"><\/span><\/p>\n<p style=\"margin: 0cm 0cm 0pt; text-align: justify\" class=\"MsoNormal\"><span style=\"font-family: Arial\"><\/span><\/p>\n<p><span style=\"font-family: Arial\"><\/span><span style=\"font-family: Arial\"><\/span><span style=\"font-family: Arial\"><\/p>\n<p style=\"margin: 0cm 0cm 0pt; text-align: justify\" class=\"MsoNormal\"><span style=\"font-family: Arial\">\u201cSe me vienen a la mente las palabras del profesor Lencho Ortiz, que dijera en la velada literario-musical celebrada en el Cine Castillo, en conmemoraci\u00f3n de los 25 a\u00f1os de la ordenaci\u00f3n sacerdotal del Cura Jos\u00e9 Barbosa Ponce de Le\u00f3n: <em>Y t\u00fa Cuer\u00e1maro, ni\u00f1o chiquito, mimado del Se\u00f1or Cura, y lugar que guarda las cenizas de <st1:personname ProductID=\"la T?a Cholita\" w:st=\"on\">la T\u00eda Cholita<\/st1:personname>,<\/em> yo las traduje a mi manera: <em>Y tu Cuer\u00e1maro, ni\u00f1o chiquito, mimado de todos los Cueramarenses.<\/em><\/span><\/p>\n<p style=\"margin: 0cm 0cm 0pt; text-align: justify\" class=\"MsoNormal\"><span style=\"font-family: Arial\"><\/span><\/p>\n<p style=\"margin: 0cm 0cm 0pt; text-align: justify\" class=\"MsoNormal\"><span style=\"font-family: Arial\"><\/span><\/p>\n<p style=\"margin: 0cm 0cm 0pt; text-align: justify\" class=\"MsoNormal\"><span style=\"font-family: Arial\"><\/span><\/p>\n<p style=\"margin: 0cm 0cm 0pt; text-align: justify\" class=\"MsoNormal\"><span style=\"font-family: Arial\"><\/span><\/p>\n<p style=\"margin: 0cm 0cm 0pt; text-align: justify\" class=\"MsoNormal\"><span style=\"font-family: Arial\"><\/span><\/p>\n<p><span style=\"font-family: Arial\"><span style=\"font-family: Arial\">De ni\u00f1o aprendi\u00f3 Gonzalo Ram\u00edrez Ortiz, la historia de Cuer\u00e1maro de boca de su madre Paula Ortiz Cruz y de su abuela paterna Martina Pati\u00f1o, su especialidad era preguntar a los ancianos.<o:p><\/o:p><\/span><\/span><\/span><\/span><\/span><\/font><\/span><span style=\"font-family: Arial\"><font size=\"3\"><o:p><\/o:p><\/font><\/span>\u00a0<\/span><\/span><span style=\"font-family: Arial\"><font size=\"3\"><o:p><\/o:p><\/font><\/span>\u00a0<span style=\"font-family: Arial\"><font size=\"3\"><o:p><\/o:p><\/font><\/span>\u00a0<span style=\"font-family: Arial\"><font size=\"3\"><o:p>\u00a0<\/o:p><\/font><\/span><span style=\"font-family: Arial\"><font size=\"3\"><o:p><\/o:p><\/font><\/span><span style=\"font-family: Arial\"><font size=\"3\"><o:p> <\/o:p><\/font><\/span><span style=\"font-family: Arial\"><font size=\"3\"><o:p>\u00a0<\/o:p><\/font><\/span><span style=\"font-family: Arial\"><font size=\"3\"><o:p>\u00a0<\/o:p><\/font><\/span><span style=\"font-family: Arial\"><font size=\"3\"><o:p>\u00a0<\/o:p><\/font><\/span><span style=\"font-family: Arial\"><font size=\"3\"><o:p><\/o:p><\/font><\/span><span style=\"font-family: Arial\"><font size=\"3\"><o:p><\/p>\n<p style=\"margin: 0cm 0cm 0pt; text-align: justify\" class=\"MsoNormal\"><span style=\"font-family: Arial\">Su esposa Manuelita y \u00e9l eran asiduos a escuchar a Higinio Murillo, empleado de la presidencia, a quien le correspond\u00edan los discursos en las fiestas c\u00edvicas y siempre le daba duro al clero, por lo que siempre dec\u00eda Gonzalo: <em>la vida en mi tierra siempre ha sido liberales contra conservadores.<\/em><\/span><\/p>\n<p style=\"margin: 0cm 0cm 0pt; text-align: justify\" class=\"MsoNormal\"><span style=\"font-family: Arial\"><\/span><\/p>\n<p style=\"margin: 0cm 0cm 0pt; text-align: justify\" class=\"MsoNormal\"><span style=\"font-family: Arial\"><\/span><\/p>\n<p style=\"margin: 0cm 0cm 0pt; text-align: justify\" class=\"MsoNormal\"><span style=\"font-family: Arial\"><\/span><\/p>\n<p><span style=\"font-family: Arial\"><em><o:p><\/o:p><\/em><\/span>\u00a0<span style=\"font-family: Arial\"><em><o:p><\/o:p><\/em><\/span>\u00a0<span style=\"font-family: Arial\"><o:p><span style=\"font-family: Arial\">A\u00f1os despu\u00e9s Jos\u00e9 Vicente Canchola al tiempo fund\u00f3 una revista <em>Cuer\u00e1maro guardi\u00e1n forestal <\/em>que lleg\u00f3 a cinco n\u00fameros y donde repiti\u00f3 los art\u00edculos que se hab\u00edan publicado en el Bolet\u00edn Parroquial en 1939.<o:p><\/o:p><\/span><\/o:p><\/span><span style=\"font-family: Arial\"><em><o:p>\u00a0<\/o:p><\/em><\/span><span style=\"font-family: Arial\"><em><o:p>\u00a0<\/o:p><\/em><\/span><span style=\"font-family: Arial\"><em><o:p>\u00a0<\/o:p><\/em><\/span><span style=\"font-family: Arial\"><o:p><\/o:p><\/span><span style=\"font-family: Arial\"><o:p><\/o:p><\/span><span style=\"font-family: Arial\"><o:p><\/p>\n<p style=\"margin: 0cm 0cm 0pt; text-align: justify\" class=\"MsoNormal\"><span style=\"font-family: Arial\"><em>Mi archivo consta de documentos, libros, fotograf\u00edas, invitaciones, programas, avisos e infinidad de curiosidades.<\/em><\/span><\/p>\n<p style=\"margin: 0cm 0cm 0pt; text-align: justify\" class=\"MsoNormal\"><span style=\"font-family: Arial\"><\/span><\/p>\n<p style=\"margin: 0cm 0cm 0pt; text-align: justify\" class=\"MsoNormal\"><span style=\"font-family: Arial\"><\/span><\/p>\n<p style=\"margin: 0cm 0cm 0pt; text-align: justify\" class=\"MsoNormal\"><span style=\"font-family: Arial\"><\/span><\/p>\n<p style=\"margin: 0cm 0cm 0pt; text-align: justify\" class=\"MsoNormal\"><span style=\"font-family: Arial\"><\/span><\/p>\n<p><span style=\"font-family: Arial\"><span style=\"font-family: Arial\">\u201cEl culmen de mis conocimiento<\/span><\/span><\/p>\n<p><span style=\"font-family: Arial\"><span style=\"font-family: Arial\">s sobre historia, que fui abrevando de much\u00edsimas personas y documentos, fue cuando conoc\u00ed a Don Jes\u00fas F\u00e9lix Maga\u00f1a, historiador de grandes vuelos, originario de Cuer\u00e1maro e hijo de Don Daniel F\u00e9lix, persona muy conocida en la \u00e9poca porfiriana por sus tierras y comercios que ten\u00eda en este pueblo y que en tiempos de <st1:personname ProductID=\"la Revoluci?n\" w:st=\"on\">la Revoluci\u00f3n<\/st1:personname> emigr\u00f3, su hijo Jes\u00fas fue al Seminario Conciliar de la ciudad de Le\u00f3n, de donde sali\u00f3 con un enorme caudal de ciencia\u201d.<o:p><\/o:p><\/span><span style=\"font-family: Arial\"><o:p>\u00a0<\/o:p><\/span><span style=\"font-family: Arial\"><o:p>\u00a0<\/o:p><\/span><\/span><span style=\"font-family: Arial\"><span style=\"font-family: Arial\"><o:p><\/o:p><\/span><\/span>\u00a0<span style=\"font-family: Arial\"><span style=\"font-family: Arial\"><o:p><\/o:p><\/span><\/span>\u00a0<span style=\"font-family: Arial\"><span style=\"font-family: Arial\"><o:p><\/o:p><\/span><\/span>\u00a0<span style=\"font-family: Arial\"><span style=\"font-family: Arial\"><o:p><\/o:p><\/span><span style=\"font-family: Arial\"><o:p><\/o:p><\/span>\u00a0<span style=\"font-family: Arial\">\u201cDon Jes\u00fas F\u00e9lix quiere mucho a su tierra de origen, por ello se ha dedicado a investigar su pasado, con muy buenos resultados, ya que sin su mediaci\u00f3n, yo no conocer\u00eda la existencia de documentos del principio de <st1:personname ProductID=\"La Colonia\" w:st=\"on\">La Colonia<\/st1:personname> que se encuentran en el Archivo de la naci\u00f3n en el ramo de Mercedes sobre Cuer\u00e1maro\u201d.<o:p><\/o:p><\/span><span style=\"font-family: Arial\"><o:p>\u00a0<\/o:p><\/span><span style=\"font-family: Arial\"><o:p>\u00a0<\/o:p><\/span><\/span><span style=\"font-family: Arial\"><span style=\"font-family: Arial\"><o:p><\/o:p><\/span><\/span>\u00a0<span style=\"font-family: Arial\"><span style=\"font-family: Arial\"><o:p><\/o:p><\/span><span style=\"font-family: Arial\"><o:p>\u00a0<\/o:p><\/span><span style=\"font-family: Arial\">\u201cEl Sr. Jes\u00fas F\u00e9lix me ha platicado y dicho que el dedicarse a la investigaci\u00f3n tiene sus desventajas, debido a que se gasta dinero, tiempo y son pocas las esperanzas de alg\u00fan reconocimiento, en cambio otros oficios tienen sus<\/span><\/span><span style=\"font-family: Arial\"><span style=\"font-family: Arial\">\u00a0recompensas por lo menos en dinero\u201d.<o:p><\/o:p><\/span><span style=\"font-family: Arial\"><o:p>\u00a0<\/o:p><\/span><span style=\"font-family: Arial\"><o:p>\u00a0<\/o:p><\/span><span style=\"font-family: Arial\"><o:p><\/o:p><\/span>\u00a0<\/span><span style=\"font-family: Arial\"><span style=\"font-family: Arial\">\u201cEl Se\u00f1or Jes\u00fas F\u00e9lix tiene en su domicilio una importante biblioteca, ha cultivado muy buenas amistades con arque\u00f3logos, historiadores, ge\u00f3grafos, abogados y religiosos prominentes como el P. Manuel Rangel Camacho, <\/span><\/span><span style=\"font-family: Arial\"><span style=\"font-family: Arial\"><\/span><\/span><\/p>\n<p><span style=\"font-family: Arial\"><span style=\"font-family: Arial\">el historiador Pedro Mart\u00ednez de <st1:personname ProductID=\"la Rosa\" w:st=\"on\">la Rosa<\/st1:personname> entre muchos\u201d.<o:p><\/o:p><\/span><span style=\"font-family: Arial\"><o:p>\u00a0<\/o:p><\/span><span style=\"font-family: Arial\"><o:p>\u00a0<\/o:p><\/span><span style=\"font-family: Arial\"><o:p>\u00a0<\/o:p><\/span><span style=\"font-family: Arial\">Pedro Mart\u00ednez de <st1:personname ProductID=\"la Rosa\" w:st=\"on\">la Rosa<\/st1:personname> fue empleado del Archivo General de <st1:personname ProductID=\"la Naci?n\" w:st=\"on\">la Naci\u00f3n<\/st1:personname> y todo lo relacionado con Irapuato y Cuer\u00e1maro lo hac\u00eda llegar por medio de fotocopias a Don Jes\u00fas F\u00e9lix Maga\u00f1a, por lo que se han llegado a conocer valiosos documentos.<o:p><\/o:p><\/span><span style=\"font-family: Arial\"><o:p>\u00a0<\/o:p><\/span><\/span><span style=\"font-family: Arial\"><span style=\"font-family: Arial\"><o:p><\/o:p><\/span><\/span>\u00a0<span style=\"font-family: Arial\"><span style=\"font-family: Arial\"><o:p><\/o:p><\/span><span style=\"font-family: Arial\"><o:p>\u00a0<\/o:p><\/span><span style=\"font-family: Arial\"><o:p>\u00a0<\/o:p><\/span><span style=\"color: black; font-family: Arial\">Monumentos Hist\u00f3ricos:\u00a0<\/span><span style=\"color: black; font-family: Arial\"> <o:p><\/o:p><\/span><\/span><span style=\"font-family: Arial\"><\/span><span style=\"font-family: Arial\"><\/span><span style=\"font-family: Arial\"><\/p>\n<ul type=\"disc\">\n<li style=\"margin: 0cm 0cm 0pt; color: black; text-align: justify; tab-stops: list 36.0pt\" class=\"MsoNormal\"><st1:personname ProductID=\"La Galera Vieja\" w:st=\"on\"><span style=\"font-family: Arial\">La Galera Vieja<\/span><\/st1:personname><span style=\"font-family: Arial\"> o Quemada, construcci\u00f3n que data de principios del siglo XIX. <o:p><\/o:p><\/span><\/li>\n<li style=\"margin: 0cm 0cm 0pt; color: black; text-align: justify; tab-stops: list 36.0pt\" class=\"MsoNormal\"><span style=\"font-family: Arial\">El Molino de <st1:personname ProductID=\"la Pur?sima\" w:st=\"on\">la Pur\u00edsima<\/st1:personname>, obra del siglo XVIII. <o:p><\/o:p><\/span><\/li>\n<li style=\"margin: 0cm 0cm 0pt; color: black; text-align: justify; tab-stops: list 36.0pt\" class=\"MsoNormal\"><span style=\"font-family: Arial\">El molino viejo de San Caralampio. <o:p><\/o:p><\/span><\/li>\n<li style=\"margin: 0cm 0cm 0pt; color: black; text-align: justify; tab-stops: list 36.0pt\" class=\"MsoNormal\"><span style=\"font-family: Arial\">El acueducto que data de la \u00e9poca colonial. <o:p><\/o:p><\/span><\/li>\n<li style=\"margin: 0cm 0cm 0pt; color: black; text-align: justify; tab-stops: list 36.0pt\" class=\"MsoNormal\"><span style=\"font-family: Arial\">El casco de la hacienda de Tup\u00e1taro y la ex-Hacienda de San Gregorio. <o:p><\/o:p><\/span><\/li>\n<\/ul>\n<p><span style=\"font-family: Arial\"><o:p>\u00a0<\/o:p><\/span><span style=\"font-family: Arial\"><o:p>\u00a0<\/o:p><\/span><o:p><em>\u00a0<\/em><\/o:p><\/span><span style=\"font-family: Arial\"><o:p><em>\u00a0<\/em><\/o:p><\/span><\/p>\n<p style=\"margin: 0cm 0cm 0pt; text-align: justify\" class=\"MsoNormal\">&nbsp;<\/p>\n<p><span style=\"font-family: Arial\"><font size=\"3\"><o:p><\/o:p><\/font><\/span>\u00a0<strong><span style=\"font-size: 10pt; font-family: Arial\"><o:p>\u00a0<\/o:p><\/span><\/strong><span style=\"font-family: Arial\"><o:p>\u00a0<\/o:p><\/span><o:p><\/o:p>\u00a0<\/o:p><\/span><\/o:p><\/font><\/span><\/o:p><\/span><\/p>\n","protected":false},"excerpt":{"rendered":"<p>Cuer\u00e1maro: Tierra de refugio Para hablar de la historia matria, como llamaba el Maestro Lu\u00eds Gonz\u00e1lez y Gonz\u00e1lez a la historia regional, es muy \u00fatil recordar cuando en 1989 se me solicit\u00f3 la edici\u00f3n de las efem\u00e9rides cueramarenses por el entonces presidente municipal, Hilario Murillo Cervantes, pero sobre todo por su cronista, que lo es [&hellip;]<\/p>\n","protected":false},"author":249,"featured_media":0,"comment_status":"open","ping_status":"closed","sticky":false,"template":"","format":"standard","meta":{"footnotes":""},"categories":[9],"tags":[],"class_list":["post-43","post","type-post","status-publish","format-standard","hentry","category-otros-lugares"],"_links":{"self":[{"href":"https:\/\/eloficiodehistoriar.com.mx\/index.php?rest_route=\/wp\/v2\/posts\/43","targetHints":{"allow":["GET"]}}],"collection":[{"href":"https:\/\/eloficiodehistoriar.com.mx\/index.php?rest_route=\/wp\/v2\/posts"}],"about":[{"href":"https:\/\/eloficiodehistoriar.com.mx\/index.php?rest_route=\/wp\/v2\/types\/post"}],"author":[{"embeddable":true,"href":"https:\/\/eloficiodehistoriar.com.mx\/index.php?rest_route=\/wp\/v2\/users\/249"}],"replies":[{"embeddable":true,"href":"https:\/\/eloficiodehistoriar.com.mx\/index.php?rest_route=%2Fwp%2Fv2%2Fcomments&post=43"}],"version-history":[{"count":0,"href":"https:\/\/eloficiodehistoriar.com.mx\/index.php?rest_route=\/wp\/v2\/posts\/43\/revisions"}],"wp:attachment":[{"href":"https:\/\/eloficiodehistoriar.com.mx\/index.php?rest_route=%2Fwp%2Fv2%2Fmedia&parent=43"}],"wp:term":[{"taxonomy":"category","embeddable":true,"href":"https:\/\/eloficiodehistoriar.com.mx\/index.php?rest_route=%2Fwp%2Fv2%2Fcategories&post=43"},{"taxonomy":"post_tag","embeddable":true,"href":"https:\/\/eloficiodehistoriar.com.mx\/index.php?rest_route=%2Fwp%2Fv2%2Ftags&post=43"}],"curies":[{"name":"wp","href":"https:\/\/api.w.org\/{rel}","templated":true}]}}