{"id":48,"date":"2008-05-19T08:21:22","date_gmt":"2008-05-19T13:21:22","guid":{"rendered":"https:\/\/eloficiodehistoriar.com.mx\/?p=48"},"modified":"2008-05-19T16:26:15","modified_gmt":"2008-05-19T21:26:15","slug":"ixcuinapam-san-miguel-el-grande","status":"publish","type":"post","link":"https:\/\/eloficiodehistoriar.com.mx\/?p=48","title":{"rendered":"Ixcuinapam &#8211; San Miguel El Grande"},"content":{"rendered":"<p><strong><span style=\"font-size: 30pt; font-family: 'Times New Roman'\" lang=\"ES-TRAD\"><span><a href=\"https:\/\/eloficiodehistoriar.com.mx\/wp-content\/uploads\/2008\/05\/lavaderos.jpg\" title=\"Los Lavaderos\"><img decoding=\"async\" src=\"https:\/\/eloficiodehistoriar.com.mx\/wp-content\/uploads\/2008\/05\/lavaderos.thumbnail.jpg\" alt=\"Los Lavaderos\" \/><\/a>\u00a0\u00a0\u00a0\u00a0\u00a0\u00a0\u00a0\u00a0\u00a0\u00a0\u00a0\u00a0\u00a0 <\/span>Itzquinapan<o:p><\/o:p><\/span><\/strong><strong><span style=\"font-size: 14pt\" lang=\"ES-TRAD\"><o:p><font face=\"Times New Roman\">\u00a0<\/font><\/o:p><\/span><\/strong><span style=\"font-size: 14pt\" lang=\"ES-TRAD\"><o:p><font face=\"Times New Roman\">\u00a0<\/font><\/o:p><\/span><\/p>\n<p style=\"margin: 0cm 0cm 0pt\" class=\"MsoBodyText\"><span style=\"font-size: 14pt\" lang=\"ES-TRAD\"><font face=\"Times New Roman\">Otontecutli, &#8211; dios de los antepasados, dios tribal, dios de la guerra, dios creador, recibidor de solo sacrificios de fuego, reinante de estos contornos, Se\u00f1or de los muertos -, esta por caer.<\/font><\/span><\/p>\n<p><span style=\"font-size: 14pt\" lang=\"ES-TRAD\"><font face=\"Times New Roman\"><o:p><\/o:p><\/font><\/span>\u00a0<span style=\"font-size: 14pt\" lang=\"ES-TRAD\"><o:p><font face=\"Times New Roman\">\u00a0<\/font><\/o:p><\/span><\/p>\n<p style=\"margin: 0cm 0cm 0pt\" class=\"MsoBodyText\"><span style=\"font-size: 14pt\" lang=\"ES-TRAD\"><font face=\"Times New Roman\">El enemigo esta en los dinteles de esta llanura de cazadores, son los Huachichiles, son los Chichimecas, es el lugar donde los cuesillos se levantan por todas partes, lugares consagrados para que la vida y la muerte sean<span>\u00a0 <\/span>propicios.<\/font><\/span><\/p>\n<p><span style=\"font-size: 14pt\" lang=\"ES-TRAD\"><font face=\"Times New Roman\"><o:p><\/o:p><\/font><\/span>\u00a0<span style=\"font-size: 14pt\" lang=\"ES-TRAD\"><o:p><font face=\"Times New Roman\">\u00a0<\/font><\/o:p><\/span><\/p>\n<p style=\"margin: 0cm 0cm 0pt\" class=\"MsoBodyText\"><span style=\"font-size: 14pt\" lang=\"ES-TRAD\"><font face=\"Times New Roman\">La cuenta de los d\u00edas en Occidente se\u00f1ala<span>\u00a0 <\/span>el 29 de septiembre de 1542<em>; cuando <\/em>un ministro de los nuevos dioses, en nombre del cristianismo<span>\u00a0 <\/span>y el Rey, proclama suyas estas tierras, su nombre es Fray Juan de San Miguel, qui\u00e9n improvisa un templo al nuevo dios, con troncos y traza \u201cel pueblo\u201d, nueva forma impositiva de congregarse en polic\u00eda para los habitantes inmemoriales de esta regi\u00f3n, mientras los soldados invasores los someten al bautismo, &#8211; iniciaci\u00f3n al nuevo rito -, desde entonces todo habitante de estos contornos es sometido, de esta manera nace San Miguel,<span>\u00a0 <\/span>San Miguel El Viejo.<\/font><\/span><\/p>\n<p style=\"margin: 0cm 0cm 0pt\" class=\"MsoBodyText\"><span style=\"font-size: 14pt\" lang=\"ES-TRAD\"><\/span><\/p>\n<p><span style=\"font-size: 14pt\" lang=\"ES-TRAD\"><font face=\"Times New Roman\"><o:p>\u00a0<\/o:p><\/font><\/span><span style=\"font-size: 14pt\" lang=\"ES-TRAD\"><o:p><font face=\"Times New Roman\">\u00a0<\/font><\/o:p><\/span><\/p>\n<p style=\"margin: 0cm 0cm 0pt\" class=\"MsoBodyText\"><span style=\"font-size: 14pt\" lang=\"ES-TRAD\"><font face=\"Times New Roman\">Ueueteotl, Padre Viejo y Amatecutli, Madre Vieja, los dioses tribales, empiezan a ser escondidos por los habitantes originales de este lugar, los guardan con celo, los protegen contra los nuevos dioses y sus ministros, tambi\u00e9n hacen lo mismo con las representaciones de <st1:personname ProductID=\"la Luna\" w:st=\"on\">la Luna<\/st1:personname> y el Sol, sus s\u00edmbolos culturales, comienzan a distribuirse \u201clos \u00eddolos\u201d por todos lados, disfraz amable para el sometimiento \u201cvoluntario\u201d.<\/font><\/span><\/p>\n<p style=\"margin: 0cm 0cm 0pt\" class=\"MsoBodyText\"><span style=\"font-size: 14pt\" lang=\"ES-TRAD\"><\/span><\/p>\n<p><span style=\"font-size: 14pt\" lang=\"ES-TRAD\"><font face=\"Times New Roman\"><o:p>\u00a0<\/o:p><\/font><\/span><span style=\"font-size: 14pt\" lang=\"ES-TRAD\"><o:p><font face=\"Times New Roman\">\u00a0<\/font><\/o:p><\/span><\/p>\n<p style=\"margin: 0cm 0cm 0pt\" class=\"MsoBodyText\"><span style=\"font-size: 14pt\" lang=\"ES-TRAD\"><font face=\"Times New Roman\">Los chichimecas de estos contornos se revelaron por m\u00e1s de cuarenta a\u00f1os a este proceso de exterminio, mientras el invasor fundaba pueblos, congregando a los incongregables. Los misioneros segu\u00edan empalmando dioses, mientras los soldados hac\u00edan guerra.<\/font><\/span><\/p>\n<p style=\"margin: 0cm 0cm 0pt\" class=\"MsoBodyText\"><span style=\"font-size: 14pt\" lang=\"ES-TRAD\"><\/span><\/p>\n<p style=\"margin: 0cm 0cm 0pt\" class=\"MsoBodyText\"><span style=\"font-size: 14pt\" lang=\"ES-TRAD\"><\/span><\/p>\n<p><span style=\"font-size: 14pt\" lang=\"ES-TRAD\"><font face=\"Times New Roman\"><o:p>\u00a0<\/o:p><\/font><\/span><span style=\"font-size: 14pt\" lang=\"ES-TRAD\"><o:p><font face=\"Times New Roman\">\u00a0<\/font><\/o:p><\/span><\/p>\n<p style=\"margin: 0cm 0cm 0pt\" class=\"MsoBodyText\"><span style=\"font-size: 14pt\" lang=\"ES-TRAD\"><font face=\"Times New Roman\">El indio Valerio De <st1:personname ProductID=\"La Cruz\" w:st=\"on\">La Cruz<\/st1:personname>, recibi\u00f3 un encargo: \u201cYo os mando que os arm\u00e9is de punta en blanco para distinguiros de los dem\u00e1s indios, que os encargo, de arco y flechas, amigo de <st1:personname ProductID=\"la Fe Cat\u00f3lica\" w:st=\"on\">la Fe Cat\u00f3lica<\/st1:personname> y de su majestad y como tal, con vara de Capit\u00e1n de guerra,<span>\u00a0 <\/span>ser\u00e9is General en los pueblos de San Miguel El Grande, San Felipe, R\u00edo Verde, Nueva Galicia, Celaya, Valle de Huichapan y dem\u00e1s pueblos de sus alindes de donde vengan los b\u00e1rbaros, a quienes acometer\u00e9is como enemigos de <st1:personname ProductID=\"la Tierra\" w:st=\"on\">la Tierra<\/st1:personname>\u201d<\/font><\/span><\/p>\n<p style=\"margin: 0cm 0cm 0pt\" class=\"MsoBodyText\"><span style=\"font-size: 14pt\" lang=\"ES-TRAD\"><\/span><\/p>\n<p style=\"margin: 0cm 0cm 0pt\" class=\"MsoBodyText\"><span style=\"font-size: 14pt\" lang=\"ES-TRAD\"><\/span><\/p>\n<p><span style=\"font-size: 14pt\" lang=\"ES-TRAD\"><font face=\"Times New Roman\"><o:p>\u00a0<\/o:p><\/font><\/span><span style=\"font-size: 14pt\" lang=\"ES-TRAD\"><o:p><font face=\"Times New Roman\">\u00a0<\/font><\/o:p><\/span><\/p>\n<p style=\"margin: 0cm 0cm 0pt\" class=\"MsoBodyText\"><span style=\"font-size: 14pt\" lang=\"ES-TRAD\"><font face=\"Times New Roman\">Dice el visitador Francisco de Ajofrin: Refiri\u00e9ndose a San Miguel El Grande: \u201cPor la banda del norte a media legua de distancia, sobre una eminencia, una fabrica antigua de los indios gentiles, que hoy se llama cuesillos y dicen era un famoso templo o adoratorio; a m\u00ed me pareci\u00f3 despu\u00e9s de haber examinado su circunferencia, fabrica y modo de construcci\u00f3n, que seria fortaleza o fortines, pues se registraban aun en d\u00eda varios fortines y como baluartes alrededor del edificio, principalmente que parece una Plaza de Armas\u201d.<\/font><\/span><\/p>\n<p style=\"margin: 0cm 0cm 0pt\" class=\"MsoBodyText\"><span style=\"font-size: 14pt\" lang=\"ES-TRAD\"><\/span><\/p>\n<p style=\"margin: 0cm 0cm 0pt\" class=\"MsoBodyText\"><span style=\"font-size: 14pt\" lang=\"ES-TRAD\"><\/span><\/p>\n<p><span style=\"font-size: 14pt\" lang=\"ES-TRAD\"><font face=\"Times New Roman\"><o:p>\u00a0<\/o:p><\/font><\/span><span style=\"font-size: 14pt\" lang=\"ES-TRAD\"><o:p><font face=\"Times New Roman\">\u00a0<\/font><\/o:p><\/span><\/p>\n<p style=\"margin: 0cm 0cm 0pt\" class=\"MsoBodyText\"><span style=\"font-size: 14pt\" lang=\"ES-TRAD\"><font face=\"Times New Roman\">\u201cEn San Miguel El Grande y sus alrededores se nota la existencia de un culto teocr\u00e1tico preponderante y formal dedicado a las m\u00e1s arcaicas y adoradas deidades del M\u00e9xico antiguo en esta regi\u00f3n&#8230; se manifiesta por la gran cantidad de braseros ceremoniales hallados juntamente con artefactos actualizadores de sus mitos.\u201d<\/font><\/span><\/p>\n<p style=\"margin: 0cm 0cm 0pt\" class=\"MsoBodyText\"><span style=\"font-size: 14pt\" lang=\"ES-TRAD\"><\/span><\/p>\n<p style=\"margin: 0cm 0cm 0pt\" class=\"MsoBodyText\"><span style=\"font-size: 14pt\" lang=\"ES-TRAD\"><\/span><\/p>\n<p><span style=\"font-size: 14pt\" lang=\"ES-TRAD\"><font face=\"Times New Roman\"><o:p>\u00a0<\/o:p><\/font><\/span><span style=\"font-size: 14pt\" lang=\"ES-TRAD\"><o:p><font face=\"Times New Roman\">\u00a0<\/font><\/o:p><\/span><\/p>\n<p style=\"margin: 0cm 0cm 0pt\" class=\"MsoBodyText\"><span style=\"font-size: 14pt\" lang=\"ES-TRAD\"><font face=\"Times New Roman\">La importancia de los hallazgos arqueol\u00f3gicos de la zona de San Miguel El Grande, se comprende mejor recordando lo dicho por Hermann Beyer.<\/font><\/span><\/p>\n<p style=\"margin: 0cm 0cm 0pt\" class=\"MsoBodyText\"><span style=\"font-size: 14pt\" lang=\"ES-TRAD\"><\/span><\/p>\n<p style=\"margin: 0cm 0cm 0pt\" class=\"MsoBodyText\"><span style=\"font-size: 14pt\" lang=\"ES-TRAD\"><\/span><\/p>\n<p><span style=\"font-size: 14pt\" lang=\"ES-TRAD\"><font face=\"Times New Roman\"><o:p>\u00a0<\/o:p><\/font><\/span><span style=\"font-size: 14pt\" lang=\"ES-TRAD\"><o:p><font face=\"Times New Roman\">\u00a0<\/font><\/o:p><\/span><\/p>\n<p style=\"margin: 0cm 0cm 0pt\" class=\"MsoBodyText\"><span style=\"font-size: 14pt\" lang=\"ES-TRAD\"><font face=\"Times New Roman\"><span>\u00a0<\/span>\u201cLos creadores de la mitolog\u00eda de los c\u00f3dices, debieron ser miembros de un pueblo que pertenec\u00eda a la familia ling\u00fc\u00edstica de los nahuas, de la que se sab\u00eda los Aztecas formaban parte&#8230;\u201d.<\/font><\/span><\/p>\n<p style=\"margin: 0cm 0cm 0pt\" class=\"MsoBodyText\"><span style=\"font-size: 14pt\" lang=\"ES-TRAD\"><\/span><\/p>\n<p style=\"margin: 0cm 0cm 0pt\" class=\"MsoBodyText\"><span style=\"font-size: 14pt\" lang=\"ES-TRAD\"><\/span><\/p>\n<p><span style=\"font-size: 14pt\" lang=\"ES-TRAD\"><font face=\"Times New Roman\"><o:p>\u00a0<\/o:p><\/font><\/span><span style=\"font-size: 14pt\" lang=\"ES-TRAD\"><o:p><font face=\"Times New Roman\">\u00a0<\/font><\/o:p><\/span><span style=\"font-size: 14pt\" lang=\"ES-TRAD\"><font face=\"Times New Roman\">\u201cQuiz\u00e1s en los mitos de Tula y su glorioso pasado tengamos tradiciones hist\u00f3ricas mixtas con mitos c\u00f3smicos y f\u00edsicos, y puede ser que los Toltecas, los habitantes de Tula, hayan sido realmente los fundadores de la cultura americana\u201d.<o:p><\/o:p><\/font><\/span><\/p>\n<p style=\"margin: 0cm 0cm 0pt\" class=\"MsoBodyText\">&nbsp;<\/p>\n<p style=\"margin: 0cm 0cm 0pt\" class=\"MsoBodyText\">&nbsp;<\/p>\n<p><span style=\"font-size: 14pt\" lang=\"ES-TRAD\"><o:p><font face=\"Times New Roman\">\u00a0<\/font><\/o:p><\/span><\/p>\n<p style=\"margin: 0cm 0cm 0pt\" class=\"MsoBodyText\"><span style=\"font-size: 14pt\" lang=\"ES-TRAD\"><font face=\"Times New Roman\">Estos textos muestran la importancia extraordinaria del San Miguel, pre-hisp\u00e1nico, como cultura proto-Tolteca.<\/font><\/span><\/p>\n<p style=\"margin: 0cm 0cm 0pt\" class=\"MsoBodyText\"><span style=\"font-size: 14pt\" lang=\"ES-TRAD\"><\/span><\/p>\n<p style=\"margin: 0cm 0cm 0pt\" class=\"MsoBodyText\"><span style=\"font-size: 14pt\" lang=\"ES-TRAD\"><\/span><\/p>\n<p><span style=\"font-size: 14pt\" lang=\"ES-TRAD\"><font face=\"Times New Roman\"><o:p>\u00a0<\/o:p><\/font><\/span><span style=\"font-size: 14pt\" lang=\"ES-TRAD\"><o:p><font face=\"Times New Roman\">\u00a0<\/font><\/o:p><\/span><span style=\"font-size: 14pt\" lang=\"ES-TRAD\"><font face=\"Times New Roman\">San Miguel el Viejo, primer lugar donde se intenta fundar a San Miguel, no tenia suficiente agua para la fundaci\u00f3n que all\u00ed se pretend\u00eda, por el sucesor de fray Juan de San Miguel, uno de los doce franciscanos, que llegaron a la conquista espiritual de lo que llamar\u00edan <st1:personname ProductID=\"la Nueva Espa\u00f1a.\" w:st=\"on\">la Nueva Espa\u00f1a.<\/st1:personname><o:p><\/o:p><\/font><\/span><\/p>\n<p style=\"margin: 0cm 0cm 0pt\" class=\"MsoBodyText\">&nbsp;<\/p>\n<p style=\"margin: 0cm 0cm 0pt\" class=\"MsoBodyText\">&nbsp;<\/p>\n<p><span style=\"font-size: 14pt\" lang=\"ES-TRAD\"><o:p><font face=\"Times New Roman\">\u00a0<\/font><\/o:p><\/span><\/p>\n<p style=\"margin: 0cm 0cm 0pt\" class=\"MsoBodyText\"><span style=\"font-size: 14pt\" lang=\"ES-TRAD\"><font face=\"Times New Roman\">Bernardo de Cossin, traslad\u00f3 el pueblo a Izquinapan, que significa en espa\u00f1ol, lugar de agua encontrado por perros, junto a donde conocemos por <st1:personname ProductID=\"la Santa Cruz\" w:st=\"on\">la Santa Cruz<\/st1:personname> del Chorro, all\u00ed se recomenz\u00f3 la fundaci\u00f3n de San Miguel.<\/font><\/span><\/p>\n<p style=\"margin: 0cm 0cm 0pt\" class=\"MsoBodyText\"><span style=\"font-size: 14pt\" lang=\"ES-TRAD\"><\/span><\/p>\n<p style=\"margin: 0cm 0cm 0pt\" class=\"MsoBodyText\"><span style=\"font-size: 14pt\" lang=\"ES-TRAD\"><\/span><\/p>\n<p><span style=\"font-size: 14pt\" lang=\"ES-TRAD\"><font face=\"Times New Roman\"><o:p>\u00a0<\/o:p><\/font><\/span><span style=\"font-size: 14pt\" lang=\"ES-TRAD\"><o:p><font face=\"Times New Roman\">\u00a0<\/font><\/o:p><\/span><\/p>\n<p style=\"margin: 0cm 0cm 0pt\" class=\"MsoBodyText\"><span style=\"font-size: 14pt\" lang=\"ES-TRAD\"><font face=\"Times New Roman\">Traz\u00f3 el plano de la poblaci\u00f3n, fij\u00f3 los lugares para el templo, el convento, el hospital y el colegio. Los habitantes originales del lugar,<span>\u00a0 <\/span>-Huachichiles, Gumaraes, Capuces, Pames, Cazcanes, Guajabanas, Sauzas y otros &#8211; no dejaron de ser hostiles a la fundaci\u00f3n y a la congregaci\u00f3n que de ellos quer\u00edan hacer los misioneros y soldados espa\u00f1oles.<\/font><\/span><\/p>\n<p style=\"margin: 0cm 0cm 0pt\" class=\"MsoBodyText\"><span style=\"font-size: 14pt\" lang=\"ES-TRAD\"><\/span><\/p>\n<p style=\"margin: 0cm 0cm 0pt\" class=\"MsoBodyText\"><span style=\"font-size: 14pt\" lang=\"ES-TRAD\"><\/span><\/p>\n<p><span style=\"font-size: 14pt\" lang=\"ES-TRAD\"><font face=\"Times New Roman\"><o:p>\u00a0<\/o:p><\/font><\/span><span style=\"font-size: 14pt\" lang=\"ES-TRAD\"><o:p><font face=\"Times New Roman\">\u00a0<\/font><\/o:p><\/span><\/p>\n<p style=\"margin: 0cm 0cm 0pt\" class=\"MsoBodyText\"><span style=\"font-size: 14pt\" lang=\"ES-TRAD\"><font face=\"Times New Roman\">Por esta causa el Virrey, Luis de Velazco, fund\u00f3 guarniciones, los llamados \u201cpresidios\u201d, con soldados ind\u00edgenas aliados, y espa\u00f1oles, asegurando de esta manera la zona.<\/font><\/span><\/p>\n<p style=\"margin: 0cm 0cm 0pt\" class=\"MsoBodyText\"><span style=\"font-size: 14pt\" lang=\"ES-TRAD\"><\/span><\/p>\n<p style=\"margin: 0cm 0cm 0pt\" class=\"MsoBodyText\"><span style=\"font-size: 14pt\" lang=\"ES-TRAD\"><\/span><\/p>\n<p><span style=\"font-size: 14pt\" lang=\"ES-TRAD\"><font face=\"Times New Roman\"><o:p>\u00a0<\/o:p><\/font><\/span><span style=\"font-size: 14pt\" lang=\"ES-TRAD\"><o:p><font face=\"Times New Roman\">\u00a0<\/font><\/o:p><\/span><\/p>\n<p style=\"margin: 0cm 0cm 0pt\" class=\"MsoBodyText\"><span style=\"font-size: 14pt\" lang=\"ES-TRAD\"><font face=\"Times New Roman\">Lo hizo en San Miguel por 1554, despu\u00e9s en Atotonilco, sigui\u00f3 en Puerto del Nieto y Petaca, ya para entonces se contaba en San Miguel con una Misi\u00f3n franciscana, un Hospital y un Colegio para indios sumisos.<\/font><\/span><\/p>\n<p style=\"margin: 0cm 0cm 0pt\" class=\"MsoBodyText\"><span style=\"font-size: 14pt\" lang=\"ES-TRAD\"><\/span><\/p>\n<p style=\"margin: 0cm 0cm 0pt\" class=\"MsoBodyText\"><span style=\"font-size: 14pt\" lang=\"ES-TRAD\"><\/span><\/p>\n<p><span style=\"font-size: 14pt\" lang=\"ES-TRAD\"><font face=\"Times New Roman\"><o:p>\u00a0<\/o:p><\/font><\/span><span style=\"font-size: 14pt\" lang=\"ES-TRAD\"><o:p><font face=\"Times New Roman\">\u00a0<\/font><\/o:p><\/span><\/p>\n<p style=\"margin: 0cm 0cm 0pt; text-align: justify\" class=\"MsoNormal\"><span style=\"font-size: 14pt; font-family: 'Times New Roman'\" lang=\"ES-TRAD\">\u201cYo Don Luis de Velasco, Virrey y Gobernador por su Majestad en esta Nueva Espa\u00f1a hago saber: Por cuanto al servicio de Nuestro Se\u00f1or y su Majestad conviene que para que cesen las muertes, robos y otros sucesos que ha habido y al presente hay, en los llanos de San Miguel, camino de los Zacatecas, se funde una Villa de Espa\u00f1oles&#8230;\u00bb<\/span><\/p>\n<p style=\"margin: 0cm 0cm 0pt; text-align: justify\" class=\"MsoNormal\"><span style=\"font-size: 14pt; font-family: 'Times New Roman'\" lang=\"ES-TRAD\"><\/span><\/p>\n<p style=\"margin: 0cm 0cm 0pt; text-align: justify\" class=\"MsoNormal\"><span style=\"font-size: 14pt; font-family: 'Times New Roman'\" lang=\"ES-TRAD\"><\/span><\/p>\n<p><span style=\"font-size: 14pt; font-family: 'Times New Roman'\" lang=\"ES-TRAD\"><o:p>\u00a0<\/o:p><\/span><span style=\"font-size: 14pt; font-family: 'Times New Roman'\" lang=\"ES-TRAD\"><o:p>\u00a0<\/o:p><\/span><span style=\"font-size: 14pt; font-family: 'Times New Roman'\" lang=\"ES-TRAD\">\u201c La se\u00f1alareis y trac\u00e9is por la orden que m\u00e1s convenga, de manera que viva en toda<span>\u00a0 <\/span>polic\u00eda y en buena traza y en dicho convenga, proveerse&#8230; ha de ser fuera de las casas de los indios Tarascos, Chichimecas y Otom\u00edes, que en dicho pueblo viven y de las sementeras que ellos tienen, de manera que los unos y los otros tengan sus tierras distintas y apartadas&#8230;\u201d.<o:p><\/o:p><\/span><\/p>\n<p style=\"margin: 0cm 0cm 0pt; text-align: justify\" class=\"MsoNormal\">&nbsp;<\/p>\n<p style=\"margin: 0cm 0cm 0pt; text-align: justify\" class=\"MsoNormal\">&nbsp;<\/p>\n<p><span style=\"font-size: 14pt; font-family: 'Times New Roman'\" lang=\"ES-TRAD\"><o:p>\u00a0<\/o:p><\/span><\/p>\n<p style=\"margin: 0cm 0cm 0pt; text-align: justify\" class=\"MsoNormal\"><span style=\"font-size: 14pt; font-family: 'Times New Roman'\" lang=\"ES-TRAD\">Domingo P\u00e9rez por los chichimecas y Juan de San Miguel por los Otom\u00edes fueron nombrados gobernadores de indios.<\/span><\/p>\n<p style=\"margin: 0cm 0cm 0pt; text-align: justify\" class=\"MsoNormal\"><span style=\"font-size: 14pt; font-family: 'Times New Roman'\" lang=\"ES-TRAD\"><\/span><\/p>\n<p style=\"margin: 0cm 0cm 0pt; text-align: justify\" class=\"MsoNormal\"><span style=\"font-size: 14pt; font-family: 'Times New Roman'\" lang=\"ES-TRAD\"><\/span><\/p>\n<p><span style=\"font-size: 14pt; font-family: 'Times New Roman'\" lang=\"ES-TRAD\"><o:p>\u00a0<\/o:p><\/span><span style=\"font-size: 14pt; font-family: 'Times New Roman'\" lang=\"ES-TRAD\"><o:p>\u00a0<\/o:p><\/span><\/p>\n<p style=\"margin: 0cm 0cm 0pt; text-align: justify\" class=\"MsoNormal\"><span style=\"font-size: 14pt; font-family: 'Times New Roman'\" lang=\"ES-TRAD\">El territorio de Izquinapan, tierra intervenida, primero fue un pueblo de indios, sometido, luego presidio o fort\u00edn, que guardaba el camino de la plata y despu\u00e9s en 1556, Villa de Espa\u00f1oles, con regidores y alcaldes. En este proceso se va desvaneciendo la cultura mesoamericana.<\/span><\/p>\n<p style=\"margin: 0cm 0cm 0pt; text-align: justify\" class=\"MsoNormal\"><span style=\"font-size: 14pt; font-family: 'Times New Roman'\" lang=\"ES-TRAD\"><\/span><\/p>\n<p style=\"margin: 0cm 0cm 0pt; text-align: justify\" class=\"MsoNormal\"><span style=\"font-size: 14pt; font-family: 'Times New Roman'\" lang=\"ES-TRAD\"><\/span><\/p>\n<p><span style=\"font-size: 14pt; font-family: 'Times New Roman'\" lang=\"ES-TRAD\"><o:p>\u00a0<\/o:p><\/span><span style=\"font-size: 14pt; font-family: 'Times New Roman'\" lang=\"ES-TRAD\"><o:p>\u00a0<\/o:p><\/span><\/p>\n<p style=\"margin: 0cm 0cm 0pt; text-align: justify\" class=\"MsoNormal\"><span style=\"font-size: 14pt; font-family: 'Times New Roman'\" lang=\"ES-TRAD\">\u201cLa gente de guerra\u201d, como llamaban los espa\u00f1oles a los chichimecas, habitaban pac\u00edficamente desde tiempo inmemorial, el ahora sitio llamado<span>\u00a0\u00a0 <\/span>La regi\u00f3n conocida por San Miguel de Allende actualmente, abarcaba hasta Zacatecas, ten\u00edan sus habitantes naturales, organizaci\u00f3n social,<span>\u00a0 <\/span>clanes, en territorios bien delimitados, unidad de pueblos y organizaci\u00f3n pol\u00edtica, antes de la intervenci\u00f3n europea<\/span><\/p>\n<p style=\"margin: 0cm 0cm 0pt; text-align: justify\" class=\"MsoNormal\"><span style=\"font-size: 14pt; font-family: 'Times New Roman'\" lang=\"ES-TRAD\"><\/span><\/p>\n<p><span style=\"font-size: 14pt; font-family: 'Times New Roman'\" lang=\"ES-TRAD\"><o:p>\u00a0<\/o:p><\/span><span style=\"font-size: 14pt; font-family: 'Times New Roman'\" lang=\"ES-TRAD\"><o:p>\u00a0<\/o:p><\/span><span style=\"font-size: 14pt; font-family: 'Times New Roman'\" lang=\"ES-TRAD\">Las mujeres hac\u00edan naguas y huipiles, de acuerdo a la narraci\u00f3n de un visitante de San Miguel a finales del siglo XVl:<span>\u00a0 <\/span>\u201cTodas ellas labraban lo dicho, de hilo de maguey, lo hilaban y tej\u00edan de muchas labores&#8230; de muchas y diferentes maneras de ropa y vend\u00edanlo barato&#8230;\u201d. Usaban la nagua de ixtli hasta el tobillo y el huipil hasta a la rodilla\u201d.<o:p><\/o:p><\/span><span style=\"font-size: 14pt; font-family: 'Times New Roman'\" lang=\"ES-TRAD\"><o:p>\u00a0<\/o:p><\/span><\/p>\n<p style=\"margin: 0cm 0cm 0pt; text-align: justify\" class=\"MsoNormal\"><span style=\"font-size: 14pt; font-family: 'Times New Roman'\" lang=\"ES-TRAD\">El agua miel, saliendo del maguey, era de uso com\u00fan entre los llamados indios, antes de la llegada de los espa\u00f1oles, lo mismo que el nopal, con<span>\u00a0 <\/span>sus tunas y pencas, lo mismo la j\u00edcama, el camote, el tejocote, el aguacate, el zapote, la guayaba, la nona, la papaya, la pi\u00f1a, tra\u00eddas algunas de inmediaciones de tierra caliente. El licor sal\u00eda del maguey, el capullin, la tuna,<span>\u00a0 <\/span>y la ca\u00f1a. La carne del venado, el conejo, de las aves y los peces de las lagunas.<\/span><\/p>\n<p style=\"margin: 0cm 0cm 0pt; text-align: justify\" class=\"MsoNormal\"><span style=\"font-size: 14pt; font-family: 'Times New Roman'\" lang=\"ES-TRAD\"><\/span><\/p>\n<p><span style=\"font-size: 14pt; font-family: 'Times New Roman'\" lang=\"ES-TRAD\"><o:p>\u00a0<\/o:p><\/span><span style=\"font-size: 14pt; font-family: 'Times New Roman'\" lang=\"ES-TRAD\"><o:p>\u00a0<\/o:p><\/span><\/p>\n<p style=\"margin: 0cm 0cm 0pt; text-align: justify\" class=\"MsoNormal\"><span style=\"font-size: 14pt; font-family: 'Times New Roman'\" lang=\"ES-TRAD\">El arco y la flecha, el horno subterr\u00e1neo, la caza por ojeo, la pintura facial de rayas y los dioses tribales, como Mixcoatl, eran rasgos caracter\u00edsticos de la cultura de estos pueblos de la regi\u00f3n de Izquinapan, ahora San Miguel El Grande.<\/span><\/p>\n<p style=\"margin: 0cm 0cm 0pt; text-align: justify\" class=\"MsoNormal\"><span style=\"font-size: 14pt; font-family: 'Times New Roman'\" lang=\"ES-TRAD\"><\/span><\/p>\n<p style=\"margin: 0cm 0cm 0pt; text-align: justify\" class=\"MsoNormal\"><span style=\"font-size: 14pt; font-family: 'Times New Roman'\" lang=\"ES-TRAD\"><\/span><\/p>\n<p><span style=\"font-size: 14pt; font-family: 'Times New Roman'\" lang=\"ES-TRAD\"><o:p>\u00a0<\/o:p><\/span><span style=\"font-size: 14pt; font-family: 'Times New Roman'\" lang=\"ES-TRAD\"><o:p>\u00a0<\/o:p><\/span><\/p>\n<p style=\"margin: 0cm 0cm 0pt; text-align: justify\" class=\"MsoNormal\"><span style=\"font-size: 14pt; font-family: 'Times New Roman'\" lang=\"ES-TRAD\">Un otom\u00ed comerciante de Nopala, de origen tlaxcalteca llamado Con\u00edn, pobl\u00f3 San Miguel, con otom\u00edes aliados, ayud\u00f3 a poblar poco despu\u00e9s de la fundaci\u00f3n realizada, como ya se dijo anteriormente, por Fray Juan de San Miguel.<\/span><\/p>\n<p style=\"margin: 0cm 0cm 0pt; text-align: justify\" class=\"MsoNormal\"><span style=\"font-size: 14pt; font-family: 'Times New Roman'\" lang=\"ES-TRAD\"><\/span><\/p>\n<p style=\"margin: 0cm 0cm 0pt; text-align: justify\" class=\"MsoNormal\"><span style=\"font-size: 14pt; font-family: 'Times New Roman'\" lang=\"ES-TRAD\"><\/span><\/p>\n<p><span style=\"font-size: 14pt; font-family: 'Times New Roman'\" lang=\"ES-TRAD\"><o:p>\u00a0<\/o:p><\/span><span style=\"font-size: 14pt; font-family: 'Times New Roman'\" lang=\"ES-TRAD\"><o:p>\u00a0<\/o:p><\/span><\/p>\n<p style=\"margin: 0cm 0cm 0pt; text-align: justify\" class=\"MsoNormal\"><span style=\"font-size: 14pt; font-family: 'Times New Roman'\" lang=\"ES-TRAD\">Con\u00edn anduvo \u201cmucho a\u00f1os vestido de pieles de animales, pasando muchos trabajos de hambres y otras necesidades, que padeci\u00f3 por el mucho tiempo y despu\u00e9s conquist\u00f3 y atrajo los dichos chichimecas al servicio de su majestad\u201d (1530-1542), lo acompa\u00f1aron indios tlaxcaltecas\u201d. Despu\u00e9s se espa\u00f1oliz\u00f3, visti\u00f3 de ropas a la usanza ib\u00e9rica y se llamo Don Fernando de Tapia, Casique de Quer\u00e9taro, Ac\u00e1mbaro, San Miguel, etc.<\/span><\/p>\n<p style=\"margin: 0cm 0cm 0pt; text-align: justify\" class=\"MsoNormal\"><span style=\"font-size: 14pt; font-family: 'Times New Roman'\" lang=\"ES-TRAD\"><\/span><\/p>\n<p style=\"margin: 0cm 0cm 0pt; text-align: justify\" class=\"MsoNormal\"><span style=\"font-size: 14pt; font-family: 'Times New Roman'\" lang=\"ES-TRAD\"><\/span><\/p>\n<p><span style=\"font-size: 14pt; font-family: 'Times New Roman'\" lang=\"ES-TRAD\"><o:p>\u00a0<\/o:p><\/span><span style=\"font-size: 14pt; font-family: 'Times New Roman'\" lang=\"ES-TRAD\"><o:p>\u00a0<\/o:p><\/span><\/p>\n<p style=\"margin: 0cm 0cm 0pt; text-align: justify\" class=\"MsoNormal\"><span style=\"font-size: 14pt; font-family: 'Times New Roman'\" lang=\"ES-TRAD\">Este pueblo de indios fue creciendo poco a poco, hasta convertirse en Villa pero ya de espa\u00f1oles seg\u00fan mandato del Virrey de Nueva Espa\u00f1a. Angel de Villafa\u00f1e fue su primera autoridad espa\u00f1ola, la poblaci\u00f3n alcanzaba hasta tres leguas hacia los cuatro puntos cardenales. Perteneci\u00f3 a <st1:personname ProductID=\"la Alcald\u00eda Mayor\" w:st=\"on\">la Alcald\u00eda Mayor<\/st1:personname> de Jilotepec, llam\u00e1ndose San Miguel de los Chichimecas, y despu\u00e9s cuando se fund\u00f3 el pueblo de espa\u00f1oles, San Miguel El Grande abarcando las jurisdicciones de San Felipe y Dolores.<\/span><\/p>\n<p style=\"margin: 0cm 0cm 0pt; text-align: justify\" class=\"MsoNormal\"><span style=\"font-size: 14pt; font-family: 'Times New Roman'\" lang=\"ES-TRAD\"><\/span><\/p>\n<p style=\"margin: 0cm 0cm 0pt; text-align: justify\" class=\"MsoNormal\"><span style=\"font-size: 14pt; font-family: 'Times New Roman'\" lang=\"ES-TRAD\"><\/span><\/p>\n<p><span style=\"font-size: 14pt; font-family: 'Times New Roman'\" lang=\"ES-TRAD\"><o:p>\u00a0<\/o:p><\/span><span style=\"font-size: 14pt; font-family: 'Times New Roman'\" lang=\"ES-TRAD\"><o:p>\u00a0<\/o:p><\/span><\/p>\n<p style=\"margin: 0cm 0cm 0pt; text-align: justify\" class=\"MsoNormal\"><span style=\"font-size: 14pt; font-family: 'Times New Roman'\" lang=\"ES-TRAD\">\u201cEsta situada esta Villa a la falda de una loma&#8230; goza de temperamento muy sano, aires benignos y dulc\u00edsimas aguas, en particular las de la fuente que llaman el Chorrillo, que esta en un barrio frondos\u00edsimo y de especial diversi\u00f3n\u201d.<\/span><\/p>\n<p style=\"margin: 0cm 0cm 0pt; text-align: justify\" class=\"MsoNormal\"><span style=\"font-size: 14pt; font-family: 'Times New Roman'\" lang=\"ES-TRAD\"><\/span><\/p>\n<p style=\"margin: 0cm 0cm 0pt; text-align: justify\" class=\"MsoNormal\"><span style=\"font-size: 14pt; font-family: 'Times New Roman'\" lang=\"ES-TRAD\"><\/span><\/p>\n<p><span style=\"font-size: 14pt; font-family: 'Times New Roman'\" lang=\"ES-TRAD\"><o:p>\u00a0<\/o:p><\/span><span style=\"font-size: 14pt; font-family: 'Times New Roman'\" lang=\"ES-TRAD\"><o:p>\u00a0<\/o:p><\/span><\/p>\n<p style=\"margin: 0cm 0cm 0pt; text-align: justify\" class=\"MsoNormal\"><span style=\"font-size: 14pt; font-family: 'Times New Roman'\" lang=\"ES-TRAD\">Franciscanos, Felipenses, Juaninos, Monjas Concepcionistas y Beatas Dominicanas, le dan identidad a la nueva poblaci\u00f3n, a partir del siglo XVII, que comienza su esplendor. Conventos, Templos, Palacios, Casonas, Plazas, Fuentes, Capillas de indios y barrios, la conforman.<\/span><\/p>\n<p style=\"margin: 0cm 0cm 0pt; text-align: justify\" class=\"MsoNormal\"><span style=\"font-size: 14pt; font-family: 'Times New Roman'\" lang=\"ES-TRAD\"><\/span><\/p>\n<p style=\"margin: 0cm 0cm 0pt; text-align: justify\" class=\"MsoNormal\"><span style=\"font-size: 14pt; font-family: 'Times New Roman'\" lang=\"ES-TRAD\"><\/span><\/p>\n<p><span style=\"font-size: 14pt; font-family: 'Times New Roman'\" lang=\"ES-TRAD\"><o:p>\u00a0<\/o:p><\/span><span style=\"font-size: 14pt; font-family: 'Times New Roman'\" lang=\"ES-TRAD\"><o:p>\u00a0<\/o:p><\/span><\/p>\n<p style=\"margin: 0cm 0cm 0pt; text-align: justify\" class=\"MsoNormal\"><span style=\"font-size: 14pt; font-family: 'Times New Roman'\" lang=\"ES-TRAD\">Nace <st1:personname ProductID=\"la Ciudad\" w:st=\"on\">la Ciudad<\/st1:personname> criolla y mestiza, en una plaza compuesta por el templo, <st1:personname ProductID=\"la Santa Escuela\" w:st=\"on\">la Santa Escuela<\/st1:personname>, el Hospital y el Cementerio.<\/span><\/p>\n<p style=\"margin: 0cm 0cm 0pt; text-align: justify\" class=\"MsoNormal\"><span style=\"font-size: 14pt; font-family: 'Times New Roman'\" lang=\"ES-TRAD\"><\/span><\/p>\n<p style=\"margin: 0cm 0cm 0pt; text-align: justify\" class=\"MsoNormal\"><span style=\"font-size: 14pt; font-family: 'Times New Roman'\" lang=\"ES-TRAD\"><\/span><\/p>\n<p><span style=\"font-size: 14pt; font-family: 'Times New Roman'\" lang=\"ES-TRAD\"><o:p>\u00a0<\/o:p><\/span><span style=\"font-size: 14pt; font-family: 'Times New Roman'\" lang=\"ES-TRAD\"><o:p>\u00a0<\/o:p><\/span><\/p>\n<p style=\"margin: 0cm 0cm 0pt; text-align: justify\" class=\"MsoNormal\"><span style=\"font-size: 14pt; font-family: 'Times New Roman'\" lang=\"ES-TRAD\">El Cristo de <st1:personname ProductID=\"la Conquista-\" w:st=\"on\">la Conquista-<\/st1:personname> pasta ca\u00f1a, tra\u00eddo de Tzintzuntzan-, recuerdo de m\u00e1s de cuatrocientos cincuenta a\u00f1os de resistencia ind\u00edgena a la invasi\u00f3n por un lado y San Miguel Arc\u00e1ngel- policromado-, expresan lo espa\u00f1ol por otro y la visi\u00f3n religiosa mesoamericana por el otro. As\u00ed se transforma la cosmogon\u00eda<span>\u00a0 <\/span>de Izquinapan o San Miguel El Grande.<\/span><\/p>\n<p style=\"margin: 0cm 0cm 0pt; text-align: justify\" class=\"MsoNormal\"><span style=\"font-size: 14pt; font-family: 'Times New Roman'\" lang=\"ES-TRAD\"><\/span><\/p>\n<p style=\"margin: 0cm 0cm 0pt; text-align: justify\" class=\"MsoNormal\"><span style=\"font-size: 14pt; font-family: 'Times New Roman'\" lang=\"ES-TRAD\"><\/span><\/p>\n<p><span style=\"font-size: 14pt; font-family: 'Times New Roman'\" lang=\"ES-TRAD\"><o:p>\u00a0<\/o:p><\/span><span style=\"font-size: 14pt; font-family: 'Times New Roman'\" lang=\"ES-TRAD\"><o:p>\u00a0<\/o:p><\/span><\/p>\n<p style=\"margin: 0cm 0cm 0pt; text-align: justify\" class=\"MsoNormal\"><span style=\"font-size: 14pt; font-family: 'Times New Roman'\" lang=\"ES-TRAD\">Los nueve cielos sobrepuestos, mito mesoamericano muy arraigado, pas\u00f3 ser secreto entre los indios, lo mismo que el culto al dios del Viento- Quetzalcoatl-, el hombre-dios,<span>\u00a0 <\/span>los ciclos contados de cincuenta y dos en cincuenta y dos por los calendarios mesoamericanos, cambiaron; lo mismo la ceremonia del fuego, encendido por sus sacerdotes en sus altepetl desapareci\u00f3, todo rasgo cultural pas\u00f3 al mundo del<span>\u00a0 <\/span>silencio, del secreto.<\/span><\/p>\n<p style=\"margin: 0cm 0cm 0pt; text-align: justify\" class=\"MsoNormal\"><span style=\"font-size: 14pt; font-family: 'Times New Roman'\" lang=\"ES-TRAD\"><\/span><\/p>\n<p style=\"margin: 0cm 0cm 0pt; text-align: justify\" class=\"MsoNormal\"><span style=\"font-size: 14pt; font-family: 'Times New Roman'\" lang=\"ES-TRAD\"><\/span><\/p>\n<p><span style=\"font-size: 14pt; font-family: 'Times New Roman'\" lang=\"ES-TRAD\"><o:p>\u00a0<\/o:p><\/span><span style=\"font-size: 14pt; font-family: 'Times New Roman'\" lang=\"ES-TRAD\"><o:p>\u00a0<\/o:p><\/span><\/p>\n<p style=\"margin: 0cm 0cm 0pt\" class=\"MsoBodyText2\"><span lang=\"ES-TRAD\"><font size=\"5\" face=\"Times New Roman\">\u201cHay una Parroquia con un cl\u00e9rigo, que tiene sus vicarios para la administraci\u00f3n espiritual, que es tan numerosa, que me aseguro el mismo cura, que pasaban de m\u00e1s de sesenta mil almas. La parroquia es magnifica&#8230;\u201d.<\/font><\/span><\/p>\n<p style=\"margin: 0cm 0cm 0pt\" class=\"MsoBodyText2\"><span lang=\"ES-TRAD\"><\/span><\/p>\n<p style=\"margin: 0cm 0cm 0pt\" class=\"MsoBodyText2\"><span lang=\"ES-TRAD\"><\/span><\/p>\n<p style=\"margin: 0cm 0cm 0pt\" class=\"MsoBodyText2\"><span lang=\"ES-TRAD\"><\/span><\/p>\n<p><span lang=\"ES-TRAD\"><o:p><font size=\"5\" face=\"Times New Roman\">\u00a0<\/font><\/o:p><\/span><\/p>\n<p style=\"margin: 0cm 0cm 0pt\" class=\"MsoBodyText2\"><span lang=\"ES-TRAD\"><font size=\"5\" face=\"Times New Roman\">\u201cGuarda pinturas de los queretanos Arce y Perrusqu\u00eda, lo mismo de Cabrera y<span>\u00a0 <\/span>Rodr\u00edguez Ju\u00e1rez; fue barroca gracias al Arquitecto Marcos Antonio Sobrar\u00edas en el siglo XVII, ahora es \u201cg\u00f3tica\u201d. Tiene una b\u00f3veda debajo, &#8211; criptas- muy bien acabadas, dice el viajero Francisco de Ajofr\u00edn.<\/font><\/span><\/p>\n<p style=\"margin: 0cm 0cm 0pt\" class=\"MsoBodyText2\"><span lang=\"ES-TRAD\"><\/span><\/p>\n<p style=\"margin: 0cm 0cm 0pt\" class=\"MsoBodyText2\"><span lang=\"ES-TRAD\"><\/span><\/p>\n<p style=\"margin: 0cm 0cm 0pt\" class=\"MsoBodyText2\"><span lang=\"ES-TRAD\"><\/span><\/p>\n<p><span lang=\"ES-TRAD\"><o:p><font size=\"5\" face=\"Times New Roman\">\u00a0<\/font><\/o:p><\/span><\/p>\n<p style=\"margin: 0cm 0cm 0pt\" class=\"MsoBodyText2\"><span lang=\"ES-TRAD\"><font size=\"5\" face=\"Times New Roman\">En San Miguel Grande, \u201c&#8230; se cr\u00eda tambi\u00e9n mucha fruta, en particular,<span>\u00a0 <\/span>toronjas, limones, naranjas, chayotes, granaditas de la china, etc. &#8230; hay muchas y cuantiosas haciendas y cr\u00edas de ganado y en los barrios de <st1:personname ProductID=\"la Villa\" w:st=\"on\">la Villa<\/st1:personname> grandes obrajes y fabricas de exquisitos pa\u00f1os&#8230; hay muchas curtidur\u00edas donde se labra todo genero de pieles&#8230; se fabrican armas filares y de fuego&#8230; las mujeres bordan con aguja colchas y cobertores para las camas y tapetes o alfombras para el suelo, con gran primor y arte&#8230;\u201d<\/font><\/span><\/p>\n<p style=\"margin: 0cm 0cm 0pt\" class=\"MsoBodyText2\"><span lang=\"ES-TRAD\"><\/span><\/p>\n<p style=\"margin: 0cm 0cm 0pt\" class=\"MsoBodyText2\"><span lang=\"ES-TRAD\"><\/span><\/p>\n<p style=\"margin: 0cm 0cm 0pt\" class=\"MsoBodyText2\"><span lang=\"ES-TRAD\"><\/span><\/p>\n<p><span lang=\"ES-TRAD\"><o:p><font size=\"5\" face=\"Times New Roman\">\u00a0<\/font><\/o:p><\/span><\/p>\n<p style=\"margin: 0cm 0cm 0pt\" class=\"MsoBodyText2\"><span lang=\"ES-TRAD\"><font size=\"5\" face=\"Times New Roman\">\u201cLos templos elevados por la piedad Sanmiguelense, son <st1:personname ProductID=\"la Parroquia\" w:st=\"on\">la Parroquia<\/st1:personname>, San Francisco, El Oratorio, <st1:personname ProductID=\"La Concepci\u00f3n\" w:st=\"on\">La Concepci\u00f3n<\/st1:personname>, San Juan de Dios, Santo Domingo, Santa Ana, San Antonio y las capillas de indios\u201d.<\/font><\/span><\/p>\n<p style=\"margin: 0cm 0cm 0pt\" class=\"MsoBodyText2\"><span lang=\"ES-TRAD\"><\/span><\/p>\n<p style=\"margin: 0cm 0cm 0pt\" class=\"MsoBodyText2\"><span lang=\"ES-TRAD\"><\/span><\/p>\n<p style=\"margin: 0cm 0cm 0pt\" class=\"MsoBodyText2\"><span lang=\"ES-TRAD\"><\/span><\/p>\n<p><span lang=\"ES-TRAD\"><o:p><font size=\"5\" face=\"Times New Roman\">\u00a0<\/font><\/o:p><\/span><\/p>\n<p style=\"margin: 0cm 0cm 0pt\" class=\"MsoBodyText2\"><span lang=\"ES-TRAD\"><font size=\"5\" face=\"Times New Roman\">Forman una ciudadela religiosa \u2013conjunto arquitect\u00f3nico admirable-, San Felipe Neri, con <st1:personname ProductID=\"la Capilla\" w:st=\"on\">la Capilla<\/st1:personname> de <st1:personname ProductID=\"la Virgen\" w:st=\"on\">la Virgen<\/st1:personname> de Loreto, El Convento Felipense, Nuestra Se\u00f1ora de la salud y el Colegio de San Francisco de Sales.<\/font><\/span><\/p>\n<p style=\"margin: 0cm 0cm 0pt\" class=\"MsoBodyText2\"><span lang=\"ES-TRAD\"><\/span><\/p>\n<p style=\"margin: 0cm 0cm 0pt\" class=\"MsoBodyText2\"><span lang=\"ES-TRAD\"><\/span><\/p>\n<p style=\"margin: 0cm 0cm 0pt\" class=\"MsoBodyText2\"><span lang=\"ES-TRAD\"><\/span><\/p>\n<p><span lang=\"ES-TRAD\"><o:p><font size=\"5\" face=\"Times New Roman\">\u00a0<\/font><\/o:p><\/span><\/p>\n<p style=\"margin: 0cm 0cm 0pt\" class=\"MsoBodyText2\"><span lang=\"ES-TRAD\"><font size=\"5\" face=\"Times New Roman\">Otra plaza -contraste de estilo, formada por <st1:personname ProductID=\"La Tercera Orden\" w:st=\"on\">La Tercera Orden<\/st1:personname>, El Convento y el templo de San Francisco. Armonioso por otro lado el conjunto del Hospital y el templo de San Juan de Dios, mientras brilla y resalta el templo y el convento de monjas concepcionistas, entre los beaterios dominicos llamados de Santo Domingo y Santa Ana.<\/font><\/span><\/p>\n<p style=\"margin: 0cm 0cm 0pt\" class=\"MsoBodyText2\"><span lang=\"ES-TRAD\"><\/span><\/p>\n<p style=\"margin: 0cm 0cm 0pt\" class=\"MsoBodyText2\"><span lang=\"ES-TRAD\"><\/span><\/p>\n<p style=\"margin: 0cm 0cm 0pt\" class=\"MsoBodyText2\"><span lang=\"ES-TRAD\"><\/span><\/p>\n<p><span lang=\"ES-TRAD\"><o:p><font size=\"5\" face=\"Times New Roman\">\u00a0<\/font><\/o:p><\/span><\/p>\n<p style=\"margin: 0cm 0cm 0pt\" class=\"MsoBodyText2\"><span lang=\"ES-TRAD\"><font size=\"5\" face=\"Times New Roman\">Naturalmente estos templos se revistieron de los pinceles religiosos de Juan y Nicol\u00e1s Rodr\u00edguez Ju\u00e1rez, Antonio de Torres, Miguel Cabrera, Jos\u00e9 de Alcibar, Javier de Peralta, Vallejo, Andr\u00e9s Barrag\u00e1n, Morales entre muchos otros.<\/font><\/span><\/p>\n<p style=\"margin: 0cm 0cm 0pt\" class=\"MsoBodyText2\"><span lang=\"ES-TRAD\"><\/span><\/p>\n<p style=\"margin: 0cm 0cm 0pt\" class=\"MsoBodyText2\"><span lang=\"ES-TRAD\"><\/span><\/p>\n<p style=\"margin: 0cm 0cm 0pt\" class=\"MsoBodyText2\"><span lang=\"ES-TRAD\"><\/span><\/p>\n<p><span lang=\"ES-TRAD\"><o:p><font size=\"5\" face=\"Times New Roman\">\u00a0<\/font><\/o:p><\/span><\/p>\n<p style=\"margin: 0cm 0cm 0pt\" class=\"MsoBodyText2\"><span lang=\"ES-TRAD\"><font size=\"5\" face=\"Times New Roman\">Las fiestas a los nuevos dioses fueron celebradas por los indios, entretejiendo sus costumbres con las occidentales y ocultando entre ellas a sus dioses antiguos, resistiendo eficazmente la conquista. -danza y m\u00fasica- aparentan celebrar a <st1:personname ProductID=\"la Covadonga\" w:st=\"on\">la Covadonga<\/st1:personname>, Loreto, Guadalupe y San Miguel, mientras su coraz\u00f3n y fiesta es por otras causas.<\/font><\/span><\/p>\n<p style=\"margin: 0cm 0cm 0pt\" class=\"MsoBodyText2\"><span lang=\"ES-TRAD\"><\/span><\/p>\n<p style=\"margin: 0cm 0cm 0pt\" class=\"MsoBodyText2\"><span lang=\"ES-TRAD\"><\/span><\/p>\n<p style=\"margin: 0cm 0cm 0pt\" class=\"MsoBodyText2\"><span lang=\"ES-TRAD\"><\/span><\/p>\n<p><span lang=\"ES-TRAD\"><o:p><font size=\"5\" face=\"Times New Roman\">\u00a0<\/font><\/o:p><\/span><\/p>\n<p style=\"margin: 0cm 0cm 0pt\" class=\"MsoBodyText2\"><span lang=\"ES-TRAD\"><font size=\"5\" face=\"Times New Roman\">La danza y las ofrendas de los habitantes inmemoriales de la regi\u00f3n, permanecen hasta nuestros d\u00edas. El santo Suchitl -los suchiles-, arreglos florales de doce metros de alto preceden a los diferentes grupos de danza, parten de su San Juan de Dios -morada ind\u00edgena- a <st1:personname ProductID=\"la Parroquia\" w:st=\"on\">la Parroquia<\/st1:personname>, llegando, voltean, vista y coraz\u00f3n, hacia los cuatro puntos cardinales y entran al templo ataviados con<span>\u00a0 <\/span>penacho, maxtle y huesesillos de fraile, al son del teponaxtle.<\/font><\/span><\/p>\n<p style=\"margin: 0cm 0cm 0pt\" class=\"MsoBodyText2\"><span lang=\"ES-TRAD\"><\/span><\/p>\n<p style=\"margin: 0cm 0cm 0pt\" class=\"MsoBodyText2\"><span lang=\"ES-TRAD\"><\/span><\/p>\n<p style=\"margin: 0cm 0cm 0pt\" class=\"MsoBodyText2\"><span lang=\"ES-TRAD\"><\/span><\/p>\n<p><span lang=\"ES-TRAD\"><o:p><font size=\"5\" face=\"Times New Roman\">\u00a0<\/font><\/o:p><\/span><\/p>\n<p style=\"margin: 0cm 0cm 0pt\" class=\"MsoBodyText2\"><span lang=\"ES-TRAD\"><font size=\"5\" face=\"Times New Roman\">Las flores, los frutos, dulces, panes, tortillas son las ofrendas, recuerdo de los mayores y alma de los cuatro vientos &#8211; as\u00ed es la fiesta- \u201ccomo antes\u201d, y regresan a su capilla para comer las ofrendas y beber el licor de tuna, como antes. Es el rito, es el sincretismo, es la sobrevivencia de una propuesta cultural a la humanidad, a\u00fan no debidamente valorada por occidente.<\/font><\/span><\/p>\n<p style=\"margin: 0cm 0cm 0pt\" class=\"MsoBodyText2\"><span lang=\"ES-TRAD\"><\/span><\/p>\n<p style=\"margin: 0cm 0cm 0pt\" class=\"MsoBodyText2\"><span lang=\"ES-TRAD\"><\/span><\/p>\n<p style=\"margin: 0cm 0cm 0pt\" class=\"MsoBodyText2\"><span lang=\"ES-TRAD\"><\/span><\/p>\n<p><span lang=\"ES-TRAD\"><o:p><font size=\"5\" face=\"Times New Roman\">\u00a0<\/font><\/o:p><\/span><\/p>\n<p style=\"margin: 0cm 0cm 0pt\" class=\"MsoBodyText2\"><span lang=\"ES-TRAD\"><font size=\"5\" face=\"Times New Roman\">Pasada la sobriedad de la conquista en el siglo XVI, surge el ostentoso siglo XVII y XVIII. Irrumpe desaforado en San Miguel el Grande, el exuberante barroco, muestra de esplendor, llegan los apellidos ennoblecidos: De <st1:personname ProductID=\"La Canal\" w:st=\"on\">La Canal<\/st1:personname>, De Landeta, De Lanzargorta, De Sauto, De Loja, Condes y Vizcondes.<\/font><\/span><\/p>\n<p style=\"margin: 0cm 0cm 0pt\" class=\"MsoBodyText2\"><span lang=\"ES-TRAD\"><\/span><\/p>\n<p style=\"margin: 0cm 0cm 0pt\" class=\"MsoBodyText2\"><span lang=\"ES-TRAD\"><\/span><\/p>\n<p style=\"margin: 0cm 0cm 0pt\" class=\"MsoBodyText2\"><span lang=\"ES-TRAD\"><\/span><\/p>\n<p><span lang=\"ES-TRAD\"><o:p><font size=\"5\" face=\"Times New Roman\">\u00a0<\/font><\/o:p><\/span><\/p>\n<p style=\"margin: 0cm 0cm 0pt\" class=\"MsoBodyText2\"><span lang=\"ES-TRAD\"><font size=\"5\" face=\"Times New Roman\">Los diosecillos del agua -Los Tlaloques- que desde el chorrillo dan origen a Izquinapan, no dejan de proveer a San Miguel. es el agua corrediza que:<\/font><\/span><\/p>\n<p style=\"margin: 0cm 0cm 0pt\" class=\"MsoBodyText2\"><span lang=\"ES-TRAD\"><\/span><\/p>\n<p style=\"margin: 0cm 0cm 0pt\" class=\"MsoBodyText2\"><span lang=\"ES-TRAD\"><\/span><\/p>\n<p style=\"margin: 0cm 0cm 0pt\" class=\"MsoBodyText2\"><span lang=\"ES-TRAD\"><\/span><\/p>\n<p><span lang=\"ES-TRAD\"><o:p><font size=\"5\" face=\"Times New Roman\">\u00a0<\/font><\/o:p><\/span><\/p>\n<p style=\"margin: 0cm 0cm 0pt\" class=\"MsoBodyText2\"><span lang=\"ES-TRAD\"><font size=\"5\"><font face=\"Times New Roman\"><span>\u00a0<\/span>\u201cDio lugar a la formaci\u00f3n de huertas, bajaba por las calles de Chorro y Barranca, de ah\u00ed el nombre de la calle de Huertas, y m\u00e1s adelante baja por un lado hasta llegar a las calles de Santa Ana, irrigando a su lado las huertas que<span>\u00a0 <\/span>se conocieron como las Higueras; en el centro, el agua pasa por las calles del Hospicio, Correos y San Francisco y corr\u00edan por un lado de las calles de Maestranza hasta llegar a la calle del Codo y por otro lado hasta <st1:personname ProductID=\"la Plaza Mayor\" w:st=\"on\">la Plaza Mayor<\/st1:personname>, a la calle de <st1:personname ProductID=\"la Sant\u00edsima Trinidad\" w:st=\"on\">la Sant\u00edsima Trinidad<\/st1:personname> y a la calle Real, hasta San Juan de Dios y llegar al arrollo de los Canchinches\u201d (Barajas).<\/font><\/font><\/span><\/p>\n<p style=\"margin: 0cm 0cm 0pt\" class=\"MsoBodyText2\"><span lang=\"ES-TRAD\"><\/span><\/p>\n<p style=\"margin: 0cm 0cm 0pt\" class=\"MsoBodyText2\"><span lang=\"ES-TRAD\"><\/span><\/p>\n<p style=\"margin: 0cm 0cm 0pt\" class=\"MsoBodyText2\"><span lang=\"ES-TRAD\"><\/span><\/p>\n<p><span lang=\"ES-TRAD\"><o:p><font size=\"5\" face=\"Times New Roman\">\u00a0<\/font><\/o:p><\/span><\/p>\n<p style=\"margin: 0cm 0cm 0pt\" class=\"MsoBodyText2\"><span lang=\"ES-TRAD\"><font size=\"5\" face=\"Times New Roman\">A su paso rebosan las fuentes,<span>\u00a0 <\/span>recuerdo de <st1:personname ProductID=\"la Quebrada\" w:st=\"on\">la Quebrada<\/st1:personname> y Canal, La del Camino Real, la de San Antonio, la de las Animas y las muchas de los patios de las casonas.<\/font><\/span><\/p>\n<p style=\"margin: 0cm 0cm 0pt\" class=\"MsoBodyText2\"><span lang=\"ES-TRAD\"><\/span><\/p>\n<p style=\"margin: 0cm 0cm 0pt\" class=\"MsoBodyText2\"><span lang=\"ES-TRAD\"><\/span><\/p>\n<p style=\"margin: 0cm 0cm 0pt\" class=\"MsoBodyText2\"><span lang=\"ES-TRAD\"><\/span><\/p>\n<p><span lang=\"ES-TRAD\"><o:p><font size=\"5\" face=\"Times New Roman\">\u00a0<\/font><\/o:p><\/span><span lang=\"ES-TRAD\"><o:p><font size=\"5\" face=\"Times New Roman\">\u00a0<\/font><\/o:p><\/span><\/p>\n<p style=\"margin: 0cm 0cm 0pt\" class=\"MsoBodyText2\"><span lang=\"ES-TRAD\"><font size=\"5\" face=\"Times New Roman\">Gobernaba la villa un alcalde mayor y dos alcaldes ordinarios, con su ayuntamiento de regidores y dem\u00e1s empleos necesarios&#8230;\u201d.<\/font><\/span><\/p>\n<p><span lang=\"ES-TRAD\"><o:p><font size=\"5\" face=\"Times New Roman\">\u00a0<\/font><\/o:p><\/span><span lang=\"ES-TRAD\"><o:p><font size=\"5\" face=\"Times New Roman\">\u00a0<\/font><\/o:p><\/span><\/p>\n","protected":false},"excerpt":{"rendered":"<p>\u00a0\u00a0\u00a0\u00a0\u00a0\u00a0\u00a0\u00a0\u00a0\u00a0\u00a0\u00a0\u00a0 Itzquinapan\u00a0\u00a0 Otontecutli, &#8211; dios de los antepasados, dios tribal, dios de la guerra, dios creador, recibidor de solo sacrificios de fuego, reinante de estos contornos, Se\u00f1or de los muertos -, esta por caer. \u00a0\u00a0 El enemigo esta en los dinteles de esta llanura de cazadores, son los Huachichiles, son los Chichimecas, es el lugar [&hellip;]<\/p>\n","protected":false},"author":249,"featured_media":0,"comment_status":"open","ping_status":"closed","sticky":false,"template":"","format":"standard","meta":{"footnotes":""},"categories":[9],"tags":[],"class_list":["post-48","post","type-post","status-publish","format-standard","hentry","category-otros-lugares"],"_links":{"self":[{"href":"https:\/\/eloficiodehistoriar.com.mx\/index.php?rest_route=\/wp\/v2\/posts\/48","targetHints":{"allow":["GET"]}}],"collection":[{"href":"https:\/\/eloficiodehistoriar.com.mx\/index.php?rest_route=\/wp\/v2\/posts"}],"about":[{"href":"https:\/\/eloficiodehistoriar.com.mx\/index.php?rest_route=\/wp\/v2\/types\/post"}],"author":[{"embeddable":true,"href":"https:\/\/eloficiodehistoriar.com.mx\/index.php?rest_route=\/wp\/v2\/users\/249"}],"replies":[{"embeddable":true,"href":"https:\/\/eloficiodehistoriar.com.mx\/index.php?rest_route=%2Fwp%2Fv2%2Fcomments&post=48"}],"version-history":[{"count":0,"href":"https:\/\/eloficiodehistoriar.com.mx\/index.php?rest_route=\/wp\/v2\/posts\/48\/revisions"}],"wp:attachment":[{"href":"https:\/\/eloficiodehistoriar.com.mx\/index.php?rest_route=%2Fwp%2Fv2%2Fmedia&parent=48"}],"wp:term":[{"taxonomy":"category","embeddable":true,"href":"https:\/\/eloficiodehistoriar.com.mx\/index.php?rest_route=%2Fwp%2Fv2%2Fcategories&post=48"},{"taxonomy":"post_tag","embeddable":true,"href":"https:\/\/eloficiodehistoriar.com.mx\/index.php?rest_route=%2Fwp%2Fv2%2Ftags&post=48"}],"curies":[{"name":"wp","href":"https:\/\/api.w.org\/{rel}","templated":true}]}}