{"id":49,"date":"2008-05-19T08:31:27","date_gmt":"2008-05-19T13:31:27","guid":{"rendered":"https:\/\/eloficiodehistoriar.com.mx\/?p=49"},"modified":"2008-05-19T16:18:17","modified_gmt":"2008-05-19T21:18:17","slug":"las-cajas-de-agua-74-arcos","status":"publish","type":"post","link":"https:\/\/eloficiodehistoriar.com.mx\/?p=49","title":{"rendered":"Las Cajas de Agua  74 Arcos"},"content":{"rendered":"<p><span style=\"font-size: 12pt\" lang=\"ES-TRAD\"><strong><font face=\"Arial\"><span><a href=\"https:\/\/eloficiodehistoriar.com.mx\/wp-content\/uploads\/2008\/05\/calzarcos1bc5.jpg\" title=\"Los Arcos\"><img decoding=\"async\" src=\"https:\/\/eloficiodehistoriar.com.mx\/wp-content\/uploads\/2008\/05\/calzarcos1bc5.thumbnail.jpg\" alt=\"Los Arcos\" \/><\/a>\u00a0\u00a0\u00a0\u00a0\u00a0\u00a0\u00a0 <\/span>Las Cajas de agua- Loa Arcos<o:p><\/o:p><\/font><\/strong><\/span><span style=\"font-size: 12pt\" lang=\"ES-TRAD\"><o:p><strong><font face=\"Arial\">\u00a0de <\/font><\/strong><\/o:p><\/span><span style=\"font-size: 12pt\" lang=\"ES-TRAD\"><strong><font face=\"Arial\">Quer\u00e9taro, desde el ojo de agua del Capul\u00edn,<\/font><\/strong><\/span><span style=\"font-size: 12pt\" lang=\"ES-TRAD\"><strong><font face=\"Arial\"><o:p><\/o:p><\/font><\/strong><\/span><strong><span style=\"font-size: 12pt\" lang=\"ES-TRAD\"><font face=\"Arial\">Se vuelve 74 arcos y 60 fuentes.<o:p><\/o:p><\/font><\/span><\/strong><strong><span style=\"font-size: 12pt\" lang=\"ES-TRAD\"><o:p><font face=\"Arial\">\u00a0<\/font><\/o:p><\/span><\/strong><\/p>\n<h2 style=\"margin: 0cm 0cm 0pt\"><span style=\"font-size: 12pt\" lang=\"ES-TRAD\"><o:p><font face=\"Arial\">\u00a0<\/font><\/o:p><\/span><span style=\"font-size: 12pt\" lang=\"ES-TRAD\"><font face=\"Arial\">Antonio de Urrutia y Arana<o:p><\/o:p><\/font><\/span><\/h2>\n<p><strong><span style=\"font-size: 12pt\" lang=\"ES-TRAD\"><font face=\"Arial\">Tu gran tesoro en agua convertiste<\/font><\/span><\/strong><\/p>\n<p><strong><span style=\"font-size: 12pt\" lang=\"ES-TRAD\"><font face=\"Arial\"><o:p><\/o:p><\/font><\/span><\/strong><strong><span style=\"font-size: 12pt\" lang=\"ES-TRAD\"><font face=\"Arial\">Volviendo a Quer\u00e9taro,<\/font><\/span><\/strong><strong><span style=\"font-size: 12pt\" lang=\"ES-TRAD\"><font face=\"Arial\"><o:p><\/o:p><\/font><\/span><\/strong><strong><span style=\"font-size: 12pt\" lang=\"ES-TRAD\"><font face=\"Arial\">un juego<o:p><\/o:p><\/font><\/span><\/strong><strong><span style=\"font-size: 12pt\" lang=\"ES-TRAD\"><font face=\"Arial\">de fuentes y jardines<o:p><\/o:p><\/font><\/span><\/strong><span style=\"font-size: 12pt\" lang=\"ES-TRAD\"><o:p><font face=\"Arial\">\u00a0<\/font><\/o:p><\/span><span style=\"font-size: 12pt\" lang=\"ES-TRAD\"><o:p><font face=\"Arial\">\u00a0<\/font><\/o:p><\/span><span style=\"font-size: 12pt\" lang=\"ES-TRAD\"><o:p><font face=\"Arial\">\u00a0<\/font><\/o:p><\/span><span style=\"font-size: 12pt\" lang=\"ES-TRAD\"><o:p><\/o:p><\/span>\u00a0<\/p>\n<p style=\"margin: 0cm 0cm 0pt; text-align: justify\" class=\"MsoNormal\"><span style=\"font-size: 12pt\" lang=\"ES-TRAD\"><font face=\"Arial\">Los arcos, &#8211; de admirable arquitectura en cantera roja, construidos por manos queretanas, en el t\u00e9rmino de doce a\u00f1os, 1726 \u20131738 -, son una de las obras de arquitectura m\u00e1s admirables de Am\u00e9rica.<\/font><\/span><\/p>\n<p style=\"margin: 0cm 0cm 0pt; text-align: justify\" class=\"MsoNormal\"><span style=\"font-size: 12pt\" lang=\"ES-TRAD\"><\/span><\/p>\n<p style=\"margin: 0cm 0cm 0pt; text-align: justify\" class=\"MsoNormal\"><span style=\"font-size: 12pt\" lang=\"ES-TRAD\"><\/span><\/p>\n<p><span style=\"font-size: 12pt\" lang=\"ES-TRAD\"><font face=\"Arial\"><o:p>\u00a0<\/o:p><\/font><\/span><span style=\"font-size: 12pt\" lang=\"ES-TRAD\"><o:p><font face=\"Arial\">\u00a0<\/font><\/o:p><\/span><\/p>\n<p style=\"margin: 0cm 0cm 0pt; text-align: justify\" class=\"MsoNormal\"><font face=\"Arial\"><st1:personname ProductID=\"La Fuente\" w:st=\"on\"><span style=\"font-size: 12pt\" lang=\"ES-TRAD\">La Fuente<\/span><\/st1:personname><span style=\"font-size: 12pt\" lang=\"ES-TRAD\"> del Marqu\u00e9s, monumental, reciente, 1994, en cantera rosada, con juegos de agua, vistosa iluminaci\u00f3n y peque\u00f1as fuentes laterales, ubicada en la cima de la loma del Sangremal, en la antigua calzada de las L\u00e1grimas, ahora Zaragoza.<\/span><\/font><\/p>\n<p style=\"margin: 0cm 0cm 0pt; text-align: justify\" class=\"MsoNormal\"><font face=\"Arial\"><span style=\"font-size: 12pt\" lang=\"ES-TRAD\"><\/span><\/font><\/p>\n<p style=\"margin: 0cm 0cm 0pt; text-align: justify\" class=\"MsoNormal\"><font face=\"Arial\"><span style=\"font-size: 12pt\" lang=\"ES-TRAD\"><\/span><\/font><\/p>\n<p><font face=\"Arial\"><span style=\"font-size: 12pt\" lang=\"ES-TRAD\"><o:p>\u00a0<\/o:p><\/span><\/font><span style=\"font-size: 12pt\" lang=\"ES-TRAD\"><o:p><font face=\"Arial\">\u00a0<\/font><\/o:p><\/span><\/p>\n<p style=\"margin: 0cm 0cm 0pt; text-align: justify\" class=\"MsoNormal\"><font face=\"Arial\"><st1:personname ProductID=\"La Fuente\" w:st=\"on\"><span style=\"font-size: 12pt\" lang=\"ES-TRAD\">La Fuente<\/span><\/st1:personname><span style=\"font-size: 12pt\" lang=\"ES-TRAD\"> de Neptuno,<span>\u00a0 <\/span>neocl\u00e1sica, rom\u00e1nica, construida en el a\u00f1o de 1747, a\u00fan ya sin sus<span>\u00a0 <\/span>muros colaterales y sus hornacinas,<span>\u00a0 <\/span>orgullo local, construida por Eduardo Tres Guerras,<span>\u00a0 <\/span>ubicada actualmente en el jard\u00edn de Santa Clara<\/span><\/font><\/p>\n<p style=\"margin: 0cm 0cm 0pt; text-align: justify\" class=\"MsoNormal\"><font face=\"Arial\"><span style=\"font-size: 12pt\" lang=\"ES-TRAD\"><\/span><\/font><\/p>\n<p style=\"margin: 0cm 0cm 0pt; text-align: justify\" class=\"MsoNormal\"><font face=\"Arial\"><span style=\"font-size: 12pt\" lang=\"ES-TRAD\"><\/span><\/font><\/p>\n<p><font face=\"Arial\"><span style=\"font-size: 12pt\" lang=\"ES-TRAD\"><o:p>\u00a0<\/o:p><\/span><\/font><span style=\"font-size: 12pt\" lang=\"ES-TRAD\"><o:p><font face=\"Arial\">\u00a0<\/font><\/o:p><\/span><\/p>\n<p style=\"margin: 0cm 0cm 0pt; text-align: justify\" class=\"MsoNormal\"><font face=\"Arial\"><st1:personname ProductID=\"La Fuente\" w:st=\"on\"><span style=\"font-size: 12pt\" lang=\"ES-TRAD\">La Fuente<\/span><\/st1:personname><span style=\"font-size: 12pt\" lang=\"ES-TRAD\">, de <st1:personname ProductID=\"la Plaza Mayor\" w:st=\"on\">la Plaza Mayor<\/st1:personname> o de Armas, dedicada al Marqu\u00e9s de <st1:personname ProductID=\"la Villa\" w:st=\"on\">la Villa<\/st1:personname> del Villar del Aguila, cuya estatua actual, fuera esculpida por Diego Almar\u00e1z y Guillen. Curiosamente la adornan cuatro perros en actitud de beber agua. Fue realizada en 1843.<\/span><\/font><\/p>\n<p style=\"margin: 0cm 0cm 0pt; text-align: justify\" class=\"MsoNormal\"><font face=\"Arial\"><span style=\"font-size: 12pt\" lang=\"ES-TRAD\"><\/span><\/font><\/p>\n<p style=\"margin: 0cm 0cm 0pt; text-align: justify\" class=\"MsoNormal\"><font face=\"Arial\"><span style=\"font-size: 12pt\" lang=\"ES-TRAD\"><\/span><\/font><\/p>\n<p><font face=\"Arial\"><span style=\"font-size: 12pt\" lang=\"ES-TRAD\"><o:p>\u00a0<\/o:p><\/span><\/font><span style=\"font-size: 12pt\" lang=\"ES-TRAD\"><o:p><font face=\"Arial\">\u00a0<\/font><\/o:p><\/span><\/p>\n<p style=\"margin: 0cm 0cm 0pt; text-align: justify\" class=\"MsoNormal\"><font face=\"Arial\"><st1:personname ProductID=\"La Fuente\" w:st=\"on\"><span style=\"font-size: 12pt\" lang=\"ES-TRAD\">La Fuente<\/span><\/st1:personname><span style=\"font-size: 12pt\" lang=\"ES-TRAD\"> de Hebe, la diosa griega, alimentando a los cisnes, colocada en, <st1:personname ProductID=\"La Plaza\" w:st=\"on\">La Plaza<\/st1:personname> del recreo o<span>\u00a0 <\/span>Jard\u00edn Zenea, donada por La casa Rubio en 1874, es junto con las fuentes ya mencionadas, solo una muestra de otras muchas igualmente hermosas, adem\u00e1s de la oportunidad, al saber de ellas, de dar<span>\u00a0 <\/span>un gran paseo por la historia del agua en nuestra ciudad.<\/span><\/font><\/p>\n<p style=\"margin: 0cm 0cm 0pt; text-align: justify\" class=\"MsoNormal\"><font face=\"Arial\"><span style=\"font-size: 12pt\" lang=\"ES-TRAD\"><\/span><\/font><\/p>\n<p style=\"margin: 0cm 0cm 0pt; text-align: justify\" class=\"MsoNormal\"><font face=\"Arial\"><span style=\"font-size: 12pt\" lang=\"ES-TRAD\"><\/span><\/font><\/p>\n<p><font face=\"Arial\"><span style=\"font-size: 12pt\" lang=\"ES-TRAD\"><o:p>\u00a0<\/o:p><\/span><\/font><span style=\"font-size: 12pt\" lang=\"ES-TRAD\"><o:p><font face=\"Arial\">\u00a0<\/font><\/o:p><\/span><\/p>\n<p style=\"margin: 0cm 0cm 0pt\" class=\"MsoBodyText\"><span style=\"font-weight: normal; font-size: 12pt\" lang=\"ES-TRAD\"><em><font face=\"Arial\">Mide la arquer\u00eda del acueducto, <st1:metricconverter ProductID=\"1280 metros\" w:st=\"on\">1280 metros<\/st1:metricconverter> de longitud y corre el ca\u00f1o sobre 74 arcos de canter\u00eda, cuya altura m\u00e1xima es de <st1:metricconverter ProductID=\"23 metros\" w:st=\"on\">23 metros<\/st1:metricconverter> con una latitud de 13, sostenidos por pilastres de mamposter\u00eda de m\u00e1s de <st1:metricconverter ProductID=\"3 metros\" w:st=\"on\">3 metros<\/st1:metricconverter> y medio en cuadro.<\/font><\/em><\/span><\/p>\n<p style=\"margin: 0cm 0cm 0pt\" class=\"MsoBodyText\"><span style=\"font-weight: normal; font-size: 12pt\" lang=\"ES-TRAD\"><\/span><\/p>\n<p style=\"margin: 0cm 0cm 0pt\" class=\"MsoBodyText\"><span style=\"font-weight: normal; font-size: 12pt\" lang=\"ES-TRAD\"><\/span><\/p>\n<p><span style=\"font-weight: normal; font-size: 12pt\" lang=\"ES-TRAD\"><em><font face=\"Arial\"><o:p>\u00a0<\/o:p><\/font><\/em><\/span><span style=\"font-size: 12pt\" lang=\"ES-TRAD\"><o:p><font face=\"Arial\">\u00a0<\/font><\/o:p><\/span><\/p>\n<p style=\"margin: 0cm 0cm 0pt; text-align: justify\" class=\"MsoNormal\"><span style=\"font-size: 12pt\" lang=\"ES-TRAD\"><font face=\"Arial\">La queja de la falta de agua de calidad en la ciudad de Quer\u00e9taro, sali\u00f3 afortunadamente, del convento de monjas capuchinas, de San Jos\u00e9 de Gracia. Eran los d\u00edas finales del a\u00f1o de 1721.<\/font><\/span><\/p>\n<p style=\"margin: 0cm 0cm 0pt; text-align: justify\" class=\"MsoNormal\"><span style=\"font-size: 12pt\" lang=\"ES-TRAD\"><\/span><\/p>\n<p style=\"margin: 0cm 0cm 0pt; text-align: justify\" class=\"MsoNormal\"><span style=\"font-size: 12pt\" lang=\"ES-TRAD\"><\/span><\/p>\n<p><span style=\"font-size: 12pt\" lang=\"ES-TRAD\"><font face=\"Arial\"><o:p>\u00a0<\/o:p><\/font><\/span><span style=\"font-size: 12pt\" lang=\"ES-TRAD\"><o:p><font face=\"Arial\">\u00a0<\/font><\/o:p><\/span><\/p>\n<p style=\"margin: 0cm 0cm 0pt; text-align: justify\" class=\"MsoNormal\"><span style=\"font-size: 12pt\" lang=\"ES-TRAD\"><font face=\"Arial\">Llegaron estas religiosas, del Convento de San Felipe, en la ciudad de M\u00e9xico, ya autorizada previamente la fundaci\u00f3n, por C\u00e9dula Real de Felipe V, expedida el 8 de septiembre de 1718 y Bula Papal de Clemente Xl, con fecha del 10 de marzo del a\u00f1o de 1718, llegando a la ciudad, acompa\u00f1adas del Marqu\u00e9s, un 7 de agosto de 1721 y logrando por su tenacidad, mas tarde, la fundaci\u00f3n del Gran Convento de <st1:personname ProductID=\"la Inmaculada Concepci\u00f3n\" w:st=\"on\">la Inmaculada Concepci\u00f3n<\/st1:personname>, en Salvatierra, un ll de julio de 1798.<\/font><\/span><\/p>\n<p style=\"margin: 0cm 0cm 0pt; text-align: justify\" class=\"MsoNormal\"><span style=\"font-size: 12pt\" lang=\"ES-TRAD\"><\/span><\/p>\n<p style=\"margin: 0cm 0cm 0pt; text-align: justify\" class=\"MsoNormal\"><span style=\"font-size: 12pt\" lang=\"ES-TRAD\"><\/span><\/p>\n<p><span style=\"font-size: 12pt\" lang=\"ES-TRAD\"><font face=\"Arial\"><o:p>\u00a0<\/o:p><\/font><\/span><span style=\"font-size: 12pt\" lang=\"ES-TRAD\"><o:p><font face=\"Arial\">\u00a0<\/font><\/o:p><\/span><\/p>\n<p style=\"margin: 0cm 0cm 0pt; text-align: justify\" class=\"MsoNormal\"><span style=\"font-size: 12pt\" lang=\"ES-TRAD\"><font face=\"Arial\">Quer\u00e9taro, ciudad estado, comenzando el siglo XVlll, el siglo de su esplendor, donde la agricultura, la ganader\u00eda, las haciendas, los obrajes, el comercio y el cruce de caminos, la ten\u00edan como una de las ciudades m\u00e1s importantes de la llamada Nueva Espa\u00f1a.<\/font><\/span><\/p>\n<p style=\"margin: 0cm 0cm 0pt; text-align: justify\" class=\"MsoNormal\"><span style=\"font-size: 12pt\" lang=\"ES-TRAD\"><\/span><\/p>\n<p style=\"margin: 0cm 0cm 0pt; text-align: justify\" class=\"MsoNormal\"><span style=\"font-size: 12pt\" lang=\"ES-TRAD\"><\/span><\/p>\n<p><span style=\"font-size: 12pt\" lang=\"ES-TRAD\"><font face=\"Arial\"><o:p>\u00a0<\/o:p><\/font><\/span><span style=\"font-size: 12pt\" lang=\"ES-TRAD\"><o:p><font face=\"Arial\">\u00a0<\/font><\/o:p><\/span><\/p>\n<h1 style=\"margin: 0cm 0cm 0pt; text-align: justify\"><span style=\"font-size: 12pt\" lang=\"ES-TRAD\"><font face=\"Arial\">La respuesta a la queja de las monjas, tuvo<span>\u00a0 <\/span>en el Marqu\u00e9s, Antonio de Urrutia y Arana, la respuesta positiva esperada.<\/font><\/span><\/h1>\n<h1 style=\"margin: 0cm 0cm 0pt; text-align: justify\"><span style=\"font-size: 12pt\" lang=\"ES-TRAD\"><\/span><\/h1>\n<h1 style=\"margin: 0cm 0cm 0pt; text-align: justify\"><span style=\"font-size: 12pt\" lang=\"ES-TRAD\"><\/span><\/h1>\n<h1 style=\"margin: 0cm 0cm 0pt; text-align: justify\"><span style=\"font-size: 12pt\" lang=\"ES-TRAD\"><font face=\"Arial\"><o:p>\u00a0<\/o:p><\/font><\/span><\/h1>\n<h1 style=\"margin: 0cm 0cm 0pt; text-align: justify\"><span style=\"font-size: 12pt\" lang=\"ES-TRAD\"><o:p><font face=\"Arial\">\u00a0<\/font><\/o:p><\/span><\/h1>\n<h1 style=\"margin: 0cm 0cm 0pt; text-align: justify\"><span style=\"font-size: 12pt\" lang=\"ES-TRAD\"><font face=\"Arial\">A partir del ojo de agua del Capul\u00edn, de 18 veneros,<span>\u00a0 <\/span>una alberca para almacenar, m\u00e1s la construcci\u00f3n de una atarjea de cal y canto, salida desde <st1:personname ProductID=\"La Ca\u00f1ada\" w:st=\"on\">La Ca\u00f1ada<\/st1:personname>, 74 arcos,<span>\u00a0 <\/span>60 cajas de agua, con un costo de125 mil pesos, Quer\u00e9taro obtuvo agua pura y cristalina.<\/font><\/span><\/h1>\n<h1 style=\"margin: 0cm 0cm 0pt; text-align: justify\"><span style=\"font-size: 12pt\" lang=\"ES-TRAD\"><\/span><\/h1>\n<h1 style=\"margin: 0cm 0cm 0pt; text-align: justify\"><span style=\"font-size: 12pt\" lang=\"ES-TRAD\"><\/span><\/h1>\n<h1 style=\"margin: 0cm 0cm 0pt; text-align: justify\"><span style=\"font-size: 12pt\" lang=\"ES-TRAD\"><font face=\"Arial\"><o:p>\u00a0<\/o:p><\/font><\/span><\/h1>\n<h1 style=\"margin: 0cm 0cm 0pt; text-align: justify\"><span style=\"font-size: 12pt\" lang=\"ES-TRAD\"><o:p><font face=\"Arial\">\u00a0<\/font><\/o:p><\/span><\/h1>\n<h1 style=\"margin: 0cm 0cm 0pt; text-align: justify\"><span style=\"font-size: 12pt\" lang=\"ES-TRAD\"><font face=\"Arial\">Lleg\u00f3 a la ciudad, el agua pura y cristalina, un 22 de octubre de 1735,<span>\u00a0 <\/span>con una capacidad de <st1:metricconverter ProductID=\"30 litros\" w:st=\"on\">30 litros<\/st1:metricconverter> por segundo,<span>\u00a0 <\/span>partiendo de la huerta del convento de Propaganda Fide, a <st1:personname ProductID=\"la Caja\" w:st=\"on\">la Caja<\/st1:personname> de Agua llamada de <st1:personname ProductID=\"la Virgen\" w:st=\"on\">la Virgen<\/st1:personname> del Pilar en <st1:personname ProductID=\"La Plaza\" w:st=\"on\">la Plaza<\/st1:personname> de <st1:personname ProductID=\"La Cruz.\" w:st=\"on\">La Cruz.<\/st1:personname><o:p><\/o:p><\/font><\/span><\/h1>\n<h1 style=\"margin: 0cm 0cm 0pt; text-align: justify\"><\/h1>\n<h1 style=\"margin: 0cm 0cm 0pt; text-align: justify\"><\/h1>\n<h1 style=\"margin: 0cm 0cm 0pt; text-align: justify\"><span style=\"font-size: 12pt\" lang=\"ES-TRAD\"><o:p><font face=\"Arial\">\u00a0<\/font><\/o:p><\/span><\/h1>\n<p style=\"margin: 0cm 0cm 0pt\" class=\"MsoBodyText3\"><span style=\"font-size: 12pt\" lang=\"ES-TRAD\"><em><font face=\"Arial\">La famos\u00edsima obra de ca\u00f1er\u00eda<span>\u00a0 <\/span>y arcos por donde ven\u00eda el agua limpia a la ciudad, es ciertamente obra sin segunda y digna de la mayor admiraci\u00f3n.<\/font><\/em><\/span><\/p>\n<p style=\"margin: 0cm 0cm 0pt\" class=\"MsoBodyText3\"><span style=\"font-size: 12pt\" lang=\"ES-TRAD\"><\/span><\/p>\n<p style=\"margin: 0cm 0cm 0pt\" class=\"MsoBodyText3\"><span style=\"font-size: 12pt\" lang=\"ES-TRAD\"><\/span><\/p>\n<p><span style=\"font-size: 12pt\" lang=\"ES-TRAD\"><em><font face=\"Arial\"><o:p>\u00a0<\/o:p><\/font><\/em><\/span><span style=\"font-size: 12pt\" lang=\"ES-TRAD\"><o:p><font face=\"Arial\">\u00a0<\/font><\/o:p><\/span><span style=\"font-size: 12pt\" lang=\"ES-TRAD\"><font face=\"Arial\">El viernes 17 de octubre de 1738,<span>\u00a0 <\/span>fue el d\u00eda en que lleg\u00f3 la tan ansiada agua, a todos los rincones de la ciudad y el d\u00eda 19 del mismo mes y a\u00f1o se cant\u00f3 el Te Deum, en acci\u00f3n de gracias por tan portentoso acontecimiento.<o:p><\/o:p><\/font><\/span><\/p>\n<p style=\"margin: 0cm 0cm 0pt; text-align: justify\" class=\"MsoNormal\">&nbsp;<\/p>\n<p style=\"margin: 0cm 0cm 0pt; text-align: justify\" class=\"MsoNormal\">&nbsp;<\/p>\n<p><span style=\"font-size: 12pt\" lang=\"ES-TRAD\"><o:p><font face=\"Arial\">\u00a0<\/font><\/o:p><\/span><\/p>\n<h1 style=\"margin: 0cm 0cm 0pt; text-align: justify\"><em><span style=\"font-size: 12pt\" lang=\"ES-TRAD\"><font face=\"Arial\">No hay casa por peque\u00f1a que sea, que no tenga agua de pie o de la que brota de los pozos o de la que se les comunica por atarjeas de cal y piedra,<span>\u00a0 <\/span>que se pasea por las calles de la ciudad.<o:p><\/o:p><\/font><\/span><\/em><\/h1>\n<h1 style=\"margin: 0cm 0cm 0pt; text-align: justify\"><\/h1>\n<h1 style=\"margin: 0cm 0cm 0pt; text-align: justify\"><\/h1>\n<h1 style=\"margin: 0cm 0cm 0pt; text-align: justify\"><em><span style=\"font-size: 12pt\" lang=\"ES-TRAD\"><o:p><font face=\"Arial\">\u00a0<\/font><\/o:p><\/span><\/em><\/h1>\n<p style=\"margin: 0cm 0cm 0pt\" class=\"MsoBodyText3\"><span style=\"font-size: 12pt; font-style: normal\" lang=\"ES-TRAD\"><font face=\"Arial\">Del camino que tuvo que recorrer, ocho kil\u00f3metros, el agua tra\u00edda de <st1:personname ProductID=\"La Ca\u00f1ada\" w:st=\"on\">La Ca\u00f1ada<\/st1:personname> a Quer\u00e9taro, nos cuenta el P. Francisco Antonio Navarrete cuando dice:<\/font><\/span><\/p>\n<p style=\"margin: 0cm 0cm 0pt\" class=\"MsoBodyText3\"><span style=\"font-size: 12pt; font-style: normal\" lang=\"ES-TRAD\"><\/span><\/p>\n<p style=\"margin: 0cm 0cm 0pt\" class=\"MsoBodyText3\"><span style=\"font-size: 12pt; font-style: normal\" lang=\"ES-TRAD\"><\/span><\/p>\n<p><span style=\"font-size: 12pt; font-style: normal\" lang=\"ES-TRAD\"><font face=\"Arial\"><o:p>\u00a0<\/o:p><\/font><\/span><span style=\"font-size: 12pt\" lang=\"ES-TRAD\"><o:p><font face=\"Arial\">\u00a0<\/font><\/o:p><\/span><\/p>\n<p style=\"margin: 0cm 0cm 0pt\" class=\"MsoBodyText3\"><span style=\"font-size: 12pt\" lang=\"ES-TRAD\"><em><font face=\"Arial\">Unas veces camina por un lado, otras por el otro lado del camino, unas veces por lo empinado de las cuestas, otras por lo profundo de las quebradas, unas veces dej\u00e1ndose ver sobre los arcos, para pasar lo profundo de los barrancos, otras escondi\u00e9ndose totalmente a la vista, unas veces corriendo de norte a sur, otras de oriente a poniente.<\/font><\/em><\/span><\/p>\n<p style=\"margin: 0cm 0cm 0pt\" class=\"MsoBodyText3\"><span style=\"font-size: 12pt\" lang=\"ES-TRAD\"><\/span><\/p>\n<p style=\"margin: 0cm 0cm 0pt\" class=\"MsoBodyText3\"><span style=\"font-size: 12pt\" lang=\"ES-TRAD\"><\/span><\/p>\n<p><span style=\"font-size: 12pt\" lang=\"ES-TRAD\"><em><font face=\"Arial\"><o:p>\u00a0<\/o:p><\/font><\/em><\/span><span style=\"font-size: 12pt\" lang=\"ES-TRAD\"><o:p><em><font face=\"Arial\">\u00a0<\/font><\/em><\/o:p><\/span><\/p>\n<p style=\"margin: 0cm 0cm 0pt; text-align: justify\" class=\"MsoNormal\"><span style=\"font-size: 12pt\" lang=\"ES-TRAD\"><font face=\"Arial\">El Marqu\u00e9s con su tesoro y dedicaci\u00f3n, las monjas con su queja y el pueblo con su necesidad, dieron<span>\u00a0 <\/span>origen al acueducto, orgullo<span>\u00a0 <\/span>y s\u00edmbolo de la ciudad.<\/font><\/span><\/p>\n<p style=\"margin: 0cm 0cm 0pt; text-align: justify\" class=\"MsoNormal\"><span style=\"font-size: 12pt\" lang=\"ES-TRAD\"><\/span><\/p>\n<p><span style=\"font-size: 12pt\" lang=\"ES-TRAD\"><font face=\"Arial\"><o:p>\u00a0<\/o:p><\/font><\/span><span style=\"font-size: 12pt\" lang=\"ES-TRAD\"><o:p><font face=\"Arial\">\u00a0<\/font><\/o:p><\/span><\/p>\n<p style=\"margin: 0cm 0cm 0pt; text-align: justify\" class=\"MsoNormal\"><span style=\"font-size: 12pt\" lang=\"ES-TRAD\"><font face=\"Arial\">Los primeros beneficiados fueron los frailes Cruc\u00edferos, no las monjas Capuchinas, como fuera de esperarse, pero estos frailes, tambi\u00e9n fueron los primeros agradecidos, al levantar la primera estatua de Antonio de Urrutia y Arana, en los patios de su convento.<\/font><\/span><\/p>\n<p style=\"margin: 0cm 0cm 0pt; text-align: justify\" class=\"MsoNormal\"><span style=\"font-size: 12pt\" lang=\"ES-TRAD\"><\/span><\/p>\n<p style=\"margin: 0cm 0cm 0pt; text-align: justify\" class=\"MsoNormal\"><span style=\"font-size: 12pt\" lang=\"ES-TRAD\"><\/span><\/p>\n<p><span style=\"font-size: 12pt\" lang=\"ES-TRAD\"><font face=\"Arial\"><o:p>\u00a0<\/o:p><\/font><\/span><\/p>\n<h1 style=\"margin: 0cm 0cm 0pt; text-align: justify\"><span style=\"font-size: 12pt\" lang=\"ES-TRAD\"><o:p><font face=\"Arial\">\u00a0<\/font><\/o:p><\/span><\/h1>\n<h1 style=\"margin: 0cm 0cm 0pt; text-align: justify\"><span style=\"font-size: 12pt\" lang=\"ES-TRAD\"><font face=\"Arial\"><span>\u00a0<\/span>Preciosas Cajas de Agua, a\u00fan se pueden encontrar por todo el centro de nuestra ciudad, son las cajas de agua que llevaron la salud y vida, es necesario por tanto dar un recorrido para contemplarlas y disfrutar de su arquitectura y leyendas.<\/font><\/span><\/h1>\n<h1 style=\"margin: 0cm 0cm 0pt; text-align: justify\"><span style=\"font-size: 12pt\" lang=\"ES-TRAD\"><\/span><\/h1>\n<h1 style=\"margin: 0cm 0cm 0pt; text-align: justify\"><span style=\"font-size: 12pt\" lang=\"ES-TRAD\"><\/span><\/h1>\n<h1 style=\"margin: 0cm 0cm 0pt; text-align: justify\"><span style=\"font-size: 12pt\" lang=\"ES-TRAD\"><font face=\"Arial\"><o:p>\u00a0<\/o:p><\/font><\/span><\/h1>\n<p><span style=\"font-size: 12pt\" lang=\"ES-TRAD\"><o:p><font face=\"Arial\">\u00a0<\/font><\/o:p><\/span><\/p>\n<p style=\"margin: 0cm 0cm 0pt; text-align: justify\" class=\"MsoNormal\"><span style=\"font-size: 12pt\" lang=\"ES-TRAD\"><font face=\"Arial\">Est\u00e1 <st1:personname ProductID=\"la Caja\" w:st=\"on\"><em>La Caja<\/em><\/st1:personname><em> de Agua de <st1:personname ProductID=\"La Estampa\" w:st=\"on\">La Estampa<\/st1:personname><\/em>, en la esquina de Ocampo y Pino Su\u00e1rez, <st1:personname ProductID=\"la Caja\" w:st=\"on\"><em>La Caja<\/em><\/st1:personname><em> de Agua de Cantoya<\/em> en la calle de 5 de mayo, la preciosa <em>Caja de Agua de Garamilla<\/em>, en la calle de Guti\u00e9rrez N\u00e1jera, la llamada <em>Caja de Agua del Mexicano<\/em>, localizada en la calle de 16 de septiembre, todas ellas de singular belleza y gracia.<\/font><\/span><\/p>\n<p style=\"margin: 0cm 0cm 0pt; text-align: justify\" class=\"MsoNormal\"><span style=\"font-size: 12pt\" lang=\"ES-TRAD\"><\/span><\/p>\n<p style=\"margin: 0cm 0cm 0pt; text-align: justify\" class=\"MsoNormal\"><span style=\"font-size: 12pt\" lang=\"ES-TRAD\"><\/span><\/p>\n<p><span style=\"font-size: 12pt\" lang=\"ES-TRAD\"><font face=\"Arial\"><o:p>\u00a0<\/o:p><\/font><\/span><span style=\"font-size: 12pt\" lang=\"ES-TRAD\"><o:p><font face=\"Arial\">\u00a0<\/font><\/o:p><\/span><span style=\"font-size: 12pt\" lang=\"ES-TRAD\"><font face=\"Arial\">Por esos d\u00edas se escrib\u00eda acerca de la importancia de la ciudad de Quer\u00e9taro, diciendo:<o:p><\/o:p><\/font><\/span><span style=\"font-size: 12pt\" lang=\"ES-TRAD\"><o:p><font face=\"Arial\">\u00a0<\/font><\/o:p><\/span><\/p>\n<p style=\"margin: 0cm 0cm 0pt\" class=\"MsoBodyText3\"><span style=\"font-size: 12pt\" lang=\"ES-TRAD\"><em><font face=\"Arial\">Era la confluencia de corrientes de tr\u00e1fico incre\u00edble, era el bazar en que se cambiaban los productos de todo el mundo, todo para el surtimiento de la rep\u00fablica. Quer\u00e9taro era la garganta para el comercio exterior y sus cambios.<\/font><\/em><\/span><\/p>\n<p style=\"margin: 0cm 0cm 0pt\" class=\"MsoBodyText3\"><span style=\"font-size: 12pt\" lang=\"ES-TRAD\"><\/span><\/p>\n<p style=\"margin: 0cm 0cm 0pt\" class=\"MsoBodyText3\"><span style=\"font-size: 12pt\" lang=\"ES-TRAD\"><\/span><\/p>\n<p><span style=\"font-size: 12pt\" lang=\"ES-TRAD\"><em><font face=\"Arial\"><o:p>\u00a0<\/o:p><\/font><\/em><\/span><span style=\"font-size: 12pt\" lang=\"ES-TRAD\"><o:p><font face=\"Arial\">\u00a0<\/font><\/o:p><\/span><\/p>\n<p style=\"margin: 0cm 0cm 0pt; text-align: justify\" class=\"MsoNormal\"><span style=\"font-size: 12pt\" lang=\"ES-TRAD\"><font face=\"Arial\">Es necesario contemplar y revivir<em>, La caja de Agua de los Ahorcados<\/em>, ubicada en <st1:personname ProductID=\"la Calzada Zaragoza\" w:st=\"on\">la Calzada Zaragoza<\/st1:personname> casi esquina con la calle de Pasteur sur, lugar en aquel entonces de las ejecuciones de los condenados a muerte, es de una hechura admirable, lo mismo<span>\u00a0\u00a0 <\/span><st1:personname ProductID=\"la Caja\" w:st=\"on\"><em>La Caja<\/em><\/st1:personname><em> de Agua de Verdolagas<\/em>, en la calle de Ezequiel Montes norte, otra la encontraremos en <st1:personname ProductID=\"la Avenida\" w:st=\"on\">la Avenida<\/st1:personname> del 57, es <em>La caja de Agua de Capulines.<\/em><\/font><\/span><\/p>\n<p style=\"margin: 0cm 0cm 0pt; text-align: justify\" class=\"MsoNormal\"><span style=\"font-size: 12pt\" lang=\"ES-TRAD\"><\/span><\/p>\n<p style=\"margin: 0cm 0cm 0pt; text-align: justify\" class=\"MsoNormal\"><span style=\"font-size: 12pt\" lang=\"ES-TRAD\"><\/span><\/p>\n<p><span style=\"font-size: 12pt\" lang=\"ES-TRAD\"><font face=\"Arial\"><em><o:p>\u00a0<\/o:p><\/em><\/font><\/span><em><span style=\"font-size: 12pt\" lang=\"ES-TRAD\"><o:p><font face=\"Arial\">\u00a0<\/font><\/o:p><\/span><\/em><\/p>\n<p style=\"margin: 0cm 0cm 0pt; text-align: justify\" class=\"MsoNormal\"><span style=\"font-size: 12pt\" lang=\"ES-TRAD\"><font face=\"Arial\">Las Fuentes de Quer\u00e9taro se repartieron por todos lados, como <st1:personname ProductID=\"la Pila\" w:st=\"on\"><em>la Pila<\/em><\/st1:personname><em> de<\/em> <em>los Dolores<\/em>, en San Francisquito, <st1:personname ProductID=\"la Pila\" w:st=\"on\"><em>La Pila<\/em><\/st1:personname><em> de Santa Rosa de Viterbo<\/em> en Ezequiel Montes, <st1:personname ProductID=\"la Pila\" w:st=\"on\"><em>La Pila<\/em><\/st1:personname><em> de Santa Ana<\/em>, en el barrio y afuera de la iglesia, <st1:personname ProductID=\"la Pila\" w:st=\"on\"><em>La Pila<\/em><\/st1:personname><em> de San Sebasti\u00e1n<\/em>, en el hermoso y arbolado jard\u00edn de <st1:personname ProductID=\"la Otra\" w:st=\"on\">la Otra<\/st1:personname> banda, <st1:personname ProductID=\"la Pila\" w:st=\"on\"><em>La Pila<\/em><\/st1:personname><em> del Tepetate<\/em>, entre otras m\u00e1s que a\u00fan podemos encontrar, de la \u00e9poca de la gran prosperidad de la ciudad.<\/font><\/span><\/p>\n<p style=\"margin: 0cm 0cm 0pt; text-align: justify\" class=\"MsoNormal\"><span style=\"font-size: 12pt\" lang=\"ES-TRAD\"><\/span><\/p>\n<p style=\"margin: 0cm 0cm 0pt; text-align: justify\" class=\"MsoNormal\"><span style=\"font-size: 12pt\" lang=\"ES-TRAD\"><\/span><\/p>\n<p><span style=\"font-size: 12pt\" lang=\"ES-TRAD\"><font face=\"Arial\"><o:p>\u00a0<\/o:p><\/font><\/span><span style=\"font-size: 12pt\" lang=\"ES-TRAD\"><o:p><font face=\"Arial\">\u00a0<\/font><\/o:p><\/span><\/p>\n<p style=\"margin: 0cm 0cm 0pt; text-align: justify\" class=\"MsoNormal\"><span style=\"font-size: 12pt\" lang=\"ES-TRAD\"><font face=\"Arial\">En <st1:personname ProductID=\"La Ca\u00f1ada\" w:st=\"on\">La Ca\u00f1ada<\/st1:personname> estaba la fuente de <st1:personname ProductID=\"La Plaza\" w:st=\"on\">la Plaza<\/st1:personname>, la fuente de <st1:personname ProductID=\"la Iglesia\" w:st=\"on\">la Iglesia<\/st1:personname> y la fuente del camino, en el pueblo de H\u00e9rcules se encuentran la fuente de <st1:personname ProductID=\"La Plaza\" w:st=\"on\">la Plaza<\/st1:personname> y la fuente del interior de la f\u00e1brica, donde a\u00fan podemos contemplar la escultura del dios griego al centro de la fuente..<\/font><\/span><\/p>\n<p style=\"margin: 0cm 0cm 0pt; text-align: justify\" class=\"MsoNormal\"><span style=\"font-size: 12pt\" lang=\"ES-TRAD\"><\/span><\/p>\n<p style=\"margin: 0cm 0cm 0pt; text-align: justify\" class=\"MsoNormal\"><span style=\"font-size: 12pt\" lang=\"ES-TRAD\"><\/span><\/p>\n<p><span style=\"font-size: 12pt\" lang=\"ES-TRAD\"><font face=\"Arial\"><o:p>\u00a0<\/o:p><\/font><\/span><span style=\"font-size: 12pt\" lang=\"ES-TRAD\"><o:p><font face=\"Arial\">\u00a0<\/font><\/o:p><\/span><\/p>\n<p style=\"margin: 0cm 0cm 0pt; text-align: justify\" class=\"MsoNormal\"><font face=\"Arial\"><st1:personname ProductID=\"La Plaza\" w:st=\"on\"><span style=\"font-size: 12pt\" lang=\"ES-TRAD\">La Plaza<\/span><\/st1:personname><span style=\"font-size: 12pt\" lang=\"ES-TRAD\"> de <st1:personname ProductID=\"la Fundaci\u00f3n\" w:st=\"on\">la Fundaci\u00f3n<\/st1:personname> tiene <st1:personname ProductID=\"la Caja\" w:st=\"on\">La Caja<\/st1:personname> de Agua de <st1:personname ProductID=\"la Virgen\" w:st=\"on\">la Virgen<\/st1:personname> del Pilar y la pila de agua del antiguo mercado,<span>\u00a0 <\/span>las fuentes ya descritas, la de <st1:personname ProductID=\"La Plaza\" w:st=\"on\">La Plaza<\/st1:personname> de Abajo, nombrada fuente<span>\u00a0 <\/span>de Hebe y<span>\u00a0 <\/span>la de <st1:personname ProductID=\"La Plaza\" w:st=\"on\">La Plaza<\/st1:personname> de Arriba, conocida como <st1:personname ProductID=\"La Fuente\" w:st=\"on\">La Fuente<\/st1:personname> del Marqu\u00e9s.<\/span><\/font><\/p>\n<p style=\"margin: 0cm 0cm 0pt; text-align: justify\" class=\"MsoNormal\"><font face=\"Arial\"><span style=\"font-size: 12pt\" lang=\"ES-TRAD\"><\/span><\/font><\/p>\n<p style=\"margin: 0cm 0cm 0pt; text-align: justify\" class=\"MsoNormal\"><font face=\"Arial\"><span style=\"font-size: 12pt\" lang=\"ES-TRAD\"><\/span><\/font><\/p>\n<p><font face=\"Arial\"><span style=\"font-size: 12pt\" lang=\"ES-TRAD\"><o:p>\u00a0<\/o:p><\/span><\/font><span style=\"font-size: 12pt\" lang=\"ES-TRAD\"><o:p><font face=\"Arial\">\u00a0<\/font><\/o:p><\/span><\/p>\n<p style=\"margin: 0cm 0cm 0pt; text-align: justify\" class=\"MsoNormal\"><span style=\"font-size: 12pt\" lang=\"ES-TRAD\"><font face=\"Arial\">En el Jard\u00edn Guerrero, existe una fuente grandiosa de estilo queretano cl\u00e1sico, realizada por el escultor Abraham Gonz\u00e1lez; En <st1:personname ProductID=\"La Plaza\" w:st=\"on\">la Plaza<\/st1:personname> de <st1:personname ProductID=\"la Constituci\u00f3n\" w:st=\"on\">la Constituci\u00f3n<\/st1:personname> de aprecia la hermosa fuente de la modernidad, donde los ni\u00f1os se ba\u00f1an a diario en su intento de escalarla; En <st1:personname ProductID=\"la Plazuela\" w:st=\"on\">la Plazuela<\/st1:personname> de Santa Rosa de Viterbo, se encuentra una hermosa fuente queretana en medio de las arcadas; en El Cerro de Las Campanas, est\u00e1 <st1:personname ProductID=\"La Fuente\" w:st=\"on\">la Fuente<\/st1:personname> grandiosa De Los Ni\u00f1os, entre otras.<span>\u00a0<\/span><\/font><\/span><\/p>\n<p style=\"margin: 0cm 0cm 0pt; text-align: justify\" class=\"MsoNormal\"><span style=\"font-size: 12pt\" lang=\"ES-TRAD\"><font face=\"Arial\"><span><\/span><\/font><\/span><\/p>\n<p style=\"margin: 0cm 0cm 0pt; text-align: justify\" class=\"MsoNormal\"><span style=\"font-size: 12pt\" lang=\"ES-TRAD\"><font face=\"Arial\"><span><\/span><\/font><\/span><\/p>\n<p><span style=\"font-size: 12pt\" lang=\"ES-TRAD\"><font face=\"Arial\"><span>\u00a0 <\/span><o:p><\/o:p><\/font><\/span><span style=\"font-size: 12pt\" lang=\"ES-TRAD\"><o:p><font face=\"Arial\">\u00a0<\/font><\/o:p><\/span><\/p>\n<p style=\"margin: 0cm 0cm 0pt; text-align: justify\" class=\"MsoNormal\"><span style=\"font-size: 12pt\" lang=\"ES-TRAD\"><font face=\"Arial\">En el interior del Convento Grande de San Francisco se encuentran dos fuentes de hermosa factura y de \u00e8poca, una en el patio de los Naranjos y otro en el patio de principal; En el<span>\u00a0 <\/span>Convento de San Agust\u00edn se encuentra <st1:personname ProductID=\"La Fuente\" w:st=\"on\">La Fuente<\/st1:personname> de los Dolores, que debe ser contemplada con mucho detenimiento por su belleza.<\/font><\/span><\/p>\n<p style=\"margin: 0cm 0cm 0pt; text-align: justify\" class=\"MsoNormal\"><span style=\"font-size: 12pt\" lang=\"ES-TRAD\"><\/span><\/p>\n<p style=\"margin: 0cm 0cm 0pt; text-align: justify\" class=\"MsoNormal\"><span style=\"font-size: 12pt\" lang=\"ES-TRAD\"><\/span><\/p>\n<p><span style=\"font-size: 12pt\" lang=\"ES-TRAD\"><font face=\"Arial\"><o:p>\u00a0<\/o:p><\/font><\/span><span style=\"font-size: 12pt\" lang=\"ES-TRAD\"><o:p><font face=\"Arial\">\u00a0<\/font><\/o:p><\/span><\/p>\n<p style=\"margin: 0cm 0cm 0pt; text-align: justify\" class=\"MsoNormal\"><span style=\"font-size: 12pt\" lang=\"ES-TRAD\"><font face=\"Arial\">En el interior del claustro de santa Rosa de Viterbo se puede contemplar una fuente ochavada original y hundida de hermosa factura; En el Convento de Propaganda Fide, lo mismo encontraremos, en la huerta, la fuente que recib\u00eda el agua de Los Arcos y las fuentes de los patios del claustro,<span>\u00a0 <\/span>entre otras m\u00e1s.<\/font><\/span><\/p>\n<p style=\"margin: 0cm 0cm 0pt; text-align: justify\" class=\"MsoNormal\"><span style=\"font-size: 12pt\" lang=\"ES-TRAD\"><\/span><\/p>\n<p style=\"margin: 0cm 0cm 0pt; text-align: justify\" class=\"MsoNormal\"><span style=\"font-size: 12pt\" lang=\"ES-TRAD\"><\/span><\/p>\n<p><span style=\"font-size: 12pt\" lang=\"ES-TRAD\"><font face=\"Arial\"><o:p>\u00a0<\/o:p><\/font><\/span><span style=\"font-size: 12pt\" lang=\"ES-TRAD\"><o:p><font face=\"Arial\">\u00a0<\/font><\/o:p><\/span><\/p>\n<p style=\"margin: 0cm 0cm 0pt\" class=\"MsoBodyText3\"><span style=\"font-size: 12pt\" lang=\"ES-TRAD\"><em><font face=\"Arial\">El 15 de enero de 1727 se inici\u00f3 la construcci\u00f3n del acueducto para salvar el valle, comenzando los arcos al pie del cerro de carretas y terminando al costado del convento de <st1:personname ProductID=\"La Cruz.\" w:st=\"on\">la Cruz.<\/st1:personname><\/font><\/em><\/span><\/p>\n<p style=\"margin: 0cm 0cm 0pt\" class=\"MsoBodyText3\"><span style=\"font-size: 12pt\" lang=\"ES-TRAD\"><em><font face=\"Arial\"><st1:personname ProductID=\"La Cruz.\" w:st=\"on\"><\/st1:personname><\/font><\/em><\/span>\u00a0<\/p>\n<p style=\"margin: 0cm 0cm 0pt\" class=\"MsoBodyText3\"><span style=\"font-size: 12pt\" lang=\"ES-TRAD\"><em><font face=\"Arial\"><st1:personname ProductID=\"La Cruz.\" w:st=\"on\"><\/st1:personname><\/font><\/em><\/span>\u00a0<\/p>\n<p><span style=\"font-size: 12pt\" lang=\"ES-TRAD\"><em><font face=\"Arial\"><st1:personname ProductID=\"La Cruz.\" w:st=\"on\"><\/st1:personname><o:p>\u00a0<\/o:p><\/font><\/em><\/span><span style=\"font-size: 12pt\" lang=\"ES-TRAD\"><o:p><font face=\"Arial\">\u00a0<\/font><\/o:p><\/span><\/p>\n<p style=\"margin: 0cm 0cm 0pt; text-align: justify\" class=\"MsoNormal\"><em><span style=\"font-size: 12pt\" lang=\"ES-TRAD\"><font face=\"Arial\">Los cimientos de los pilares tienen <st1:metricconverter ProductID=\"20 metros\" w:st=\"on\">20 metros<\/st1:metricconverter> de voqueo y <st1:metricconverter ProductID=\"17.70 metros\" w:st=\"on\">17.70 metros<\/st1:metricconverter> de profundidad, separados entre s\u00ed por <st1:metricconverter ProductID=\"15.04 metros\" w:st=\"on\">15.04 metros<\/st1:metricconverter> y su altura es de <st1:metricconverter ProductID=\"22.57 metros\" w:st=\"on\">22.57 metros<\/st1:metricconverter>. La curvatura de los arcos es de <st1:metricconverter ProductID=\"5.85 metros\" w:st=\"on\">5.85 metros<\/st1:metricconverter>, elev\u00e1ndose sobre el nivel del valle en su punto m\u00e1ximo a <st1:metricconverter ProductID=\"28.42 metros\" w:st=\"on\">28.42 metros<\/st1:metricconverter>. La longitud total del acueducto es de <st1:metricconverter ProductID=\"1280 metros\" w:st=\"on\">1280 metros<\/st1:metricconverter> y corr\u00edan por el un promedio de <st1:metricconverter ProductID=\"32 litros\" w:st=\"on\">32 litros<\/st1:metricconverter> de agua por segundo. El costo fue de $124,791.00, de los cuales el marqu\u00e9s aport\u00f3 $88,278.99.<\/font><\/span><\/em><\/p>\n<p style=\"margin: 0cm 0cm 0pt; text-align: justify\" class=\"MsoNormal\"><em><span style=\"font-size: 12pt\" lang=\"ES-TRAD\"><\/span><\/em><\/p>\n<p style=\"margin: 0cm 0cm 0pt; text-align: justify\" class=\"MsoNormal\"><em><span style=\"font-size: 12pt\" lang=\"ES-TRAD\"><\/span><\/em><\/p>\n<p><em><span style=\"font-size: 12pt\" lang=\"ES-TRAD\"><font face=\"Arial\"><o:p>\u00a0<\/o:p><\/font><\/span><\/em><span style=\"font-size: 12pt\" lang=\"ES-TRAD\"><o:p><font face=\"Arial\">\u00a0<\/font><\/o:p><\/span><\/p>\n<p style=\"margin: 0cm 0cm 0pt; text-align: justify\" class=\"MsoNormal\"><span style=\"font-size: 12pt\" lang=\"ES-TRAD\"><font face=\"Arial\">Es necesario visitar la fuente del patio barroco del Colegio de San Ignacio, hoy facultad de humanidades de <st1:personname ProductID=\"la Universidad Aut\u00f3noma\" w:st=\"on\">la Universidad Aut\u00f3noma<\/st1:personname> de Quer\u00e9taro, de admirable factura; <st1:personname ProductID=\"La Fuente\" w:st=\"on\">La Fuente<\/st1:personname> maravillosa, realizada por el arquitecto Mariano De Las casa, en el interior de <st1:personname ProductID=\"La Casa\" w:st=\"on\">La Casa<\/st1:personname> de los Perros, en la calle de Allende; La caja de agua de la ahora oficina de <st1:personname ProductID=\"la Secretar\u00eda\" w:st=\"on\">la Secretar\u00eda<\/st1:personname> de Educaci\u00f3n Estatal; la fuente central de <st1:personname ProductID=\"la Alameda  Hidalgo\" w:st=\"on\">la Alameda<span>\u00a0 <\/span>Hidalgo<\/st1:personname>, que junto con sus dos fuentes de entrada y frontispicio, dan la vista a <st1:personname ProductID=\"la Calzada Zaragoza\" w:st=\"on\">la Calzada Zaragoza<\/st1:personname>, todas son una delicia para la vista.<\/font><\/span><\/p>\n<p style=\"margin: 0cm 0cm 0pt; text-align: justify\" class=\"MsoNormal\"><span style=\"font-size: 12pt\" lang=\"ES-TRAD\"><\/span><\/p>\n<p style=\"margin: 0cm 0cm 0pt; text-align: justify\" class=\"MsoNormal\"><span style=\"font-size: 12pt\" lang=\"ES-TRAD\"><\/span><\/p>\n<p><span style=\"font-size: 12pt\" lang=\"ES-TRAD\"><font face=\"Arial\"><o:p>\u00a0<\/o:p><\/font><\/span><span style=\"font-size: 12pt\" lang=\"ES-TRAD\"><o:p><font face=\"Arial\">\u00a0<\/font><\/o:p><\/span><\/p>\n<p style=\"margin: 0cm 0cm 0pt; text-align: justify\" class=\"MsoNormal\"><em><span style=\"font-size: 12pt\" lang=\"ES-TRAD\"><font face=\"Arial\">Para su delicia hay abundancia de huertas donde se dan, la chirimoya, zapote blanco, guayabas, garambuyos, pitayas, ciruelas, duraznos, granadas, membrillos, chabacanos, peras, uvas de todos g\u00e9neros.<\/font><\/span><\/em><\/p>\n<p style=\"margin: 0cm 0cm 0pt; text-align: justify\" class=\"MsoNormal\"><em><span style=\"font-size: 12pt\" lang=\"ES-TRAD\"><\/span><\/em><\/p>\n<p style=\"margin: 0cm 0cm 0pt; text-align: justify\" class=\"MsoNormal\"><em><span style=\"font-size: 12pt\" lang=\"ES-TRAD\"><\/span><\/em><\/p>\n<p><em><span style=\"font-size: 12pt\" lang=\"ES-TRAD\"><font face=\"Arial\"><o:p>\u00a0<\/o:p><\/font><\/span><\/em><em><span style=\"font-size: 12pt\" lang=\"ES-TRAD\"><o:p><font face=\"Arial\">\u00a0<\/font><\/o:p><\/span><\/em><\/p>\n<p style=\"margin: 0cm 0cm 0pt; text-align: justify\" class=\"MsoNormal\"><em><span style=\"font-size: 12pt\" lang=\"ES-TRAD\"><font face=\"Arial\">Hay tener\u00edas, batanes, obrajes, mientras el pueblo ve brillar el dinero en los comerciantes y hacendados, las actividades ganaderas mantienen ocupados a todos los hombres en edad de trabajar. <\/font><\/span><\/em><\/p>\n<p style=\"margin: 0cm 0cm 0pt; text-align: justify\" class=\"MsoNormal\"><em><span style=\"font-size: 12pt\" lang=\"ES-TRAD\"><\/span><\/em><\/p>\n<p style=\"margin: 0cm 0cm 0pt; text-align: justify\" class=\"MsoNormal\"><em><span style=\"font-size: 12pt\" lang=\"ES-TRAD\"><\/span><\/em><\/p>\n<p><em><span style=\"font-size: 12pt\" lang=\"ES-TRAD\"><font face=\"Arial\"><o:p>\u00a0<\/o:p><\/font><\/span><\/em><em><span style=\"font-size: 12pt\" lang=\"ES-TRAD\"><o:p><font face=\"Arial\">\u00a0<\/font><\/o:p><\/span><\/em><\/p>\n<p style=\"margin: 0cm 0cm 0pt; text-align: justify\" class=\"MsoNormal\"><span style=\"font-size: 12pt\" lang=\"ES-TRAD\"><font face=\"Arial\">Cuando se concluy\u00f3 la arquer\u00eda, se pens\u00f3 y se hizo una muralla, prolongando as\u00ed el acueducto hasta el convento de <st1:personname ProductID=\"La Cruz\" w:st=\"on\">La Cruz<\/st1:personname> y por el a\u00f1o de 1916 se abri\u00f3 otro arco por sobre la muralla misma, abierto para dar paso a lo que ahora conocemos como Calzada Zaragoza, ante Calzada de Las L\u00e1grimas.<\/font><\/span><\/p>\n<p style=\"margin: 0cm 0cm 0pt; text-align: justify\" class=\"MsoNormal\"><span style=\"font-size: 12pt\" lang=\"ES-TRAD\"><\/span><\/p>\n<p style=\"margin: 0cm 0cm 0pt; text-align: justify\" class=\"MsoNormal\"><span style=\"font-size: 12pt\" lang=\"ES-TRAD\"><\/span><\/p>\n<p><span style=\"font-size: 12pt\" lang=\"ES-TRAD\"><font face=\"Arial\"><o:p>\u00a0<\/o:p><\/font><\/span><span style=\"font-size: 12pt\" lang=\"ES-TRAD\"><o:p><font face=\"Arial\">\u00a0<\/font><\/o:p><\/span><\/p>\n<p style=\"margin: 0cm 0cm 0pt; text-align: justify\" class=\"MsoNormal\"><span style=\"font-size: 12pt\" lang=\"ES-TRAD\"><font face=\"Arial\">Despu\u00e9s de la construcci\u00f3n del acueducto, alcanzaron gran significaci\u00f3n las palabras de Francisco Navarrete;<\/font><\/span><\/p>\n<p style=\"margin: 0cm 0cm 0pt; text-align: justify\" class=\"MsoNormal\"><span style=\"font-size: 12pt\" lang=\"ES-TRAD\"><\/span><\/p>\n<p style=\"margin: 0cm 0cm 0pt; text-align: justify\" class=\"MsoNormal\"><span style=\"font-size: 12pt\" lang=\"ES-TRAD\"><\/span><\/p>\n<p><span style=\"font-size: 12pt\" lang=\"ES-TRAD\"><font face=\"Arial\"><o:p>\u00a0<\/o:p><\/font><\/span><span style=\"font-size: 12pt\" lang=\"ES-TRAD\"><o:p><font face=\"Arial\">\u00a0<\/font><\/o:p><\/span><em><span style=\"font-size: 12pt\" lang=\"ES-TRAD\"><font face=\"Arial\">No hab\u00eda convento que no fuera un para\u00edso, casa que no fuera un jard\u00edn, barrio que no fuera una primavera, ni salida por rumbo alguno, que no fuera una delicia de amenidad.<o:p><\/o:p><\/font><\/span><\/em><span style=\"font-size: 12pt\" lang=\"ES-TRAD\"><o:p><font face=\"Arial\">\u00a0<\/font><\/o:p><\/span><span style=\"font-size: 12pt\" lang=\"ES-TRAD\"><o:p><font face=\"Arial\">\u00a0<\/font><\/o:p><\/span><\/p>\n","protected":false},"excerpt":{"rendered":"<p>\u00a0\u00a0\u00a0\u00a0\u00a0\u00a0\u00a0 Las Cajas de agua- Loa Arcos\u00a0de Quer\u00e9taro, desde el ojo de agua del Capul\u00edn,Se vuelve 74 arcos y 60 fuentes.\u00a0 \u00a0Antonio de Urrutia y Arana Tu gran tesoro en agua convertiste Volviendo a Quer\u00e9taro,un juegode fuentes y jardines\u00a0\u00a0\u00a0\u00a0 Los arcos, &#8211; de admirable arquitectura en cantera roja, construidos por manos queretanas, en el t\u00e9rmino [&hellip;]<\/p>\n","protected":false},"author":249,"featured_media":0,"comment_status":"open","ping_status":"closed","sticky":false,"template":"","format":"standard","meta":{"footnotes":""},"categories":[8],"tags":[],"class_list":["post-49","post","type-post","status-publish","format-standard","hentry","category-ciudad-de-queretaro"],"_links":{"self":[{"href":"https:\/\/eloficiodehistoriar.com.mx\/index.php?rest_route=\/wp\/v2\/posts\/49","targetHints":{"allow":["GET"]}}],"collection":[{"href":"https:\/\/eloficiodehistoriar.com.mx\/index.php?rest_route=\/wp\/v2\/posts"}],"about":[{"href":"https:\/\/eloficiodehistoriar.com.mx\/index.php?rest_route=\/wp\/v2\/types\/post"}],"author":[{"embeddable":true,"href":"https:\/\/eloficiodehistoriar.com.mx\/index.php?rest_route=\/wp\/v2\/users\/249"}],"replies":[{"embeddable":true,"href":"https:\/\/eloficiodehistoriar.com.mx\/index.php?rest_route=%2Fwp%2Fv2%2Fcomments&post=49"}],"version-history":[{"count":0,"href":"https:\/\/eloficiodehistoriar.com.mx\/index.php?rest_route=\/wp\/v2\/posts\/49\/revisions"}],"wp:attachment":[{"href":"https:\/\/eloficiodehistoriar.com.mx\/index.php?rest_route=%2Fwp%2Fv2%2Fmedia&parent=49"}],"wp:term":[{"taxonomy":"category","embeddable":true,"href":"https:\/\/eloficiodehistoriar.com.mx\/index.php?rest_route=%2Fwp%2Fv2%2Fcategories&post=49"},{"taxonomy":"post_tag","embeddable":true,"href":"https:\/\/eloficiodehistoriar.com.mx\/index.php?rest_route=%2Fwp%2Fv2%2Ftags&post=49"}],"curies":[{"name":"wp","href":"https:\/\/api.w.org\/{rel}","templated":true}]}}