{"id":50,"date":"2008-05-19T08:41:46","date_gmt":"2008-05-19T13:41:46","guid":{"rendered":"https:\/\/eloficiodehistoriar.com.mx\/?p=50"},"modified":"2008-05-19T16:22:43","modified_gmt":"2008-05-19T21:22:43","slug":"el-paeo-de-la-alameda-en-queretaro","status":"publish","type":"post","link":"https:\/\/eloficiodehistoriar.com.mx\/?p=50","title":{"rendered":"El Paeo de La Alameda en Quer\u00e9taro"},"content":{"rendered":"<h1 align=\"center\" style=\"margin: 0cm 0cm 0pt; text-align: center\"><span style=\"font-size: 18pt\" lang=\"ES-TRAD\"><font face=\"Arial\"><a href=\"https:\/\/eloficiodehistoriar.com.mx\/wp-content\/uploads\/2008\/05\/10013636jf.jpg\" title=\"La Alameda Hidalgo\"><img decoding=\"async\" src=\"https:\/\/eloficiodehistoriar.com.mx\/wp-content\/uploads\/2008\/05\/10013636jf.thumbnail.jpg\" alt=\"La Alameda Hidalgo\" \/><\/a>El Paseo de <st1:personname ProductID=\"la Alameda\" w:st=\"on\">la Alameda<\/st1:personname><o:p><\/o:p><\/font><\/span><\/h1>\n<p><span style=\"font-size: 18pt\" lang=\"ES-TRAD\"><o:p><font face=\"Arial\">\u00a0<\/font><\/o:p><\/span><\/p>\n<h1 style=\"margin: 0cm 0cm 0pt\"><font face=\"Arial\"><span style=\"font-weight: normal; font-size: 12pt\" lang=\"ES-TRAD\"><span>\u00a0\u00a0\u00a0 <\/span><\/span><span style=\"font-size: 12pt\" lang=\"ES-TRAD\">El gran proyecto a\u00fan por realizarse.<span>\u00a0\u00a0\u00a0\u00a0 <\/span><o:p><\/o:p><\/span><\/font><\/h1>\n<h1 style=\"margin: 0cm 0cm 0pt\"><span style=\"font-size: 12pt\" lang=\"ES-TRAD\"><font face=\"Arial\">Historia y tradici\u00f3n<o:p><\/o:p><\/font><\/span><\/h1>\n<p><strong><span style=\"font-size: 12pt\" lang=\"ES-TRAD\"><font face=\"Arial\"><span>\u00a0\u00a0\u00a0\u00a0\u00a0\u00a0\u00a0\u00a0\u00a0\u00a0\u00a0\u00a0\u00a0\u00a0\u00a0\u00a0\u00a0\u00a0\u00a0\u00a0\u00a0\u00a0\u00a0\u00a0\u00a0\u00a0\u00a0\u00a0\u00a0\u00a0\u00a0\u00a0\u00a0 <\/span><o:p><\/o:p><\/font><\/span><\/strong><span style=\"font-size: 12pt\" lang=\"ES-TRAD\"><o:p><font face=\"Arial\">\u00a0<\/font><\/o:p><\/span><span style=\"font-size: 12pt\" lang=\"ES-TRAD\"><o:p><font face=\"Arial\">\u00a0<\/font><\/o:p><\/span><\/p>\n<p style=\"margin: 0cm 0cm 0pt; text-align: justify\" class=\"MsoNormal\"><span style=\"font-size: 12pt\" lang=\"ES-TRAD\"><font face=\"Arial\">Con la celebraci\u00f3n de 40 corridas de toros, para recolectar un fondo de cuatro mil pesos, necesarios para la empresa, un terreno donado por Ram\u00f3n Samaniego,<span>\u00a0 <\/span>propietario de la hacienda de Carretas, la plantaci\u00f3n de 1341 \u00e1rboles, el permiso del Virrey Miguel De <st1:personname ProductID=\"La Gr\u00faa\" w:st=\"on\">La Gr\u00faa<\/st1:personname> y la iniciativa del Corregidor Ruiz Calado, para 1804, Quer\u00e9taro ten\u00eda \u201csu Paseo de <st1:personname ProductID=\"la Alameda\" w:st=\"on\">la Alameda<\/st1:personname>\u201d.<\/font><\/span><\/p>\n<p style=\"margin: 0cm 0cm 0pt; text-align: justify\" class=\"MsoNormal\"><span style=\"font-size: 12pt\" lang=\"ES-TRAD\"><\/span><\/p>\n<p><span style=\"font-size: 12pt\" lang=\"ES-TRAD\"><font face=\"Arial\"><o:p>\u00a0<\/o:p><\/font><\/span><span style=\"font-size: 12pt\" lang=\"ES-TRAD\"><o:p><font face=\"Arial\">\u00a0<\/font><\/o:p><\/span><\/p>\n<p style=\"margin: 0cm 0cm 0pt; text-align: justify\" class=\"MsoNormal\"><span style=\"font-size: 12pt\" lang=\"ES-TRAD\"><font face=\"Arial\">Se pens\u00f3 en este paseo, all\u00e1 por el a\u00f1o de 1793, y en su lujo, estaba planeada, una fachada hermosa, de arcos triunfales, de diferentes \u00f3rdenes de estilo, cuatro p\u00f3rticos monumentales, una gran fuente al centro, con esculturas de las nueve musas y de los grandes hombres de la literatura universal.<\/font><\/span><\/p>\n<p style=\"margin: 0cm 0cm 0pt; text-align: justify\" class=\"MsoNormal\"><span style=\"font-size: 12pt\" lang=\"ES-TRAD\"><\/span><\/p>\n<p style=\"margin: 0cm 0cm 0pt; text-align: justify\" class=\"MsoNormal\"><span style=\"font-size: 12pt\" lang=\"ES-TRAD\"><\/span><\/p>\n<p><span style=\"font-size: 12pt\" lang=\"ES-TRAD\"><font face=\"Arial\"><o:p>\u00a0<\/o:p><\/font><\/span><span style=\"font-size: 12pt\" lang=\"ES-TRAD\"><o:p><font face=\"Arial\">\u00a0<\/font><\/o:p><\/span><\/p>\n<p style=\"margin: 0cm 0cm 0pt; text-align: justify\" class=\"MsoNormal\"><span style=\"font-size: 12pt\" lang=\"ES-TRAD\"><font face=\"Arial\">El proyecto de un paseo arbolado en la ciudad, al estilo del Paseo<span>\u00a0\u00a0 <\/span>de Bucareli, en la ciudad de M\u00e9xico o al estilo de \u201cpaseos arbolados y jardinados\u201d de algunas ciudades europeas, qued\u00f3 <span>\u00a0<\/span>desde el inicio en solo una ilusi\u00f3n.<\/font><\/span><\/p>\n<p style=\"margin: 0cm 0cm 0pt; text-align: justify\" class=\"MsoNormal\"><span style=\"font-size: 12pt\" lang=\"ES-TRAD\"><\/span><\/p>\n<p style=\"margin: 0cm 0cm 0pt; text-align: justify\" class=\"MsoNormal\"><span style=\"font-size: 12pt\" lang=\"ES-TRAD\"><\/span><\/p>\n<p><span style=\"font-size: 12pt\" lang=\"ES-TRAD\"><font face=\"Arial\"><o:p>\u00a0<\/o:p><\/font><\/span><span style=\"font-size: 12pt\" lang=\"ES-TRAD\"><o:p><font face=\"Arial\">\u00a0<\/font><\/o:p><\/span><\/p>\n<p style=\"margin: 0cm 0cm 0pt; text-align: justify\" class=\"MsoNormal\"><span style=\"font-size: 12pt\" lang=\"ES-TRAD\"><font face=\"Arial\">De Jos\u00e9 Mariano Orihuela, maestro agrimensor, de marcada influencia neo-cl\u00e1sica, fue el proyecto original, de c\u00f3mo ser\u00eda nuestra Alameda, intento nunca realizado completamente.<\/font><\/span><\/p>\n<p style=\"margin: 0cm 0cm 0pt; text-align: justify\" class=\"MsoNormal\"><span style=\"font-size: 12pt\" lang=\"ES-TRAD\"><\/span><\/p>\n<p style=\"margin: 0cm 0cm 0pt; text-align: justify\" class=\"MsoNormal\"><span style=\"font-size: 12pt\" lang=\"ES-TRAD\"><\/span><\/p>\n<p><span style=\"font-size: 12pt\" lang=\"ES-TRAD\"><font face=\"Arial\"><o:p>\u00a0<\/o:p><\/font><\/span><span style=\"font-size: 12pt\" lang=\"ES-TRAD\"><o:p><font face=\"Arial\">\u00a0<\/font><\/o:p><\/span><\/p>\n<p style=\"margin: 0cm 0cm 0pt; text-align: justify\" class=\"MsoNormal\"><span style=\"font-size: 12pt\" lang=\"ES-TRAD\"><font face=\"Arial\">El Corregidor de Letras de Quer\u00e9taro, Ignacio Ruiz Calado, pens\u00f3 con acierto en la necesidad de este paseo,<span>\u00a0\u00a0 <\/span>lo que ser\u00eda la \u00faltima obra de importancia en el equipamiento urbano de la ciudad, en pleno apogeo virreinal.<\/font><\/span><\/p>\n<p style=\"margin: 0cm 0cm 0pt; text-align: justify\" class=\"MsoNormal\"><span style=\"font-size: 12pt\" lang=\"ES-TRAD\"><\/span><\/p>\n<p style=\"margin: 0cm 0cm 0pt; text-align: justify\" class=\"MsoNormal\"><span style=\"font-size: 12pt\" lang=\"ES-TRAD\"><\/span><\/p>\n<p><span style=\"font-size: 12pt\" lang=\"ES-TRAD\"><font face=\"Arial\"><o:p>\u00a0<\/o:p><\/font><\/span><span style=\"font-size: 12pt\" lang=\"ES-TRAD\"><o:p><font face=\"Arial\">\u00a0<\/font><\/o:p><\/span><\/p>\n<p style=\"margin: 0cm 0cm 0pt; text-align: justify\" class=\"MsoNormal\"><span style=\"font-size: 12pt\" lang=\"ES-TRAD\"><font face=\"Arial\">Para tan admirable paseo, se pens\u00f3, en m\u00e1s de cien hect\u00e1reas, ubicadas entre los cascos de las haciendas de Casa Blanca y Carretas: <\/font><\/span><\/p>\n<p style=\"margin: 0cm 0cm 0pt; text-align: justify\" class=\"MsoNormal\"><span style=\"font-size: 12pt\" lang=\"ES-TRAD\"><\/span><\/p>\n<p style=\"margin: 0cm 0cm 0pt; text-align: justify\" class=\"MsoNormal\"><span style=\"font-size: 12pt\" lang=\"ES-TRAD\"><\/span><\/p>\n<p><span style=\"font-size: 12pt\" lang=\"ES-TRAD\"><font face=\"Arial\"><o:p>\u00a0<\/o:p><\/font><\/span><span style=\"font-size: 12pt\" lang=\"ES-TRAD\"><o:p><font face=\"Arial\">\u00a0<\/font><\/o:p><\/span><\/p>\n<p style=\"margin: 0cm 0cm 0pt\" class=\"MsoBodyText2\"><span style=\"font-weight: normal; font-size: 12pt\" lang=\"ES-TRAD\"><font face=\"Arial\">Por los jardines y arboledas de <st1:personname ProductID=\"la Alameda\" w:st=\"on\">La Alameda<\/st1:personname>, entre merolicos, adivinadores de la suerte, acr\u00f3batas y carruseles, ha paseado el pueblo queretano, desde principios del siglo XlX hasta nuestros d\u00edas. Son ya 200 a\u00f1os.<\/font><\/span><\/p>\n<p style=\"margin: 0cm 0cm 0pt\" class=\"MsoBodyText2\"><span style=\"font-weight: normal; font-size: 12pt\" lang=\"ES-TRAD\"><\/span><\/p>\n<p style=\"margin: 0cm 0cm 0pt\" class=\"MsoBodyText2\"><span style=\"font-weight: normal; font-size: 12pt\" lang=\"ES-TRAD\"><\/span><\/p>\n<p><span style=\"font-weight: normal; font-size: 12pt\" lang=\"ES-TRAD\"><font face=\"Arial\"><o:p>\u00a0<\/o:p><\/font><\/span><span style=\"font-size: 12pt\" lang=\"ES-TRAD\"><o:p><strong><font face=\"Arial\">\u00a0<\/font><\/strong><\/o:p><\/span><\/p>\n<p style=\"margin: 0cm 0cm 0pt\" class=\"MsoBodyText2\"><span style=\"font-weight: normal; font-size: 12pt\" lang=\"ES-TRAD\"><font face=\"Arial\">Nuestro paseo, ha tenido en su interior, al paso de su historia, y del tiempo, lo mismo que para nuestra recreaci\u00f3n: Hip\u00f3dromo, Palenque de gallos, paseos en carretas, bicicletas y en sus alrededores, pista de circo y el famoso tianguis, conocido como \u201cPueblo Nuevo\u201d.<\/font><\/span><\/p>\n<p style=\"margin: 0cm 0cm 0pt\" class=\"MsoBodyText2\"><span style=\"font-weight: normal; font-size: 12pt\" lang=\"ES-TRAD\"><\/span><\/p>\n<p style=\"margin: 0cm 0cm 0pt\" class=\"MsoBodyText2\"><span style=\"font-weight: normal; font-size: 12pt\" lang=\"ES-TRAD\"><\/span><\/p>\n<p><span style=\"font-weight: normal; font-size: 12pt\" lang=\"ES-TRAD\"><font face=\"Arial\"><o:p>\u00a0<\/o:p><\/font><\/span><span style=\"font-size: 12pt\" lang=\"ES-TRAD\"><o:p><strong><font face=\"Arial\">\u00a0<\/font><\/strong><\/o:p><\/span><\/p>\n<p style=\"margin: 0cm 0cm 0pt\" class=\"MsoBodyText2\"><span style=\"font-weight: normal; font-size: 12pt\" lang=\"ES-TRAD\"><font face=\"Arial\">Tambi\u00e9n han paseado por sus jardines, los emperadores, Maximiliano y Agust\u00edn Primero, el dictador Porfirio D\u00edaz, lo mismo que el presidente Francisco I Madero y los diputados constituyentes de 1917.<\/font><\/span><\/p>\n<p style=\"margin: 0cm 0cm 0pt\" class=\"MsoBodyText2\"><span style=\"font-weight: normal; font-size: 12pt\" lang=\"ES-TRAD\"><\/span><\/p>\n<p style=\"margin: 0cm 0cm 0pt\" class=\"MsoBodyText2\"><span style=\"font-weight: normal; font-size: 12pt\" lang=\"ES-TRAD\"><\/span><\/p>\n<p><span style=\"font-weight: normal; font-size: 12pt\" lang=\"ES-TRAD\"><font face=\"Arial\"><o:p>\u00a0<\/o:p><\/font><\/span><span style=\"font-weight: normal; font-size: 12pt\" lang=\"ES-TRAD\"><o:p><font face=\"Arial\">\u00a0<\/font><\/o:p><\/span><\/p>\n<p style=\"margin: 0cm 0cm 0pt\" class=\"MsoBodyText2\"><span style=\"font-weight: normal; font-size: 12pt\" lang=\"ES-TRAD\"><font face=\"Arial\">Ha sido lo mismo, destruida la belleza de nuestro paseo de <st1:personname ProductID=\"la Alameda\" w:st=\"on\">La Alameda<\/st1:personname>, y los acontecimientos hist\u00f3ricos no permitieron en su tiempo, la terminaci\u00f3n planeada desde 1793, para este lugar, destruy\u00e9ndose en parte, durante la guerra de Independencia, el sitio de Quer\u00e9taro, la revoluci\u00f3n del 1910 y por el descuido.<\/font><\/span><\/p>\n<p style=\"margin: 0cm 0cm 0pt\" class=\"MsoBodyText2\"><span style=\"font-weight: normal; font-size: 12pt\" lang=\"ES-TRAD\"><\/span><\/p>\n<p style=\"margin: 0cm 0cm 0pt\" class=\"MsoBodyText2\"><span style=\"font-weight: normal; font-size: 12pt\" lang=\"ES-TRAD\"><\/span><\/p>\n<p><span style=\"font-weight: normal; font-size: 12pt\" lang=\"ES-TRAD\"><font face=\"Arial\"><o:p>\u00a0<\/o:p><\/font><\/span><span style=\"font-weight: normal; font-size: 12pt\" lang=\"ES-TRAD\"><o:p><font face=\"Arial\">\u00a0<\/font><\/o:p><\/span><\/p>\n<p style=\"margin: 0cm 0cm 0pt\" class=\"MsoBodyText2\"><span style=\"font-weight: normal; font-size: 12pt\" lang=\"ES-TRAD\"><font face=\"Arial\">Los primeros autom\u00f3viles y la primera estaci\u00f3n del ferrocarril, tambi\u00e9n estuvieron<span>\u00a0 <\/span>junto a <st1:personname ProductID=\"la Alameda\" w:st=\"on\">La Alameda<\/st1:personname>, pero esta, a pesar de los muchos contratiempos y utilidades que ha tenido, jam\u00e1s dej\u00f3 de ser centro de reuni\u00f3n o de paseo obligado para los habitantes de la ciudad.<\/font><\/span><\/p>\n<p style=\"margin: 0cm 0cm 0pt\" class=\"MsoBodyText2\"><span style=\"font-weight: normal; font-size: 12pt\" lang=\"ES-TRAD\"><\/span><\/p>\n<p style=\"margin: 0cm 0cm 0pt\" class=\"MsoBodyText2\"><span style=\"font-weight: normal; font-size: 12pt\" lang=\"ES-TRAD\"><\/span><\/p>\n<p><span style=\"font-weight: normal; font-size: 12pt\" lang=\"ES-TRAD\"><font face=\"Arial\"><o:p>\u00a0<\/o:p><\/font><\/span><span style=\"font-size: 12pt\" lang=\"ES-TRAD\"><o:p><strong><font face=\"Arial\">\u00a0<\/font><\/strong><\/o:p><\/span><\/p>\n<p style=\"margin: 0cm 0cm 0pt\" class=\"MsoBodyText2\"><em><span style=\"font-weight: normal; font-size: 12pt\" lang=\"ES-TRAD\"><font face=\"Arial\">Si se consigue formar una alameda y que en ella, como se carece de otro paseo, existan las gentes de toda esfera, no hay duda en que se remediar\u00e1n muchos excesos.<\/font><\/span><\/em><\/p>\n<p style=\"margin: 0cm 0cm 0pt\" class=\"MsoBodyText2\"><em><span style=\"font-weight: normal; font-size: 12pt\" lang=\"ES-TRAD\"><\/span><\/em><\/p>\n<p style=\"margin: 0cm 0cm 0pt\" class=\"MsoBodyText2\"><em><span style=\"font-weight: normal; font-size: 12pt\" lang=\"ES-TRAD\"><\/span><\/em><\/p>\n<p><em><span style=\"font-weight: normal; font-size: 12pt\" lang=\"ES-TRAD\"><font face=\"Arial\"><o:p>\u00a0<\/o:p><\/font><\/span><\/em><span style=\"font-size: 12pt\" lang=\"ES-TRAD\"><o:p><font face=\"Arial\">\u00a0<\/font><\/o:p><\/span><\/p>\n<p style=\"margin: 0cm 0cm 0pt; text-align: justify\" class=\"MsoNormal\"><span style=\"font-size: 12pt\" lang=\"ES-TRAD\"><font face=\"Arial\">Existe en nuestra Alameda un conjunto escult\u00f3rico, obra de Juan Velasco Perdomo, en atenci\u00f3n a la an\u00e9cdota del cronista J. Guadalupe Ram\u00edrez Alvarez, quien dice que en ese lugar de <st1:personname ProductID=\"la Alameda\" w:st=\"on\">La Alameda<\/st1:personname>, nuestro querid\u00edsimo amigo, &#8211; ya fallecido -, el compositor oaxaque\u00f1o, Jos\u00e9 L\u00f3pez Alavez, compuso \u201c<st1:personname ProductID=\"La Canci\u00f3n Mixteca\" w:st=\"on\">La Canci\u00f3n Mixteca<\/st1:personname>\u201d, mientras era soldado villista, en su paso por la ciudad.<\/font><\/span><\/p>\n<p style=\"margin: 0cm 0cm 0pt; text-align: justify\" class=\"MsoNormal\"><span style=\"font-size: 12pt\" lang=\"ES-TRAD\"><\/span><\/p>\n<p style=\"margin: 0cm 0cm 0pt; text-align: justify\" class=\"MsoNormal\"><span style=\"font-size: 12pt\" lang=\"ES-TRAD\"><\/span><\/p>\n<p><span style=\"font-size: 12pt\" lang=\"ES-TRAD\"><font face=\"Arial\"><o:p>\u00a0<\/o:p><\/font><\/span><span style=\"font-size: 12pt\" lang=\"ES-TRAD\"><o:p><font face=\"Arial\">\u00a0<\/font><\/o:p><\/span><\/p>\n<p style=\"margin: 0cm 0cm 0pt; text-align: justify\" class=\"MsoNormal\"><span style=\"font-size: 12pt\" lang=\"ES-TRAD\"><font face=\"Arial\">A mediados del<span>\u00a0 <\/span>siglo XX, en un intento m\u00e1s de darle \u201csu lugar\u201d, a <st1:personname ProductID=\"la Alameda\" w:st=\"on\">La Alameda<\/st1:personname>, tuvo \u201cmerenderos\u201d, bancas abundantes y alumbrado con farolas de \u00e9poca, adem\u00e1s de vigilancia.<\/font><\/span><\/p>\n<p style=\"margin: 0cm 0cm 0pt; text-align: justify\" class=\"MsoNormal\"><span style=\"font-size: 12pt\" lang=\"ES-TRAD\"><\/span><\/p>\n<p style=\"margin: 0cm 0cm 0pt; text-align: justify\" class=\"MsoNormal\"><span style=\"font-size: 12pt\" lang=\"ES-TRAD\"><\/span><\/p>\n<p><span style=\"font-size: 12pt\" lang=\"ES-TRAD\"><font face=\"Arial\"><o:p>\u00a0<\/o:p><\/font><\/span><span style=\"font-size: 12pt\" lang=\"ES-TRAD\"><o:p><strong><font face=\"Arial\">\u00a0<\/font><\/strong><\/o:p><\/span><\/p>\n<p style=\"margin: 0cm 0cm 0pt\" class=\"MsoBodyText2\"><em><span style=\"font-weight: normal; font-size: 12pt\" lang=\"ES-TRAD\"><font face=\"Arial\">Lo he alentado haciendo delinear el lugar m\u00e1s plano y de mejores proporciones en que pueda formarse con m\u00e1s de seis mil \u00e1rboles, comenzando por una calle de ochocientas varas de largo, con sus respectivas carreras para coches y gente de a pie. A rematar en una plazuela que formar\u00e1 unas noventa calles. <\/font><\/span><\/em><\/p>\n<p style=\"margin: 0cm 0cm 0pt\" class=\"MsoBodyText2\"><em><span style=\"font-weight: normal; font-size: 12pt\" lang=\"ES-TRAD\"><\/span><\/em><\/p>\n<p style=\"margin: 0cm 0cm 0pt\" class=\"MsoBodyText2\"><em><span style=\"font-weight: normal; font-size: 12pt\" lang=\"ES-TRAD\"><\/span><\/em><\/p>\n<p><em><span style=\"font-weight: normal; font-size: 12pt\" lang=\"ES-TRAD\"><font face=\"Arial\"><o:p>\u00a0<\/o:p><\/font><\/span><\/em><span style=\"font-size: 12pt\" lang=\"ES-TRAD\"><o:p><font face=\"Arial\">\u00a0<\/font><\/o:p><\/span><\/p>\n<p style=\"margin: 0cm 0cm 0pt\" class=\"MsoBodyText\"><span style=\"font-size: 12pt\" lang=\"ES-TRAD\"><font face=\"Arial\">Esta obra pensada para darle un mejor equipamiento a la ciudad, tiene entre sus cercan\u00edas obras de Manuel Tols\u00e1 y Tres Guerras, como es el Convento y Capilla de \u201c Teresitas\u201d y m\u00e1s adelante el templo y convento de Santa Rosa de Viterbo, obra de Mariano de Las casas, que desde lejos hermosean el Paseo alamedado y dan la oportunidad de verlo, como dice Eduardo Loarca, como un \u201cHortus Conclusus\u201d, donde la espiritualidad del queretano crezca.<\/font><\/span><\/p>\n<p style=\"margin: 0cm 0cm 0pt\" class=\"MsoBodyText\"><span style=\"font-size: 12pt\" lang=\"ES-TRAD\"><\/span><\/p>\n<p style=\"margin: 0cm 0cm 0pt\" class=\"MsoBodyText\"><span style=\"font-size: 12pt\" lang=\"ES-TRAD\"><\/span><\/p>\n<p><span style=\"font-size: 12pt\" lang=\"ES-TRAD\"><font face=\"Arial\"><o:p>\u00a0<\/o:p><\/font><\/span><span style=\"font-size: 12pt\" lang=\"ES-TRAD\"><o:p><font face=\"Arial\">\u00a0<\/font><\/o:p><\/span><\/p>\n<p style=\"margin: 0cm 0cm 0pt\" class=\"MsoBodyText\"><em><span style=\"font-size: 12pt\" lang=\"ES-TRAD\"><font face=\"Arial\">El primer plant\u00edo se hizo en este terreno, donado al municipio y que fuera parte de <st1:personname ProductID=\"la Hacienda\" w:st=\"on\">la Hacienda<\/st1:personname> de Carretas,<span>\u00a0 <\/span>de 1341 \u00e1rboles.<\/font><\/span><\/em><\/p>\n<p style=\"margin: 0cm 0cm 0pt\" class=\"MsoBodyText\"><em><span style=\"font-size: 12pt\" lang=\"ES-TRAD\"><\/span><\/em><\/p>\n<p style=\"margin: 0cm 0cm 0pt\" class=\"MsoBodyText\"><em><span style=\"font-size: 12pt\" lang=\"ES-TRAD\"><\/span><\/em><\/p>\n<p><em><span style=\"font-size: 12pt\" lang=\"ES-TRAD\"><font face=\"Arial\"><o:p>\u00a0<\/o:p><\/font><\/span><\/em><span style=\"font-size: 12pt\" lang=\"ES-TRAD\"><o:p><font face=\"Arial\">\u00a0<\/font><\/o:p><\/span><\/p>\n<p style=\"margin: 0cm 0cm 0pt\" class=\"MsoBodyText\"><span style=\"font-size: 12pt\" lang=\"ES-TRAD\"><font face=\"Arial\">La escultura de Crist\u00f3bal Col\u00f3n, colocada en1894, con motivo del cuarto centenario del encuentro de Am\u00e9rica con Occidente, ahora colocada en el lado sur de <st1:personname ProductID=\"la Alameda\" w:st=\"on\">la Alameda<\/st1:personname>, tiene una columna que en un principio sirvi\u00f3 de base a la estatua de El Marqu\u00e9s, en <st1:personname ProductID=\"la Plaza\" w:st=\"on\">la Plaza<\/st1:personname> de Armas.<\/font><\/span><\/p>\n<p style=\"margin: 0cm 0cm 0pt\" class=\"MsoBodyText\"><span style=\"font-size: 12pt\" lang=\"ES-TRAD\"><\/span><\/p>\n<p style=\"margin: 0cm 0cm 0pt\" class=\"MsoBodyText\"><span style=\"font-size: 12pt\" lang=\"ES-TRAD\"><\/span><\/p>\n<p><span style=\"font-size: 12pt\" lang=\"ES-TRAD\"><font face=\"Arial\"><o:p>\u00a0<\/o:p><\/font><\/span><span style=\"font-size: 12pt\" lang=\"ES-TRAD\"><o:p><font face=\"Arial\">\u00a0<\/font><\/o:p><\/span><\/p>\n<p style=\"margin: 0cm 0cm 0pt\" class=\"MsoBodyText\"><span style=\"font-size: 12pt\" lang=\"ES-TRAD\"><font face=\"Arial\">La estatua de Benito Ju\u00e1rez, colocada al norte de <st1:personname ProductID=\"la Alameda\" w:st=\"on\">La Alameda<\/st1:personname> y al centro del camell\u00f3n de la calzada Zaragoza, fue retirada del lugar y llevada a San Juan Del R\u00edo en 1967.<\/font><\/span><\/p>\n<p style=\"margin: 0cm 0cm 0pt\" class=\"MsoBodyText\"><span style=\"font-size: 12pt\" lang=\"ES-TRAD\"><\/span><\/p>\n<p style=\"margin: 0cm 0cm 0pt\" class=\"MsoBodyText\"><span style=\"font-size: 12pt\" lang=\"ES-TRAD\"><\/span><\/p>\n<p><span style=\"font-size: 12pt\" lang=\"ES-TRAD\"><font face=\"Arial\"><o:p>\u00a0<\/o:p><\/font><\/span><span style=\"font-size: 12pt\" lang=\"ES-TRAD\"><o:p><font face=\"Arial\">\u00a0<\/font><\/o:p><\/span><span style=\"font-size: 12pt\" lang=\"ES-TRAD\"><font face=\"Arial\">La estatua erigida a<span>\u00a0 <\/span>Miguel Hidalgo, forma parte de <st1:personname ProductID=\"la Alameda\" w:st=\"on\">La Alameda<\/st1:personname>, est\u00e1 en el centro y en medio de la fuente, es una<span>\u00a0 <\/span>hermosa escultura al Padre de <st1:personname ProductID=\"la Patria\" w:st=\"on\">la Patria<\/st1:personname>, realizada en la \u201cFundici\u00f3n art\u00edstica Nacional\u201d, del pueblo de Tacuba, ahora parte de la ciudad de M\u00e9xico.<o:p><\/o:p><\/font><\/span><span style=\"font-size: 12pt\" lang=\"ES-TRAD\"><o:p><font face=\"Arial\">\u00a0<\/font><\/o:p><\/span><\/p>\n<p style=\"margin: 0cm 0cm 0pt\" class=\"MsoBodyText\"><span style=\"font-size: 12pt\" lang=\"ES-TRAD\"><font face=\"Arial\">La portada, estilo toscano, que tiene actualmente <st1:personname ProductID=\"la Alameda\" w:st=\"on\">La Alameda<\/st1:personname>, fue dise\u00f1ada por el maestro Agust\u00edn Rivera y Antonio Loyola Vera, la herrer\u00eda es de los hermanos, Mart\u00ednez L\u00e1zaro y Domingo Galv\u00e1n.<\/font><\/span><\/p>\n<p style=\"margin: 0cm 0cm 0pt\" class=\"MsoBodyText\"><span style=\"font-size: 12pt\" lang=\"ES-TRAD\"><\/span><\/p>\n<p style=\"margin: 0cm 0cm 0pt\" class=\"MsoBodyText\"><span style=\"font-size: 12pt\" lang=\"ES-TRAD\"><\/span><\/p>\n<p><span style=\"font-size: 12pt\" lang=\"ES-TRAD\"><font face=\"Arial\"><o:p>\u00a0<\/o:p><\/font><\/span><span style=\"font-size: 12pt\" lang=\"ES-TRAD\"><o:p><font face=\"Arial\">\u00a0<\/font><\/o:p><\/span><\/p>\n<p style=\"margin: 0cm 0cm 0pt\" class=\"MsoBodyText\"><font face=\"Arial\"><em><span style=\"font-size: 12pt\" lang=\"ES-TRAD\">Desde hace mucho tiempo que los queretanos sent\u00edamos en el fondo de nosotros mismos la culpa del pecado de abandono de este lugar, donde pasamos horas inolvidables ya como ni\u00f1os, ya como j\u00f3venes, como adultos o como ancianos<\/span><\/em><span style=\"font-size: 12pt\" lang=\"ES-TRAD\">. Palabras del maestro<em> <\/em>Eduardo Loarca Castillo, cronista de la ciudad.<\/span><\/font><\/p>\n<p style=\"margin: 0cm 0cm 0pt\" class=\"MsoBodyText\"><font face=\"Arial\"><span style=\"font-size: 12pt\" lang=\"ES-TRAD\"><\/span><\/font><\/p>\n<p style=\"margin: 0cm 0cm 0pt\" class=\"MsoBodyText\"><font face=\"Arial\"><span style=\"font-size: 12pt\" lang=\"ES-TRAD\"><\/span><\/font><\/p>\n<p><font face=\"Arial\"><span style=\"font-size: 12pt\" lang=\"ES-TRAD\"><o:p>\u00a0<\/o:p><\/span><\/font><span style=\"font-size: 12pt\" lang=\"ES-TRAD\"><o:p><font face=\"Arial\">\u00a0<\/font><\/o:p><\/span><\/p>\n<p style=\"margin: 0cm 0cm 0pt\" class=\"MsoBodyText\"><span style=\"font-size: 12pt\" lang=\"ES-TRAD\"><font face=\"Arial\">Aquel Quer\u00e9taro del siglo XVlll. De donde saliera la idea de un Gran Paseo Arbolado, una Alameda, estaba en su esplendor, sin saber que este llegar\u00eda pronto a su fin, al menos por el momento.<\/font><\/span><\/p>\n<p style=\"margin: 0cm 0cm 0pt\" class=\"MsoBodyText\"><span style=\"font-size: 12pt\" lang=\"ES-TRAD\"><\/span><\/p>\n<p style=\"margin: 0cm 0cm 0pt\" class=\"MsoBodyText\"><span style=\"font-size: 12pt\" lang=\"ES-TRAD\"><\/span><\/p>\n<p><span style=\"font-size: 12pt\" lang=\"ES-TRAD\"><font face=\"Arial\"><o:p>\u00a0<\/o:p><\/font><\/span><span style=\"font-size: 12pt\" lang=\"ES-TRAD\"><o:p><font face=\"Arial\">\u00a0<\/font><\/o:p><\/span><\/p>\n<p style=\"margin: 0cm 0cm 0pt\" class=\"MsoBodyText\"><span style=\"font-size: 12pt\" lang=\"ES-TRAD\"><font face=\"Arial\">En el a\u00f1o de 1700, al cambio de la casa real de los Habsburgo por los Borbones, Quer\u00e9taro era corregimiento. Con la implantaci\u00f3n de intendencias, recibi\u00f3 el nombramiento de Corregimiento de Letras por c\u00e9dula real de Carlos lV, firmada en Aranjuez el 17 de junio de 1794, con atribuciones este Corregimiento de justicia, polic\u00eda, hacienda y guerra, el primer Corregidor de Quer\u00e9taro fue el creador de <st1:personname ProductID=\"la Alameda\" w:st=\"on\">La Alameda<\/st1:personname>, Jos\u00e9 Ignacio Ruiz Calado.<\/font><\/span><\/p>\n<p style=\"margin: 0cm 0cm 0pt\" class=\"MsoBodyText\"><span style=\"font-size: 12pt\" lang=\"ES-TRAD\"><\/span><\/p>\n<p style=\"margin: 0cm 0cm 0pt\" class=\"MsoBodyText\"><span style=\"font-size: 12pt\" lang=\"ES-TRAD\"><\/span><\/p>\n<p><span style=\"font-size: 12pt\" lang=\"ES-TRAD\"><font face=\"Arial\"><o:p>\u00a0<\/o:p><\/font><\/span><span style=\"font-size: 12pt\" lang=\"ES-TRAD\"><o:p><font face=\"Arial\">\u00a0<\/font><\/o:p><\/span><\/p>\n<p style=\"margin: 0cm 0cm 0pt\" class=\"MsoBodyText\"><span style=\"font-size: 12pt\" lang=\"ES-TRAD\"><font face=\"Arial\">En ese entonces hab\u00eda en la ciudad de Santiago de Quer\u00e9taro, cuarenta mil habitantes entre espa\u00f1oles e ind\u00edgenas, 23 obrajes de pa\u00f1os finos, adem\u00e1s de trapiches de jergas y frazadas, tener\u00edas y comercios de alimentos, 96 haciendas, la real f\u00e1brica de tabacos, una alh\u00f3ndiga, bien abastecida de ma\u00edz y trigo.<\/font><\/span><\/p>\n<p style=\"margin: 0cm 0cm 0pt\" class=\"MsoBodyText\"><span style=\"font-size: 12pt\" lang=\"ES-TRAD\"><\/span><\/p>\n<p style=\"margin: 0cm 0cm 0pt\" class=\"MsoBodyText\"><span style=\"font-size: 12pt\" lang=\"ES-TRAD\"><\/span><\/p>\n<p><span style=\"font-size: 12pt\" lang=\"ES-TRAD\"><font face=\"Arial\"><o:p>\u00a0<\/o:p><\/font><\/span><span style=\"font-size: 12pt\" lang=\"ES-TRAD\"><o:p><font face=\"Arial\">\u00a0<\/font><\/o:p><\/span><\/p>\n<p style=\"margin: 0cm 0cm 0pt\" class=\"MsoBodyText\"><span style=\"font-size: 12pt\" lang=\"ES-TRAD\"><font face=\"Arial\">Por esos d\u00edas, era el a\u00f1o de 1795, se expidieron<span>\u00a0 <\/span>Las Ordenanzas, en donde se dispon\u00eda para el mejor ordenamiento de la ciudad, la divisi\u00f3n<span>\u00a0 <\/span>en tres cuarteles mayores y estos a su vez, en tres cuarteles menores cada uno, mas un alcalde de barrio.<\/font><\/span><\/p>\n<p style=\"margin: 0cm 0cm 0pt\" class=\"MsoBodyText\"><span style=\"font-size: 12pt\" lang=\"ES-TRAD\"><\/span><\/p>\n<p style=\"margin: 0cm 0cm 0pt\" class=\"MsoBodyText\"><span style=\"font-size: 12pt\" lang=\"ES-TRAD\"><\/span><\/p>\n<p><span style=\"font-size: 12pt\" lang=\"ES-TRAD\"><font face=\"Arial\"><o:p>\u00a0<\/o:p><\/font><\/span><span style=\"font-size: 12pt\" lang=\"ES-TRAD\"><o:p><font face=\"Arial\">\u00a0<\/font><\/o:p><\/span><\/p>\n<p style=\"margin: 0cm 0cm 0pt\" class=\"MsoBodyText\"><font face=\"Arial\"><em><span style=\"font-size: 12pt\" lang=\"ES-TRAD\">A pesar de la prosperidad, bonanza y esplendor de que se disfrutaba en Quer\u00e9taro, hab\u00eda latente un estado de inconformidad en contra de las autoridades espa\u00f1olas<\/span><\/em><span style=\"font-size: 12pt\" lang=\"ES-TRAD\">. Se\u00f1ala el maestro e historiador don Manuel Septi\u00e9n.<\/span><\/font><\/p>\n<p style=\"margin: 0cm 0cm 0pt\" class=\"MsoBodyText\"><font face=\"Arial\"><span style=\"font-size: 12pt\" lang=\"ES-TRAD\"><\/span><\/font><\/p>\n<p style=\"margin: 0cm 0cm 0pt\" class=\"MsoBodyText\"><font face=\"Arial\"><span style=\"font-size: 12pt\" lang=\"ES-TRAD\"><\/span><\/font><\/p>\n<p><font face=\"Arial\"><span style=\"font-size: 12pt\" lang=\"ES-TRAD\"><o:p>\u00a0<\/o:p><\/span><\/font><em><span lang=\"ES-TRAD\"><o:p><font size=\"5\" face=\"Arial\">\u00a0<\/font><\/o:p><\/span><\/em><span lang=\"ES-TRAD\"><o:p><font size=\"5\" face=\"Arial\">\u00a0<\/font><\/o:p><\/span><\/p>\n","protected":false},"excerpt":{"rendered":"<p>El Paseo de la Alameda \u00a0 \u00a0\u00a0\u00a0 El gran proyecto a\u00fan por realizarse.\u00a0\u00a0\u00a0\u00a0 Historia y tradici\u00f3n \u00a0\u00a0\u00a0\u00a0\u00a0\u00a0\u00a0\u00a0\u00a0\u00a0\u00a0\u00a0\u00a0\u00a0\u00a0\u00a0\u00a0\u00a0\u00a0\u00a0\u00a0\u00a0\u00a0\u00a0\u00a0\u00a0\u00a0\u00a0\u00a0\u00a0\u00a0\u00a0\u00a0 \u00a0\u00a0 Con la celebraci\u00f3n de 40 corridas de toros, para recolectar un fondo de cuatro mil pesos, necesarios para la empresa, un terreno donado por Ram\u00f3n Samaniego,\u00a0 propietario de la hacienda de Carretas, la plantaci\u00f3n de 1341 \u00e1rboles, [&hellip;]<\/p>\n","protected":false},"author":249,"featured_media":0,"comment_status":"open","ping_status":"closed","sticky":false,"template":"","format":"standard","meta":{"footnotes":""},"categories":[8],"tags":[],"class_list":["post-50","post","type-post","status-publish","format-standard","hentry","category-ciudad-de-queretaro"],"_links":{"self":[{"href":"https:\/\/eloficiodehistoriar.com.mx\/index.php?rest_route=\/wp\/v2\/posts\/50","targetHints":{"allow":["GET"]}}],"collection":[{"href":"https:\/\/eloficiodehistoriar.com.mx\/index.php?rest_route=\/wp\/v2\/posts"}],"about":[{"href":"https:\/\/eloficiodehistoriar.com.mx\/index.php?rest_route=\/wp\/v2\/types\/post"}],"author":[{"embeddable":true,"href":"https:\/\/eloficiodehistoriar.com.mx\/index.php?rest_route=\/wp\/v2\/users\/249"}],"replies":[{"embeddable":true,"href":"https:\/\/eloficiodehistoriar.com.mx\/index.php?rest_route=%2Fwp%2Fv2%2Fcomments&post=50"}],"version-history":[{"count":0,"href":"https:\/\/eloficiodehistoriar.com.mx\/index.php?rest_route=\/wp\/v2\/posts\/50\/revisions"}],"wp:attachment":[{"href":"https:\/\/eloficiodehistoriar.com.mx\/index.php?rest_route=%2Fwp%2Fv2%2Fmedia&parent=50"}],"wp:term":[{"taxonomy":"category","embeddable":true,"href":"https:\/\/eloficiodehistoriar.com.mx\/index.php?rest_route=%2Fwp%2Fv2%2Fcategories&post=50"},{"taxonomy":"post_tag","embeddable":true,"href":"https:\/\/eloficiodehistoriar.com.mx\/index.php?rest_route=%2Fwp%2Fv2%2Ftags&post=50"}],"curies":[{"name":"wp","href":"https:\/\/api.w.org\/{rel}","templated":true}]}}