{"id":52,"date":"2008-05-19T10:44:12","date_gmt":"2008-05-19T15:44:12","guid":{"rendered":"https:\/\/eloficiodehistoriar.com.mx\/?p=52"},"modified":"2008-05-19T16:14:55","modified_gmt":"2008-05-19T21:14:55","slug":"felicitaciones-a-eloficiodehistoriarcommx","status":"publish","type":"post","link":"https:\/\/eloficiodehistoriar.com.mx\/?p=52","title":{"rendered":"Felicitaciones a ELOFICIODEHISTORIAR.COM.MX"},"content":{"rendered":"<p><strong><span style=\"font-size: 18pt; color: #444444; font-family: Arial\"><a href=\"https:\/\/eloficiodehistoriar.com.mx\/wp-content\/uploads\/2008\/05\/escudo-pagina.jpg\" title=\"El Oficio de Historiar\"><img decoding=\"async\" src=\"https:\/\/eloficiodehistoriar.com.mx\/wp-content\/uploads\/2008\/05\/escudo-pagina.thumbnail.jpg\" alt=\"El Oficio de Historiar\" \/><\/a>Felicitaciones al nuevo portal eloficiodehistoriar.com.mx<o:p><\/o:p><\/span><\/strong><span style=\"color: #444444; font-family: Arial\"><o:p>\u00a0<\/o:p><\/span><span style=\"color: #444444; font-family: Arial\"><o:p>\u00a0<\/o:p><\/span><span style=\"color: #444444; font-family: Arial\"><o:p>\u00a0<\/o:p><\/span><strong><span style=\"color: #444444; font-family: Arial\">Mil felicidades! La seguir\u00e9. Un abrazo, Marta Eugenia<br \/>\nA Jos\u00e9 F\u00e9lix Zavala<span>\u00a0 <\/span><br \/>\nDe Marta Eugenia Garc\u00eda Ugarte<o:p><\/o:p><\/span><\/strong><strong><span style=\"color: #444444; font-family: Arial\"><o:p>\u00a0<\/o:p><\/span><\/strong><\/p>\n<p style=\"margin: 0cm 0cm 0pt\" class=\"MsoNormal\"><strong><span style=\"color: #444444; font-family: Arial\"><\/span><\/strong><\/p>\n<p style=\"margin: 0cm 0cm 0pt\" class=\"MsoNormal\"><strong><span style=\"color: #444444; font-family: Arial\"><\/span><\/strong><\/p>\n<p style=\"margin: 0cm 0cm 0pt\" class=\"MsoNormal\"><strong><span style=\"color: #444444; font-family: Arial\"><\/span><\/strong><\/p>\n<p style=\"margin: 0cm 0cm 0pt\" class=\"MsoNormal\"><strong><span style=\"color: #444444; font-family: Arial\">Jos\u00e9 F\u00e9lix Zavala:<\/span><\/strong><\/p>\n<p><strong><span style=\"color: #444444; font-family: Arial\">muchas gracias por la invitaci\u00f3n, sobre todo<br \/>\ntrat\u00e1ndose de una persona como usted, dedicada y<br \/>\nprofesional.<br \/>\nMe da gusto el encontrar en ese espacio a otras<br \/>\npersonas, que como usted, han hecho con su pensar y su<br \/>\ncompromiso lugares para la propuesta inteligente y<br \/>\nsensible.<br \/>\nQueda de usted<br \/>\nAtentamente<br \/>\nFernando Corzantes<\/span><\/strong><strong><span style=\"color: #444444; font-family: Arial\"> <\/span><\/strong><strong><span style=\"color: #444444; font-family: Arial\"><o:p><\/o:p><\/span><\/strong><\/p>\n<p style=\"margin: 0cm 0cm 0pt\" class=\"MsoNormal\"><strong><span style=\"color: #444444; font-family: Arial\"><\/span><\/strong><\/p>\n<p style=\"margin: 0cm 0cm 0pt\" class=\"MsoNormal\"><strong><span style=\"color: #444444; font-family: Arial\"><\/span><\/strong><\/p>\n<p style=\"margin: 0cm 0cm 0pt\" class=\"MsoNormal\"><strong><span style=\"color: #444444; font-family: Arial\"><\/span><\/strong><\/p>\n<p><strong><span style=\"color: #444444; font-family: Arial\">Gracias maestro F\u00e9lix, celebro este nuevo espacio que creo es de inter\u00e9s de muchos. Me encantar\u00eda poder participar en alg\u00fan momento.<\/span><\/strong><strong><span style=\"color: #444444; font-family: Arial\">Un abrazo<\/p>\n<p>To\u00f1o Flores<o:p><\/o:p><\/span><\/strong><strong><span style=\"color: #444444; font-family: Arial\"><o:p>\u00a0<\/o:p><\/span><\/strong><\/p>\n<p style=\"margin: 0cm 0cm 0pt\" class=\"MsoNormal\"><strong><span style=\"color: #444444; font-family: Arial\"><\/span><\/strong><\/p>\n<p style=\"margin: 0cm 0cm 0pt\" class=\"MsoNormal\"><strong><span style=\"color: #444444; font-family: Arial\"><\/span><\/strong><\/p>\n<p style=\"margin: 0cm 0cm 0pt\" class=\"MsoNormal\"><strong><span style=\"color: #444444; font-family: Arial\"><\/span><\/strong><\/p>\n<p><strong><span style=\"color: #444444; font-family: Arial\">Felix:<br \/>\n<span>\u00a0<\/span><br \/>\nFelicidades, se que es muy dificil empezar un nuevo proyecto y m\u00e1s como historiador.<br \/>\n<span>\u00a0<\/span><br \/>\nTe informo que hace m\u00e1s de 15 dias, deje a Diario de Quer\u00e9taro, de nuevo soy independiente, dime en que te puedo apoyar con imagenes, que sea algo dentro de la ciudad por el momento, puedo desempolvar mis archivos o realizar nuevos reportajes, siempre y cuando me asesores&#8230;<br \/>\n<span>\u00a0<\/span><br \/>\nTu amigo de siempre: Jes\u00fas Ontiveros<o:p><\/o:p><\/span><\/strong><strong><span style=\"color: #444444; font-family: Arial\"><o:p>\u00a0<\/o:p><\/span><\/strong><\/p>\n<p style=\"background: white; margin: 0cm 0cm 0pt\" class=\"MsoNormal\"><strong><span style=\"color: black; font-family: Arial\"><\/span><\/strong><\/p>\n<p style=\"background: white; margin: 0cm 0cm 0pt\" class=\"MsoNormal\"><strong><span style=\"color: black; font-family: Arial\"><\/span><\/strong><\/p>\n<p style=\"background: white; margin: 0cm 0cm 0pt\" class=\"MsoNormal\"><strong><span style=\"color: black; font-family: Arial\"><\/span><\/strong><\/p>\n<p><strong><span style=\"color: black; font-family: Arial\">Te felicito.\u00a0 Ya estuve en tu p\u00e1gina y me parece excelente.\u00a0 Por favor, ponte en contacto<span>\u00a0 <\/span>y vamos a publicar el v\u00ednculo de tu p\u00e1gina en El Observador.\u00a0 Saludos muy cordiales:<o:p><\/o:p><\/span><\/strong><strong><span style=\"color: black; font-family: Arial\">Jaime<o:p><\/o:p><\/span><\/strong><strong><span style=\"color: black; font-family: Arial\">De Jaime Septi\u00e9n Crespo<o:p><\/o:p><\/span><\/strong><strong><span style=\"color: black; font-family: Arial\"><o:p>\u00a0<\/o:p><\/span><\/strong><\/p>\n","protected":false},"excerpt":{"rendered":"<p>Felicitaciones al nuevo portal eloficiodehistoriar.com.mx\u00a0\u00a0\u00a0Mil felicidades! La seguir\u00e9. Un abrazo, Marta Eugenia A Jos\u00e9 F\u00e9lix Zavala\u00a0 De Marta Eugenia Garc\u00eda Ugarte\u00a0 Jos\u00e9 F\u00e9lix Zavala: muchas gracias por la invitaci\u00f3n, sobre todo trat\u00e1ndose de una persona como usted, dedicada y profesional. Me da gusto el encontrar en ese espacio a otras personas, que como usted, han [&hellip;]<\/p>\n","protected":false},"author":249,"featured_media":0,"comment_status":"open","ping_status":"closed","sticky":false,"template":"","format":"standard","meta":{"footnotes":""},"categories":[26],"tags":[],"class_list":["post-52","post","type-post","status-publish","format-standard","hentry","category-mundo"],"_links":{"self":[{"href":"https:\/\/eloficiodehistoriar.com.mx\/index.php?rest_route=\/wp\/v2\/posts\/52","targetHints":{"allow":["GET"]}}],"collection":[{"href":"https:\/\/eloficiodehistoriar.com.mx\/index.php?rest_route=\/wp\/v2\/posts"}],"about":[{"href":"https:\/\/eloficiodehistoriar.com.mx\/index.php?rest_route=\/wp\/v2\/types\/post"}],"author":[{"embeddable":true,"href":"https:\/\/eloficiodehistoriar.com.mx\/index.php?rest_route=\/wp\/v2\/users\/249"}],"replies":[{"embeddable":true,"href":"https:\/\/eloficiodehistoriar.com.mx\/index.php?rest_route=%2Fwp%2Fv2%2Fcomments&post=52"}],"version-history":[{"count":1,"href":"https:\/\/eloficiodehistoriar.com.mx\/index.php?rest_route=\/wp\/v2\/posts\/52\/revisions"}],"predecessor-version":[{"id":12654,"href":"https:\/\/eloficiodehistoriar.com.mx\/index.php?rest_route=\/wp\/v2\/posts\/52\/revisions\/12654"}],"wp:attachment":[{"href":"https:\/\/eloficiodehistoriar.com.mx\/index.php?rest_route=%2Fwp%2Fv2%2Fmedia&parent=52"}],"wp:term":[{"taxonomy":"category","embeddable":true,"href":"https:\/\/eloficiodehistoriar.com.mx\/index.php?rest_route=%2Fwp%2Fv2%2Fcategories&post=52"},{"taxonomy":"post_tag","embeddable":true,"href":"https:\/\/eloficiodehistoriar.com.mx\/index.php?rest_route=%2Fwp%2Fv2%2Ftags&post=52"}],"curies":[{"name":"wp","href":"https:\/\/api.w.org\/{rel}","templated":true}]}}