{"id":55,"date":"2008-05-19T15:25:15","date_gmt":"2008-05-19T20:25:15","guid":{"rendered":"https:\/\/eloficiodehistoriar.com.mx\/?p=55"},"modified":"2008-05-19T15:56:40","modified_gmt":"2008-05-19T20:56:40","slug":"la-catedral-de-queretaro","status":"publish","type":"post","link":"https:\/\/eloficiodehistoriar.com.mx\/?p=55","title":{"rendered":"La Catedral de Quer\u00e9taro"},"content":{"rendered":"<p align=\"center\" style=\"margin: 0cm 0cm 0pt; text-align: center\" class=\"MsoNormal\"><strong><span style=\"font-size: 18pt; color: black; font-family: Arial\"><a href=\"https:\/\/eloficiodehistoriar.com.mx\/wp-content\/uploads\/2008\/05\/1423342755_c3efe1053a.jpg\" title=\"Catedral\"><img decoding=\"async\" src=\"https:\/\/eloficiodehistoriar.com.mx\/wp-content\/uploads\/2008\/05\/1423342755_c3efe1053a.thumbnail.jpg\" alt=\"Catedral\" \/><\/a>Historia de <st1:personname ProductID=\"la Catedral\" w:st=\"on\">la Catedral<\/st1:personname> de Quer\u00e9taro hasta su actual sede en el Templo de San Felipe Neri<\/span><\/strong><\/p>\n<p align=\"center\" style=\"margin: 0cm 0cm 0pt; text-align: center\" class=\"MsoNormal\"><strong><span style=\"font-size: 18pt; color: black; font-family: Arial\"><\/span><\/strong><\/p>\n<p align=\"center\" style=\"margin: 0cm 0cm 0pt; text-align: center\" class=\"MsoNormal\"><strong><span style=\"font-size: 18pt; color: black; font-family: Arial\"><\/span><\/strong><\/p>\n<p><strong><span style=\"font-size: 18pt; color: black; font-family: Arial\"><o:p>\u00a0<\/o:p><\/span><\/strong><span style=\"font-size: 18pt; color: black; font-family: Arial\"><o:p>\u00a0<\/o:p><\/span><\/p>\n<p style=\"margin: 0cm 0cm 0pt; text-align: justify\" class=\"MsoNormal\"><st1:personname ProductID=\"la Di?cesis\" w:st=\"on\"><span style=\"color: black; font-family: Arial\">La Di\u00f3cesis<\/span><\/st1:personname><span style=\"color: black; font-family: Arial\"> de Quer\u00e9taro creada a la vez con otras de <st1:personname ProductID=\"la Rep?blica\" w:st=\"on\">la Rep\u00fablica<\/st1:personname> por Bula de P\u00edo IX expedida en Roma<span>\u00a0 <\/span>en el Consistorio de 1863, y llevada a efecto por el primer obispo de Le\u00f3n Sr. Dr. Jos\u00e9<span>\u00a0 <\/span>Mar\u00eda D\u00edez de Sollano el 7 de Febrero del a\u00f1os siguiente, tuvo como asiento de la primera catedral la parroquia de Santiago de <st1:personname ProductID=\"la Ciudad Capital\" w:st=\"on\">la Ciudad Capital<\/st1:personname>, hasta 1866, cuando por Rescripto de <st1:personname ProductID=\"la Segunda Congregaci?n\" w:st=\"on\">la Segunda Congregaci\u00f3n<\/st1:personname> de Negocios Extraordinarios, el segundo Obispo de Quer\u00e9taro Mons. Ram\u00f3n Camacho y Garc\u00eda consigui\u00f3 su traslado a <st1:personname ProductID=\"la Iglesia\" w:st=\"on\">la Iglesia<\/st1:personname> de San Francisco, que hab\u00eda sido entregada recientemente por las autoridades gubernamentales en <st1:personname ProductID=\"la Mitra Diocesana\" w:st=\"on\">la Mitra Diocesana<\/st1:personname>, despu\u00e9s de haber permanecido clausurada por alg\u00fan tiempo, y que por su amplitud y ubicaci\u00f3n en el centro de la ciudad, parec\u00eda la m\u00e1s indicada para la sede catedralicia.<\/span><\/p>\n<p style=\"margin: 0cm 0cm 0pt; text-align: justify\" class=\"MsoNormal\"><span style=\"color: black; font-family: Arial\"><\/span><\/p>\n<p style=\"margin: 0cm 0cm 0pt; text-align: justify\" class=\"MsoNormal\"><span style=\"color: black; font-family: Arial\"><\/span><\/p>\n<p><span style=\"color: black; font-family: Arial\"><o:p>\u00a0<\/o:p><\/span><span style=\"color: black; font-family: Arial\"><o:p>\u00a0<\/o:p><\/span><span style=\"color: black; font-family: Arial\">Del Templo de San Francisco se mud\u00f3 al de la Congregaci\u00f3n de Nuestra Se\u00f1ora de Guadalupe en Enero de 1911, porque los frailes franciscanos hab\u00edan conseguido la devoluci\u00f3n de su iglesia por fallo de la S. Congregaci\u00f3n de Religiosos a favor de la Orden.<o:p><\/o:p><\/span><\/p>\n<p style=\"margin: 0cm 0cm 0pt; text-align: justify\" class=\"MsoNormal\">&nbsp;<\/p>\n<p style=\"margin: 0cm 0cm 0pt; text-align: justify\" class=\"MsoNormal\">&nbsp;<\/p>\n<p><span style=\"color: black; font-family: Arial\"><o:p>\u00a0<\/o:p><\/span><\/p>\n<p style=\"margin: 0cm 0cm 0pt; text-align: justify\" class=\"MsoNormal\"><span style=\"color: black; font-family: Arial\">El Cango. Mansionario Francisco Paul\u00edn G. de quien hemos obtenido estos informes, no refiere c\u00f3mo <st1:personname ProductID=\"la Catedral\" w:st=\"on\">la Catedral<\/st1:personname> lleg\u00f3 por fin a establecerse en San Felipe Neri, tras de una temporal permanencia en el de <st1:personname ProductID=\"la Congregaci?n\" w:st=\"on\">la Congregaci\u00f3n<\/st1:personname> de Nuestra Se\u00f1ora de Guadalupe.<\/span><\/p>\n<p style=\"margin: 0cm 0cm 0pt; text-align: justify\" class=\"MsoNormal\"><span style=\"color: black; font-family: Arial\"><\/span><\/p>\n<p style=\"margin: 0cm 0cm 0pt; text-align: justify\" class=\"MsoNormal\"><span style=\"color: black; font-family: Arial\"><\/span><\/p>\n<p><span style=\"color: black; font-family: Arial\"><o:p>\u00a0<\/o:p><\/span><span style=\"color: black; font-family: Arial\"><o:p>\u00a0<\/o:p><\/span><span style=\"color: black; font-family: Arial\"><span>\u00a0<\/span>\u201cEl Excmo. Y Rvmo. Quinto Obispo de Quer\u00e9taro, Dr. Don Francisco Banegas (de feliz memoria), apenas llegado a Quer\u00e9taro propuso al V. Cabildo y a algunos sacerdotes ameritados, tres iglesias preguntando cual parec\u00eda, a su juicio, m\u00e1s apropiada para Catedral.<o:p><\/o:p><\/span><\/p>\n<p style=\"margin: 0cm 0cm 0pt; text-align: justify\" class=\"MsoNormal\">&nbsp;<\/p>\n<p style=\"margin: 0cm 0cm 0pt; text-align: justify\" class=\"MsoNormal\">&nbsp;<\/p>\n<p><span style=\"color: black; font-family: Arial\"><o:p>\u00a0<\/o:p><\/span><\/p>\n<p style=\"margin: 0cm 0cm 0pt; text-align: justify\" class=\"MsoNormal\"><span style=\"color: black; font-family: Arial\">Para algunos, como al entonces Cango. Don Pedro Vera y Zuria (despu\u00e9s Arzobispo de Puebla de loa \u00c1ngeles), parec\u00eda conveniente el Templo de San Antonio, que hab\u00eda pertenecido a una rama franciscana extinguida, c\u00e9ntrico y sin embargo retirado del bullicio popular, de estilo conventual muy sencillo, pero amplio y decoroso; a otros pareci\u00f3 mejor <st1:personname ProductID=\"la Iglesia\" w:st=\"on\">la Iglesia<\/st1:personname> de Santa Clara (hoy parroquial del Sagrado Coraz\u00f3n de Jes\u00fas), muy c\u00e9ntrica tambi\u00e9n, de bell\u00edsimo estilo churrigueresco y que hubiera podido adaptarse para Catedral.<\/span><\/p>\n<p style=\"margin: 0cm 0cm 0pt; text-align: justify\" class=\"MsoNormal\"><span style=\"color: black; font-family: Arial\"><\/span><\/p>\n<p style=\"margin: 0cm 0cm 0pt; text-align: justify\" class=\"MsoNormal\"><span style=\"color: black; font-family: Arial\"><\/span><\/p>\n<p><span style=\"color: black; font-family: Arial\"><o:p>\u00a0<\/o:p><\/span><span style=\"color: black; font-family: Arial\"><o:p>\u00a0<\/o:p><\/span><\/p>\n<p style=\"margin: 0cm 0cm 0pt; text-align: justify\" class=\"MsoNormal\"><span style=\"color: black; font-family: Arial\">Sin embargo, fue elegida la de San Felipe Neri cuya Comunidad se hab\u00eda extinguido y por su ubicaci\u00f3n y magnificencia pareci\u00f3 adecuada para trasladar a ella <st1:personname ProductID=\"la Catedral\" w:st=\"on\">la Catedral<\/st1:personname>, lo que se efectu\u00f3 como dijimos el 15 de Agosto de 1920.<\/span><\/p>\n<p style=\"margin: 0cm 0cm 0pt; text-align: justify\" class=\"MsoNormal\"><span style=\"color: black; font-family: Arial\"><\/span><\/p>\n<p style=\"margin: 0cm 0cm 0pt; text-align: justify\" class=\"MsoNormal\"><span style=\"color: black; font-family: Arial\"><\/span><\/p>\n<p><span style=\"color: black; font-family: Arial\"><o:p>\u00a0<\/o:p><\/span><span style=\"color: black; font-family: Arial\"><o:p>\u00a0<\/o:p><\/span><\/p>\n<p style=\"margin: 0cm 0cm 0pt; text-align: justify\" class=\"MsoNormal\"><span style=\"color: black; font-family: Arial\">Esta Iglesia comenz\u00f3 a construirse el 8 de Diciembre de 1786 y una vez terminada fue bendecida solemnemente por el Se\u00f1or Cura, Iniciador de Nuestra Independencia Nacional, Don Miguel Hidalgo y Costilla, entonces P\u00e1rroco de Dolores Hidalgo, Gto., el 19 de Septiembre de 1805;<\/span><\/p>\n<p style=\"margin: 0cm 0cm 0pt; text-align: justify\" class=\"MsoNormal\"><span style=\"color: black; font-family: Arial\"><\/span><\/p>\n<p style=\"margin: 0cm 0cm 0pt; text-align: justify\" class=\"MsoNormal\"><span style=\"color: black; font-family: Arial\"><\/span><\/p>\n<p><span style=\"color: black; font-family: Arial\"><o:p>\u00a0<\/o:p><\/span><span style=\"color: black; font-family: Arial\"><o:p>\u00a0<\/o:p><\/span><\/p>\n<p style=\"margin: 0cm 0cm 0pt; text-align: justify\" class=\"MsoNormal\"><span style=\"color: black; font-family: Arial\">Esta iglesia de una sola nave muy amplia, de estilo renacimiento muy puro, con su portada de rojo tezontle, y al presente est\u00e1 ricamente provista de vasos sagrados, ornamentos y dem\u00e1s objetos necesarios para su objeto.<\/span><\/p>\n<p style=\"margin: 0cm 0cm 0pt; text-align: justify\" class=\"MsoNormal\"><span style=\"color: black; font-family: Arial\"><\/span><\/p>\n<p style=\"margin: 0cm 0cm 0pt; text-align: justify\" class=\"MsoNormal\"><span style=\"color: black; font-family: Arial\"><\/span><\/p>\n<p><span style=\"color: black; font-family: Arial\"><o:p>\u00a0<\/o:p><\/span><span style=\"color: black; font-family: Arial\"><o:p>\u00a0<\/o:p><\/span><st1:personname ProductID=\"La S. Congregaci?n\" w:st=\"on\"><span style=\"color: black; font-family: Arial\">La S. Congregaci\u00f3n<\/span><\/st1:personname><span style=\"color: black; font-family: Arial\"> Consistorial, el 1 de Marzo de 1921, sancion\u00f3 la traslaci\u00f3n a esta Iglesia de <st1:personname ProductID=\"la Catedral\" w:st=\"on\">la Catedral<\/st1:personname> de Quer\u00e9taro, despu\u00e9s de haber sido informada de las vicisitudes de nuestra Iglesia Matriz.<o:p><\/o:p><\/span><\/p>\n<p style=\"margin: 0cm 0cm 0pt; text-align: justify\" class=\"MsoNormal\">&nbsp;<\/p>\n<p style=\"margin: 0cm 0cm 0pt; text-align: justify\" class=\"MsoNormal\">&nbsp;<\/p>\n<p><span style=\"color: black; font-family: Arial\"><o:p>\u00a0<\/o:p><\/span><\/p>\n<p style=\"margin: 0cm 0cm 0pt; text-align: justify\" class=\"MsoNormal\"><span style=\"color: black; font-family: Arial\">Posee <st1:personname ProductID=\"la Iglesia Catedral\" w:st=\"on\">la Iglesia Catedral<\/st1:personname> notables im\u00e1genes de los famosos escultores queretanos Arce, Perrusqu\u00eda y Montenegro, llamados los Marianos por llamarse as\u00ed los tres artistas;<\/span><\/p>\n<p style=\"margin: 0cm 0cm 0pt; text-align: justify\" class=\"MsoNormal\"><span style=\"color: black; font-family: Arial\"><\/span><\/p>\n<p><span style=\"color: black; font-family: Arial\"><o:p>\u00a0<\/o:p><\/span><span style=\"color: black; font-family: Arial\"><o:p>\u00a0<\/o:p><\/span><\/p>\n<p style=\"margin: 0cm 0cm 0pt; text-align: justify\" class=\"MsoNormal\"><span style=\"color: black; font-family: Arial\">Guarda tambi\u00e9n esculturas de Rodr\u00edguez y pinturas de Cabrera, as\u00ed como la galer\u00eda de los Obispos que han gobernado <st1:personname ProductID=\"la Di?cesis\" w:st=\"on\">la Di\u00f3cesis<\/st1:personname>, obra de varios pinceles. <\/span><\/p>\n<p style=\"margin: 0cm 0cm 0pt; text-align: justify\" class=\"MsoNormal\"><span style=\"color: black; font-family: Arial\"><\/span><\/p>\n<p style=\"margin: 0cm 0cm 0pt; text-align: justify\" class=\"MsoNormal\"><span style=\"color: black; font-family: Arial\"><\/span><\/p>\n<p><span style=\"color: black; font-family: Arial\"><o:p>\u00a0<\/o:p><\/span><span style=\"color: black; font-family: Arial\"><o:p>\u00a0<\/o:p><\/span><\/p>\n<p style=\"margin: 0cm 0cm 0pt; text-align: justify\" class=\"MsoNormal\"><span style=\"color: black; font-family: Arial\">Fue ritualmente consagrada el 30 de Junio de 1931 por el Excmo. Sr. Banegas. Transitoriamente, por pocos meses, y en dos ocasiones, cuando se ejecutaron importantes obras de adaptaci\u00f3n en el Templo de San Felipe Neri (1931) y cuando fue clausurado por orden del Gobernador del Estado, Don Saturnino Osornio (1934-1935), los actos de culto en <st1:personname ProductID=\"la Catedral\" w:st=\"on\">la Catedral<\/st1:personname> se efectuaron en la mencionada Iglesia de San Antonio.<\/span><\/p>\n<p style=\"margin: 0cm 0cm 0pt; text-align: justify\" class=\"MsoNormal\"><span style=\"color: black; font-family: Arial\"><\/span><\/p>\n<p style=\"margin: 0cm 0cm 0pt; text-align: justify\" class=\"MsoNormal\"><span style=\"color: black; font-family: Arial\"><\/span><\/p>\n<p><span style=\"color: black; font-family: Arial\"><o:p>\u00a0<\/o:p><\/span><span style=\"color: black; font-family: Arial\"><o:p>\u00a0<\/o:p><\/span><\/p>\n<p style=\"margin: 0cm 0cm 0pt; text-align: justify\" class=\"MsoNormal\"><span style=\"color: black; font-family: Arial\">Dichas obras de adaptaci\u00f3n consistieron, entre otras en quitar el altar mayor de estilo neocl\u00e1sico, rompiendo la armon\u00eda estil\u00edstica que se observaba en el interior del templo, para cambiar de lugar la imagen de San Felipe Neri a uno de los retablos situados a los pies del mismo templo; colocando en su lugar, dentro de una gran r\u00e1faga, la escultura de Santiago Ap\u00f3stol, Patrono Titular de <st1:personname ProductID=\"la Catedral\" w:st=\"on\">la Catedral<\/st1:personname> y de <st1:personname ProductID=\"la Di?cesis.\" w:st=\"on\">la Di\u00f3cesis.<\/st1:personname><\/span><\/p>\n<p style=\"margin: 0cm 0cm 0pt; text-align: justify\" class=\"MsoNormal\"><span style=\"color: black; font-family: Arial\"><st1:personname ProductID=\"la Di?cesis.\" w:st=\"on\"><\/st1:personname><\/span>\u00a0<\/p>\n<p style=\"margin: 0cm 0cm 0pt; text-align: justify\" class=\"MsoNormal\"><span style=\"color: black; font-family: Arial\"><st1:personname ProductID=\"la Di?cesis.\" w:st=\"on\"><\/st1:personname><\/span>\u00a0<\/p>\n<p><span style=\"color: black; font-family: Arial\"><st1:personname ProductID=\"la Di?cesis.\" w:st=\"on\"><\/st1:personname><o:p>\u00a0<\/o:p><\/span><span style=\"color: black; font-family: Arial\"><o:p>\u00a0<\/o:p><\/span><\/p>\n<p style=\"margin: 0cm 0cm 0pt; text-align: justify\" class=\"MsoNormal\"><span style=\"color: black; font-family: Arial\">En las \u00faltimas obras de remodelaci\u00f3n se suprimi\u00f3 dicha r\u00e1faga, quitando adem\u00e1s del p\u00falpito, las pinturas al \u00f3leo que ornaban las pechinas de la c\u00fapula con pasajes de la vida de San Felipe Neri, y tambi\u00e9n por desgracia (no estorbaban a nadie), las l\u00e1pidas sepulcrales de los Padres del Oratorio que se encontraban adosadas al muro de una de las capillas anexas.<\/span><\/p>\n<p style=\"margin: 0cm 0cm 0pt; text-align: justify\" class=\"MsoNormal\"><span style=\"color: black; font-family: Arial\"><\/span><\/p>\n<p style=\"margin: 0cm 0cm 0pt; text-align: justify\" class=\"MsoNormal\"><span style=\"color: black; font-family: Arial\"><\/span><\/p>\n<p><span style=\"color: black; font-family: Arial\"><o:p>\u00a0<\/o:p><\/span><span style=\"color: black; font-family: Arial\"><o:p>\u00a0<\/o:p><\/span><span style=\"color: black; font-family: Arial\">El edificio contiguo a <st1:personname ProductID=\"la Catedral\" w:st=\"on\">la Catedral<\/st1:personname>,<span>\u00a0 <\/span>residencia de los padres filipenses, convertido en un tiempo en degradante bodega.<o:p><\/o:p><\/span><span style=\"color: black; font-family: Arial\"><o:p>\u00a0<\/o:p><\/span><span style=\"color: black; font-family: Arial\"><o:p>\u00a0<\/o:p><\/span><span style=\"color: black; font-family: Arial\"><o:p>\u00a0<\/o:p><\/span><span style=\"color: black; font-family: Arial\"><o:p>\u00a0<\/o:p><\/span><span style=\"color: black; font-family: Arial\"><o:p>\u00a0<\/o:p><\/span><\/p>\n","protected":false},"excerpt":{"rendered":"<p>Historia de la Catedral de Quer\u00e9taro hasta su actual sede en el Templo de San Felipe Neri \u00a0\u00a0 La Di\u00f3cesis de Quer\u00e9taro creada a la vez con otras de la Rep\u00fablica por Bula de P\u00edo IX expedida en Roma\u00a0 en el Consistorio de 1863, y llevada a efecto por el primer obispo de Le\u00f3n Sr. [&hellip;]<\/p>\n","protected":false},"author":249,"featured_media":0,"comment_status":"open","ping_status":"closed","sticky":false,"template":"","format":"standard","meta":{"footnotes":""},"categories":[8],"tags":[],"class_list":["post-55","post","type-post","status-publish","format-standard","hentry","category-ciudad-de-queretaro"],"_links":{"self":[{"href":"https:\/\/eloficiodehistoriar.com.mx\/index.php?rest_route=\/wp\/v2\/posts\/55","targetHints":{"allow":["GET"]}}],"collection":[{"href":"https:\/\/eloficiodehistoriar.com.mx\/index.php?rest_route=\/wp\/v2\/posts"}],"about":[{"href":"https:\/\/eloficiodehistoriar.com.mx\/index.php?rest_route=\/wp\/v2\/types\/post"}],"author":[{"embeddable":true,"href":"https:\/\/eloficiodehistoriar.com.mx\/index.php?rest_route=\/wp\/v2\/users\/249"}],"replies":[{"embeddable":true,"href":"https:\/\/eloficiodehistoriar.com.mx\/index.php?rest_route=%2Fwp%2Fv2%2Fcomments&post=55"}],"version-history":[{"count":0,"href":"https:\/\/eloficiodehistoriar.com.mx\/index.php?rest_route=\/wp\/v2\/posts\/55\/revisions"}],"wp:attachment":[{"href":"https:\/\/eloficiodehistoriar.com.mx\/index.php?rest_route=%2Fwp%2Fv2%2Fmedia&parent=55"}],"wp:term":[{"taxonomy":"category","embeddable":true,"href":"https:\/\/eloficiodehistoriar.com.mx\/index.php?rest_route=%2Fwp%2Fv2%2Fcategories&post=55"},{"taxonomy":"post_tag","embeddable":true,"href":"https:\/\/eloficiodehistoriar.com.mx\/index.php?rest_route=%2Fwp%2Fv2%2Ftags&post=55"}],"curies":[{"name":"wp","href":"https:\/\/api.w.org\/{rel}","templated":true}]}}