{"id":70,"date":"2008-05-19T22:52:37","date_gmt":"2008-05-20T03:52:37","guid":{"rendered":"https:\/\/eloficiodehistoriar.com.mx\/?p=70"},"modified":"2008-05-19T22:52:37","modified_gmt":"2008-05-20T03:52:37","slug":"%c2%a1cantame-la-sandunga-ay-mama-%c2%a1no-me-llores-no","status":"publish","type":"post","link":"https:\/\/eloficiodehistoriar.com.mx\/?p=70","title":{"rendered":"\u00a1C\u00e1ntame La Sandunga, Ay mam\u00e1! \u00a1No me llores, no!"},"content":{"rendered":"<p><strong><span style=\"font-size: 16pt; font-family: Arial\">\u00a1C\u00e1ntame <st1:personname ProductID=\"La Sandunga\" w:st=\"on\">la Sandunga<\/st1:personname>, Ay mam\u00e1! \u00a1No me llores, no!<o:p><\/o:p><\/span><\/strong><\/p>\n<p style=\"margin: auto 0cm; text-align: justify\" class=\"author\"><span style=\"font-family: Arial\">El hijo de los Binni Zaa, el hijo de Ixhuat\u00e1n, el hijo de las cinco sangres, el hijo del grito, el hijo del parto de Martina, el compa\u00f1ero de Alfa, el padre de Cibeles,<span>\u00a0 <\/span>Andr\u00e9s Henestrosa Morales,<span>\u00a0 <\/span>al son de \u201c<st1:personname ProductID=\"La Martiniana\" w:st=\"on\">La Martiniana<\/st1:personname>\u201d dio cuenta de su raza y del dominio de una de las lenguas americanas m\u00e1s hermosas y completas, el Zapoteco, lo hizo desde el inicio hasta el t\u00e9rmino de su existencia de ciento un a\u00f1os: \u201cPienso y maldigo en zapoteco\u201d.<\/span><\/p>\n<p style=\"margin: auto 0cm; text-align: justify\" class=\"author\"><span style=\"font-family: Arial\"><\/span><\/p>\n<p style=\"margin: auto 0cm; text-align: justify\" class=\"author\"><span style=\"font-family: Arial\"><\/span><\/p>\n<p><span style=\"font-family: Arial\"><o:p>\u00a0<\/o:p><\/span><\/p>\n<p style=\"text-align: justify\"><span style=\"font-family: Arial\">A su llegada a la ciudad de M\u00e9xico en la d\u00e9cada de los 20\u00b4s del pasado siglo, apenas dominando el castellano y en virtud de su talento netamente zapoteco, entr\u00f3 al mundo del arte, la literatura y la pol\u00edtica.<\/span><\/p>\n<p style=\"text-align: justify\"><span style=\"font-family: Arial\"><\/span><\/p>\n<p><span style=\"font-family: Arial\"><o:p>\u00a0<\/o:p><\/span><\/p>\n<p style=\"margin: auto 0cm; text-align: justify\" class=\"author\"><span style=\"font-family: Arial\">Su experiencia centenaria le dec\u00eda que el hombre tiene un alma y un coraz\u00f3n por cada lengua que habla, con una visi\u00f3n clara y una honda percepci\u00f3n de ser indio en este pa\u00eds<\/span><\/p>\n<p style=\"margin: auto 0cm; text-align: justify\" class=\"author\"><span style=\"font-family: Arial\"><\/span><\/p>\n<p><span style=\"font-family: Arial\"><o:p>\u00a0<\/o:p><\/span><strong><span style=\"font-size: 10pt; font-family: Arial\">\u201cNi\u00f1a, cuando yo muera\/<o:p><\/o:p><\/span><\/strong><strong><span style=\"font-size: 10pt; font-family: Arial\">No llores sobre mi tumba, \/ <o:p><\/o:p><\/span><\/strong><strong><span style=\"font-size: 10pt; font-family: Arial\">Canta sones alegres, mam\u00e1, \/ <o:p><\/o:p><\/span><\/strong><strong><span style=\"font-size: 10pt; font-family: Arial\">C\u00e1ntame <st1:personname ProductID=\"La Sandunga\" w:st=\"on\">La Sandunga<\/st1:personname>\/\/<o:p><\/o:p><\/span><\/strong><strong><span style=\"font-size: 10pt; font-family: Arial\">No me llores, no, no me llores, no, \/ <o:p><\/o:p><\/span><\/strong><strong><span style=\"font-size: 10pt; font-family: Arial\">Porque si lloras yo peno. \/<o:p><\/o:p><\/span><\/strong><strong><span style=\"font-size: 10pt; font-family: Arial\">En cambio, si t\u00fa me cantas\/ <o:p><\/o:p><\/span><\/strong><strong><span style=\"font-size: 10pt; font-family: Arial\">Yo siempre vivo, yo nunca muero\u201d.<\/span><\/strong><\/p>\n<p><strong><span style=\"font-size: 10pt; font-family: Arial\"><\/span><\/strong><\/p>\n<p><strong><span style=\"font-size: 10pt; font-family: Arial\"><o:p>\u00a0<\/o:p><\/span><\/strong><\/p>\n<p style=\"text-align: justify\"><span style=\"font-family: Arial\">Hace 20 a\u00f1os,<span>\u00a0 <\/span>en sus archivos se encontr\u00f3 una cartita que le mandaba Alma Reed<strong>,<\/strong> invitando a Manuel Gamio a comer a su casa, con Andr\u00e9s Henestrosa.<\/span><\/p>\n<p style=\"text-align: justify\"><span style=\"font-family: Arial\"><\/span><\/p>\n<p style=\"text-align: justify\"><span style=\"font-family: Arial\"><\/span><\/p>\n<p><span style=\"font-family: Arial\"><o:p>\u00a0<\/o:p><\/span><\/p>\n<p style=\"margin: auto 0cm; text-align: justify\" class=\"author\"><span style=\"font-family: Arial\">En 1936, el jueves 18 de julio \u2013d\u00eda en que cae <st1:personname ProductID=\"la Rep\u00fablica\" w:st=\"on\">la Rep\u00fablica<\/st1:personname> en Espa\u00f1a- Andr\u00e9s Henestrosa, fue becado por <st1:personname ProductID=\"la Fundaci\u00f3n Guggenheim\" w:st=\"on\">la Fundaci\u00f3n Guggenheim<\/st1:personname>, para realizar estudios acerca de la significaci\u00f3n de la cultura zapoteca, por lo que sale del pa\u00eds a Estados Unidos, donde conoce al antrop\u00f3logo Franz Bloom, a quien, al volver a M\u00e9xico le presenta a Gertrude Duby, la gran pareja relacionada con <st1:personname ProductID=\"la Selva Chiapaneca\" w:st=\"on\">la Selva Chiapaneca<\/st1:personname> y ella fundadora de la casa Na Boloom, en San Crist\u00f3bal de Las Casas. <\/span><\/p>\n<p style=\"margin: auto 0cm; text-align: justify\" class=\"author\"><span style=\"font-family: Arial\"><\/span><\/p>\n<p><span style=\"font-family: Arial\"><o:p>\u00a0<\/o:p><\/span><\/p>\n<p style=\"text-align: justify\"><span style=\"font-family: Arial\">Tambi\u00e9n en esos tiempos frecuenta a Renato Leduc y Juan de <st1:personname ProductID=\"la Cabada\" w:st=\"on\">la Cabada<\/st1:personname>, con quienes comparte la vida bohemia y trasnochada. Trata familiarmente a Diego Rivera y Frida Kahalo, a Rosa y Miguel Covarrubias, a quienes acompa\u00f1a en sus viajes al istmo de Tehuantepec.<\/span><\/p>\n<p style=\"text-align: justify\"><span style=\"font-family: Arial\"><\/span><\/p>\n<p><span style=\"font-family: Arial\"><o:p>\u00a0<\/o:p><\/span><\/p>\n<p style=\"text-align: justify\"><span style=\"font-family: Arial\"><span>\u00a0<\/span>\u201cDonde las mujeres visten almidonadas enaguas que revolotean al comp\u00e1s de las notas musicales de <st1:personname ProductID=\"La Sandunga\" w:st=\"on\"><em><span style=\"font-family: Arial\">La Sandunga<\/span><\/em><\/st1:personname> o <st1:personname ProductID=\"La Llorona\" w:st=\"on\"><em><span style=\"font-family: Arial\">La Llorona<\/span><\/em><\/st1:personname> y bailan cadenciosamente con gracia y donaire elev\u00e1ndolas y luciendo sus m\u00e1s caras joyas\u201d.<\/span><\/p>\n<p style=\"text-align: justify\"><span style=\"font-family: Arial\"><\/span><\/p>\n<p style=\"text-align: justify\"><span style=\"font-family: Arial\"><\/span><\/p>\n<p><span style=\"font-family: Arial\"><o:p>\u00a0<\/o:p><\/span><span style=\"font-family: Arial\">Alfa fue su compa\u00f1era de aventuras, su apoyo y pilar de su casa, poblada de innumerables libros, cuadros, ecos y huellas de amigos entra\u00f1ables, como Miguel Covarrubias y Pablo Neruda.<o:p><\/o:p><\/span><\/p>\n<p style=\"text-align: justify\">&nbsp;<\/p>\n<p><span style=\"font-family: Arial\">Escribe m\u00e1s de 20 mil art\u00edculos en columnas y secciones como \u201cAlacena de minucias\u201d, \u201cReloj literario\u201d, \u201cDivagar\u201d en diarios como <em><span style=\"font-family: Arial\">Novedades, Exc\u00e9lsior, El Universal, El D\u00eda, El<\/span><\/em> <em><span style=\"font-family: Arial\">Popular, Unom\u00e1suno<\/span><\/em>\u2026<o:p><\/o:p><\/span><\/p>\n<p style=\"text-align: justify\">&nbsp;<\/p>\n<p style=\"text-align: justify\"><span style=\"font-family: Arial\">Su labor de periodista esta ligada a su tarea como editor y bibli\u00f3filo. No s\u00f3lo dirigi\u00f3 y fund\u00f3 revistas o colecciones como <em><span style=\"font-family: Arial\">Neza, Didza, La letras patrias, Mar abierto, El libro<\/span><\/em> <em><span style=\"font-family: Arial\">y el pueblo,<\/span><\/em> sino como editor tambi\u00e9n hizo posible la serie de Bibli\u00f3filos oaxaque\u00f1os<em><span style=\"font-family: Arial\">,<\/span><\/em> <st1:personname ProductID=\"la Colecci\u00f3n Mar\" w:st=\"on\">la Colecci\u00f3n Mar<\/st1:personname> Abierto y los libros del Fondo Bruno Pagliai.<\/span><\/p>\n<p style=\"text-align: justify\"><span style=\"font-family: Arial\"><\/span><\/p>\n<p><span style=\"font-family: Arial\"><o:p>\u00a0<\/o:p><\/span><\/p>\n<p style=\"text-align: justify\"><span style=\"font-family: Arial\">La tradici\u00f3n popular ha recogido sus poemas musicados, como <st1:personname ProductID=\"La Martiniana\" w:st=\"on\"><em><span style=\"font-family: Arial\">La Martiniana<\/span><\/em><\/st1:personname>, <st1:personname ProductID=\"La Paulina\" w:st=\"on\"><em><span style=\"font-family: Arial\">La Paulina<\/span><\/em><\/st1:personname>, <st1:personname ProductID=\"La Vicenta\" w:st=\"on\"><em><span style=\"font-family: Arial\">La Vicenta<\/span><\/em><\/st1:personname>, <st1:personname ProductID=\"La Ixhuateca\" w:st=\"on\"><em><span style=\"font-family: Arial\">La Ixhuateca<\/span><\/em><\/st1:personname>, <em><span style=\"font-family: Arial\">Las juchitecas: oro, coral y bamb\u00fa<\/span><\/em>, <st1:personname ProductID=\"La Llorona\" w:st=\"on\"><em><span style=\"font-family: Arial\">La Llorona<\/span><\/em><\/st1:personname>, interpretados entre otros por \u00c1lvaro Guerra, el Tr\u00edo Montalb\u00e1n, Tehua, Susana Harp, Georgina Meneses, Lila Downs.<\/span><\/p>\n<p style=\"text-align: justify\"><span style=\"font-family: Arial\"><\/span><\/p>\n<p><span style=\"font-family: Arial\"><o:p>\u00a0<\/o:p><\/span><\/p>\n<p style=\"text-align: justify\"><span style=\"font-family: Arial\">Tambi\u00e9n sab\u00eda que Oaxaca no pod\u00eda m\u00e1s: \u201cEs una tierra maravillosa, llena de r\u00edos, de monta\u00f1as, y como dice la canci\u00f3n, \u2018da el oro y la espiga, el m\u00e1rmol y el laurel\u2019, rica en m\u00fasica, danza, ceremonias, all\u00e1 hasta los entierros son alegres\u2026 \u201cpero Oaxaca ya no puede m\u00e1s&#8230;\u201d.<\/span><\/p>\n<p style=\"text-align: justify\"><span style=\"font-family: Arial\"><\/span><\/p>\n<p><span style=\"font-family: Arial\"><o:p>\u00a0<\/o:p><\/span><span style=\"font-family: Arial\">Entre lo m\u00e1s bello de la obra literaria de Henestrosa est\u00e1 su epistolario. En el orden pol\u00edtico lo que el escritor siempre desea es ser gobernador de Oaxaca. En alguna ocasi\u00f3n coment\u00f3: \u201ccreo que una buena administraci\u00f3n p\u00fablica vale m\u00e1s que la mejor novela\u201d.<o:p><\/o:p><\/span><\/p>\n<p style=\"text-align: justify\">&nbsp;<\/p>\n<p style=\"text-align: justify\"><span style=\"font-family: Arial\">Se encontrar\u00e1 su obra \u201cRetrato de mi madre\u201d y su diccionario \u201cEspa\u00f1ol-Zapoteco\u201d y sus amigos como <st1:personname ProductID=\"La China Mendoza\" w:st=\"on\"><st1:personname ProductID=\"La China\" w:st=\"on\">La China<\/st1:personname> Mendoza<\/st1:personname>, Margo Glantz, Jacobo Zabludovsky, Jorge Volpi, Juan Ram\u00f3n De <st1:personname ProductID=\"La Fuente\" w:st=\"on\">La Fuente<\/st1:personname>, V\u00edctor Hugo Rasc\u00f3n Banda, Gonzalo Mart\u00ednez Corbal\u00e1.<\/span><\/p>\n<p style=\"text-align: justify\"><span style=\"font-family: Arial\"><\/span><\/p>\n<p><span style=\"font-family: Arial\"><o:p>\u00a0<\/o:p><\/span><span style=\"font-family: Arial\">Entre sus recuerdos,<span>\u00a0 <\/span>la inolvidable Antonieta Rivas Mercado, su protectora, Agust\u00edn Ya\u00f1ez, Lu\u00eds Cardoza y Arag\u00f3n, m\u00e1s Fernando Ben\u00edtez, los integrantes como \u00e9l del Consejo de <st1:personname ProductID=\"La Cr\u00f3nica\" w:st=\"on\">La Cr\u00f3nica<\/st1:personname> de la ciudad de M\u00e9xico, su caf\u00e9 en <st1:personname ProductID=\"La Casa\" w:st=\"on\">La Casa<\/st1:personname> de Los Azulejos, en la famosa esquina de Cinco de Mayo, los comedores \u201cEl Danubio\u201d y \u201cEl Sal\u00f3n de Luz\u201d.<o:p><\/o:p><\/span><\/p>\n<p style=\"text-align: justify\"><span style=\"font-family: Arial\">\u201cAmo, sufro y espero igual que todos los hombres, nada\u201d<\/span><\/p>\n<p style=\"text-align: justify\"><span style=\"font-family: Arial\"><\/span><\/p>\n<p><span style=\"font-family: Arial\"><o:p>\u00a0<\/o:p><\/span><\/p>\n<p style=\"margin: auto 0cm; text-align: justify\" class=\"author\"><span style=\"font-family: Arial\">Para Henestrosa ah\u00ed se juntan sus dos grandes rep\u00fablicas: la literaria y la pol\u00edtica. En 1992 recibe el Premio Internacional Alfonso Reyes; en 1993, la medalla al M\u00e9rito Benito Ju\u00e1rez, <st1:personname ProductID=\"La Belisario Dom\u00ednguez\" w:st=\"on\"><st1:personname ProductID=\"La Belisario\" w:st=\"on\">La Belisario<\/st1:personname> Dom\u00ednguez<\/st1:personname>, entre muchos premios, reconocimientos y galardones. En 2001, Andr\u00e9s Henestrosa entrega a la ciudad de Oaxaca su vasta biblioteca \u2013unos 40 mil vol\u00famenes.<\/span><\/p>\n<p style=\"margin: auto 0cm; text-align: justify\" class=\"author\"><span style=\"font-family: Arial\"><\/span><\/p>\n<p><span style=\"font-family: Arial\"><o:p>\u00a0<\/o:p><\/span><\/p>\n<p style=\"margin: auto 0cm; text-align: justify\" class=\"author\"><span style=\"font-family: Arial\">\u201cPas\u00f3 Grecia, pero qued\u00f3 Homero. Los pueblos pasan, pero los hombres que dijeron una palabra hermosa, que dijeron una verdad, esos se quedan\u201d.<\/span><\/p>\n<p style=\"margin: auto 0cm; text-align: justify\" class=\"author\"><span style=\"font-family: Arial\"><\/span><\/p>\n<p><span style=\"font-family: Arial\"><o:p>\u00a0<\/o:p><\/span><\/p>\n<p style=\"text-align: justify\"><span style=\"font-family: Arial\">La obra de Henestrosa \u201cproyect\u00f3 el alma y la belleza est\u00e9tica de los binni zaa, en sus p\u00e1ginas perviven la tradici\u00f3n cl\u00e1sica de la lengua espa\u00f1ola y lo inmortal de la lengua zaa.\u201d<\/span><\/p>\n<p style=\"text-align: justify\"><span style=\"font-family: Arial\"><\/span><\/p>\n<p><span style=\"font-family: Arial\"><o:p>\u00a0<\/o:p><\/span><\/p>\n<p style=\"text-align: justify\"><span style=\"font-family: Arial\">Para Carlos Montemayor la obra del autor ixhuateco form\u00f3 parte de la renovaci\u00f3n de la lengua espa\u00f1ola a escala continental, junto con Augusto Roa Bastos, quien se enriqueci\u00f3 con la lengua guaran\u00ed, y Jos\u00e9 Mar\u00eda Arguedas, quien tuvo influencia del quechua.<\/span><\/p>\n<p style=\"text-align: justify\"><span style=\"font-family: Arial\"><\/span><\/p>\n<p><span style=\"font-family: Arial\"><o:p>\u00a0<\/o:p><\/span><\/p>\n<p style=\"text-align: justify\"><span style=\"font-family: Arial\">A finales de septiembre de 2007, Andr\u00e9s Henestrosa estuvo algunos d\u00edas en Oaxaca y se enferm\u00f3. Un d\u00eda se qued\u00f3 dormido y en ese sue\u00f1o so\u00f1\u00f3 que hab\u00eda muerto y cuando despert\u00f3<span>\u00a0 <\/span>dijo:<\/span><\/p>\n<p style=\"text-align: justify\"><span style=\"font-family: Arial\"><\/span><\/p>\n<p style=\"text-align: justify\"><span style=\"font-family: Arial\"><\/span><span style=\"font-family: Arial\">\u201cYo estuve muerto cuatro horas, pero yo quiero que no me dejen en Oaxaca, quiero que me lleven a M\u00e9xico, donde est\u00e1 Alfa\u201d.<\/span><\/p>\n<p style=\"text-align: justify\"><span style=\"font-family: Arial\"><\/span><\/p>\n<p><span style=\"font-family: Arial\"><o:p>\u00a0<\/o:p><\/span><\/p>\n<p style=\"text-align: justify\"><span style=\"font-family: Arial\">Andr\u00e9s Webster Henestrosa, nieto del escritor y secretario de Cultura de Oaxaca, indic\u00f3 que la biblioteca que lleva el nombre del autor \u2013con m\u00e1s de 40 mil vol\u00famenes fue donada hace tres a\u00f1os al espacio cultural <st1:personname ProductID=\"La Casa\" w:st=\"on\">La Casa<\/st1:personname> de <st1:personname ProductID=\"la Ciudad.\" w:st=\"on\">la Ciudad.<\/st1:personname><\/span><\/p>\n<p style=\"text-align: justify\"><span style=\"font-family: Arial\"><st1:personname ProductID=\"la Ciudad.\" w:st=\"on\"><\/st1:personname><\/span>\u00a0<\/p>\n<p><span style=\"font-family: Arial\"><st1:personname ProductID=\"la Ciudad.\" w:st=\"on\"><\/st1:personname><o:p>\u00a0<\/o:p><\/span><\/p>\n<p style=\"text-align: justify\"><span style=\"font-family: Arial\">Con motivo de su centenario, recordaba que hac\u00eda una d\u00e9cada estuvieron en el Palacio del antiguo Arzobispado, festejando a \u201cun joven (Al\u00ed Chumacero)que este a\u00f1o cumpl\u00eda <st1:metricconverter ProductID=\"90\u201d\" w:st=\"on\">90\u201d<\/st1:metricconverter>, mencionaron durante <st1:personname ProductID=\"La Vela\" w:st=\"on\">La Vela<\/st1:personname><strong>,<\/strong> fiesta Istme\u00f1a con que se le agasaj\u00f3, que \u00e9l llegar\u00eda a los cien. <\/span><\/p>\n<p style=\"text-align: justify\"><span style=\"font-family: Arial\"><\/span><\/p>\n<p><span style=\"font-family: Arial\"><o:p>\u00a0<\/o:p><\/span><\/p>\n<p style=\"text-align: justify\"><span style=\"font-family: Arial\">Unos cohetes partieron el aire sabatino, y enseguida el m\u00fasico y cantante Feliciano Carrasco interpret\u00f3, sin su guitarra,<em><span style=\"font-family: Arial\"> a capela<\/span><\/em>, en zapoteco y luego en espa\u00f1ol, el sublime son <em><span style=\"font-family: Arial\">Guenda nab\u00e1ani <\/span><\/em>(<em><span style=\"font-family: Arial\">La vida<\/span><\/em>), m\u00e1s conocido como <em><span style=\"font-family: Arial\">La \u00faltima palabra<\/span><\/em>.<\/span><\/p>\n<p style=\"text-align: justify\"><span style=\"font-family: Arial\"><\/span><\/p>\n<p><span style=\"font-family: Arial\"><o:p>\u00a0<\/o:p><\/span><\/p>\n<p style=\"margin: auto 0cm; text-align: justify\" class=\"author\"><span style=\"font-family: Arial\">Andr\u00e9s Henestrosa recorri\u00f3 en ciento un a\u00f1os, el camino de la vida que va del mar istme\u00f1o al altiplano y all\u00ed quiso permanecer. Cibeles su \u00fanica hija, cuando Andr\u00e9s Henestrosa baj\u00f3 a la tumba, invit\u00f3 a su madre Alfa a guiar al maestro por el camino que lleva a la eternidad.<\/span><\/p>\n<p style=\"margin: auto 0cm; text-align: justify\" class=\"author\"><span style=\"font-family: Arial\"><\/span><\/p>\n<p><span style=\"font-family: Arial\"><o:p>\u00a0<\/o:p><\/span><\/p>\n<p style=\"text-align: justify\"><span style=\"font-family: Arial\">Todas estas selectas lecturas lo ayudan a consolidar el dominio del castellano. Es una etapa decisiva en su formaci\u00f3n (desde 1927 hasta 1929). De ah\u00ed sale para encontrarse con Jos\u00e9 Vasconcelos, candidato a <st1:personname ProductID=\"la Presidencia.\" w:st=\"on\">la Presidencia.<\/st1:personname><\/span><\/p>\n<p style=\"text-align: justify\"><span style=\"font-family: Arial\"><st1:personname ProductID=\"la Presidencia.\" w:st=\"on\"><\/st1:personname><\/span>\u00a0<\/p>\n<p><span style=\"font-family: Arial\"><st1:personname ProductID=\"la Presidencia.\" w:st=\"on\"><\/st1:personname><o:p>\u00a0<\/o:p><\/span><\/p>\n<p style=\"text-align: justify\"><span style=\"font-family: Arial\">En todos estos a\u00f1os de vida Andr\u00e9s Henestrosa sale a flote, como dice Adolfo Casta\u00f1\u00f3n, gracias a la vivacidad de su ingenio, su lengua afilada y su gusto por la vida, \u00a1tremendo hedonista! desde entonces. <\/span><\/p>\n<p style=\"text-align: justify\"><span style=\"font-family: Arial\"><\/span><\/p>\n<p><span style=\"font-family: Arial\"><o:p>\u00a0<\/o:p><\/span><\/p>\n<p style=\"text-align: justify\"><span style=\"font-family: Arial\">Su prodigiosa memoria de trovador deslumbraba en fiestas y convivios, declamando poemas y coplas con singular naturalidad y talento.<\/span><\/p>\n<p style=\"text-align: justify\"><span style=\"font-family: Arial\"><\/span><\/p>\n<p><span style=\"font-family: Arial\"><o:p>\u00a0<\/o:p><\/span><\/p>\n<p style=\"text-align: justify\"><span style=\"font-family: Arial\">En 1929, Henestrosa publica su libro <em><span style=\"font-family: Arial\">Los hombres que dispers\u00f3 la danza.<\/span><\/em> Veintis\u00e9is relatos sobre los modernos zapotecos. <\/span><\/p>\n<p style=\"text-align: justify\"><span style=\"font-family: Arial\"><\/span><\/p>\n<p><span style=\"font-family: Arial\"><o:p>\u00a0<\/o:p><\/span><\/p>\n<p style=\"text-align: justify\"><span style=\"font-family: Arial\">Miguel Le\u00f3n Portilla, en el pr\u00f3logo del facsimilar de la edici\u00f3n pr\u00edncipe de 1929, muy acertadamente nos habla de ese doble venero en que se nutre el alma de Andr\u00e9s Henestrosa.<\/span><\/p>\n<p style=\"text-align: justify\"><span style=\"font-family: Arial\"><\/span><\/p>\n<p><span style=\"font-family: Arial\"><o:p>\u00a0<\/o:p><\/span><\/p>\n<p style=\"text-align: justify\"><span style=\"font-family: Arial\">Conoce a Salvador Novo, Xavier Villaurrutia, Gilberto Owen, Celestino Gorostiza, Julio Castellanos, Julio Jim\u00e9nez Rueda, entre otros. <\/span><\/p>\n<p style=\"text-align: justify\"><span style=\"font-family: Arial\"><\/span><\/p>\n<p><span style=\"font-family: Arial\"><o:p>\u00a0<\/o:p><\/span><\/p>\n<p style=\"text-align: justify\"><span style=\"font-family: Arial\">En 1929 se inicia la campa\u00f1a de Vasconcelos en busca de <st1:personname ProductID=\"la Presidencia\" w:st=\"on\">la Presidencia<\/st1:personname> de <st1:personname ProductID=\"la Rep?blica\" w:st=\"on\">la Rep\u00fablica<\/st1:personname>, a la cual Henestrosa se une.<\/span><\/p>\n<p style=\"text-align: justify\"><span style=\"font-family: Arial\"><\/span><\/p>\n<p><span style=\"font-family: Arial\">\u00a0<o:p><\/o:p><\/span><\/p>\n<p style=\"text-align: justify\"><span style=\"font-family: Arial\">En su largu\u00edsima vida fue escritor, periodista, poeta, pol\u00edtico y maestro. De inteligencia prodigiosa y memoria sorprendente, deslumbraba por su erudici\u00f3n, que el enorme sentido del humor, salvaba de la pedanter\u00eda.<\/span><\/p>\n<p style=\"text-align: justify\"><span style=\"font-family: Arial\"><\/span><\/p>\n<p><span style=\"font-family: Arial\"><o:p>\u00a0<\/o:p><\/span><st1:personname ProductID=\"La Banda\" w:st=\"on\"><span style=\"font-family: Arial\">La Banda<\/span><\/st1:personname><span style=\"font-family: Arial\"> de m\u00fasica de viento \u201cF\u00f3rmula <st1:metricconverter ProductID=\"7\u201d\" w:st=\"on\">7\u201d<\/st1:metricconverter> toca <st1:personname ProductID=\"La Llorona\" w:st=\"on\">la Llorona<\/st1:personname>, <st1:personname ProductID=\"La Sandunga\" w:st=\"on\">La Sandunga<\/st1:personname>, <st1:personname ProductID=\"La Martiniana\" w:st=\"on\">La Martiniana<\/st1:personname> y Dios Nunca Muere, mientras la sinf\u00f3nica de Oaxaca en medio de gardenias, le hace eco y la marimba \u201cClaro de Luna\u201d toca \u201cTehuantepec\u201d; la marimba: maderas que cantan con voz de mujer.<o:p><\/o:p><\/span><\/p>\n","protected":false},"excerpt":{"rendered":"<p>\u00a1C\u00e1ntame la Sandunga, Ay mam\u00e1! \u00a1No me llores, no! El hijo de los Binni Zaa, el hijo de Ixhuat\u00e1n, el hijo de las cinco sangres, el hijo del grito, el hijo del parto de Martina, el compa\u00f1ero de Alfa, el padre de Cibeles,\u00a0 Andr\u00e9s Henestrosa Morales,\u00a0 al son de \u201cLa Martiniana\u201d dio cuenta de su [&hellip;]<\/p>\n","protected":false},"author":249,"featured_media":0,"comment_status":"open","ping_status":"closed","sticky":false,"template":"","format":"standard","meta":{"footnotes":""},"categories":[26],"tags":[],"class_list":["post-70","post","type-post","status-publish","format-standard","hentry","category-mundo"],"_links":{"self":[{"href":"https:\/\/eloficiodehistoriar.com.mx\/index.php?rest_route=\/wp\/v2\/posts\/70","targetHints":{"allow":["GET"]}}],"collection":[{"href":"https:\/\/eloficiodehistoriar.com.mx\/index.php?rest_route=\/wp\/v2\/posts"}],"about":[{"href":"https:\/\/eloficiodehistoriar.com.mx\/index.php?rest_route=\/wp\/v2\/types\/post"}],"author":[{"embeddable":true,"href":"https:\/\/eloficiodehistoriar.com.mx\/index.php?rest_route=\/wp\/v2\/users\/249"}],"replies":[{"embeddable":true,"href":"https:\/\/eloficiodehistoriar.com.mx\/index.php?rest_route=%2Fwp%2Fv2%2Fcomments&post=70"}],"version-history":[{"count":0,"href":"https:\/\/eloficiodehistoriar.com.mx\/index.php?rest_route=\/wp\/v2\/posts\/70\/revisions"}],"wp:attachment":[{"href":"https:\/\/eloficiodehistoriar.com.mx\/index.php?rest_route=%2Fwp%2Fv2%2Fmedia&parent=70"}],"wp:term":[{"taxonomy":"category","embeddable":true,"href":"https:\/\/eloficiodehistoriar.com.mx\/index.php?rest_route=%2Fwp%2Fv2%2Fcategories&post=70"},{"taxonomy":"post_tag","embeddable":true,"href":"https:\/\/eloficiodehistoriar.com.mx\/index.php?rest_route=%2Fwp%2Fv2%2Ftags&post=70"}],"curies":[{"name":"wp","href":"https:\/\/api.w.org\/{rel}","templated":true}]}}