{"id":74,"date":"2008-05-20T09:49:11","date_gmt":"2008-05-20T14:49:11","guid":{"rendered":"https:\/\/eloficiodehistoriar.com.mx\/?p=74"},"modified":"2008-05-24T13:08:17","modified_gmt":"2008-05-24T18:08:17","slug":"san-juan-del-rio-iztachichimecapam","status":"publish","type":"post","link":"https:\/\/eloficiodehistoriar.com.mx\/?p=74","title":{"rendered":"San Juan Del R\u00edo &#8211; Iztachichimecapam"},"content":{"rendered":"<h1 align=\"center\" style=\"margin: 0cm 0cm 0pt; text-align: center\"><span style=\"font-size: 18pt\" lang=\"ES-TRAD\"><font face=\"Arial\">San Juan Del R\u00edo<o:p><\/o:p><\/font><\/span><\/h1>\n<p><span lang=\"ES-TRAD\"><o:p><font face=\"Arial\">\u00a0<\/font><\/o:p><\/span><\/p>\n<h2 style=\"margin: 0cm 0cm 0pt\"><span lang=\"ES-TRAD\"><o:p><font size=\"2\" face=\"Arial\"><em>\u00a0<\/em><\/font><\/o:p><\/span><\/h2>\n<h2 style=\"margin: 0cm 0cm 0pt\"><span lang=\"ES-TRAD\"><o:p><font size=\"2\" face=\"Arial\"><em>\u00a0<\/em><\/font><\/o:p><\/span><\/h2>\n<h2 style=\"margin: 0cm 0cm 0pt\"><span lang=\"ES-TRAD\"><o:p><font size=\"2\" face=\"Arial\"><em>\u00a0<\/em><\/font><\/o:p><\/span><\/h2>\n<h2 style=\"margin: 0cm 0cm 0pt\"><span lang=\"ES-TRAD\"><o:p><em><font size=\"2\" face=\"Arial\">\u00a0<\/font><\/em><\/o:p><\/span><\/h2>\n<h2 style=\"margin: 0cm 0cm 0pt\"><span style=\"font-size: 11pt; font-style: normal\" lang=\"ES-TRAD\"><font face=\"Arial\">A veces ni advierto siquiera que lloro<o:p><\/o:p><\/font><\/span><\/h2>\n<p><strong><span lang=\"ES-TRAD\"><font face=\"Arial\">\u00bfSabr\u00e1n por que lloran las aguas del r\u00edo?<o:p><\/o:p><\/font><\/span><\/strong><\/p>\n<h3 style=\"margin: 0cm 0cm 0pt\"><span style=\"font-size: 11pt; font-style: normal\" lang=\"ES-TRAD\"><o:p><font face=\"Arial\">\u00a0<\/font><\/o:p><\/span><\/h3>\n<h3 style=\"margin: 0cm 0cm 0pt\"><span style=\"font-size: 11pt; font-style: normal\" lang=\"ES-TRAD\"><font face=\"Arial\"><span>\u00a0\u00a0\u00a0\u00a0\u00a0\u00a0\u00a0\u00a0\u00a0\u00a0\u00a0\u00a0\u00a0\u00a0\u00a0\u00a0\u00a0\u00a0\u00a0\u00a0\u00a0\u00a0\u00a0\u00a0\u00a0\u00a0\u00a0\u00a0\u00a0\u00a0\u00a0\u00a0\u00a0\u00a0\u00a0\u00a0\u00a0\u00a0\u00a0\u00a0\u00a0\u00a0\u00a0\u00a0\u00a0\u00a0\u00a0\u00a0\u00a0\u00a0\u00a0\u00a0\u00a0\u00a0\u00a0\u00a0\u00a0\u00a0\u00a0\u00a0\u00a0\u00a0\u00a0\u00a0\u00a0 <\/span>Pablo Cabrera<o:p><\/o:p><\/font><\/span><\/h3>\n<p><span lang=\"ES-TRAD\"><o:p><font face=\"Arial\">\u00a0<\/font><\/o:p><\/span><em><span style=\"font-size: 12pt\" lang=\"ES-TRAD\"><o:p><font face=\"Arial\">\u00a0<\/font><\/o:p><\/span><\/em><em><span style=\"font-size: 12pt\" lang=\"ES-TRAD\"><o:p><font face=\"Arial\">\u00a0<\/font><\/o:p><\/span><\/em><\/p>\n<h1 style=\"margin: 0cm 0cm 0pt\"><span style=\"font-size: 12pt\" lang=\"ES-TRAD\"><font face=\"Arial\">En el cerro de <st1:personname ProductID=\"la Cruz\" w:st=\"on\">la Cruz<\/st1:personname>,<span>\u00a0 <\/span>es el principio.<span>\u00a0\u00a0\u00a0\u00a0\u00a0\u00a0 <\/span><o:p><\/o:p><\/font><\/span><\/h1>\n<p><em><span style=\"font-size: 12pt\" lang=\"ES-TRAD\"><o:p><font face=\"Arial\">\u00a0<\/font><\/o:p><\/span><\/em><\/p>\n<p style=\"margin: 0cm 0cm 0pt; text-align: justify\" class=\"MsoNormal\"><em><span style=\"font-size: 12pt\" lang=\"ES-TRAD\"><font face=\"Arial\">Este lugar est\u00e1 de irregular construcci\u00f3n, hay una calle muy larga con otras pocas que la atraviesan. En la primera vuelta tienen una buena parroquia servida de cl\u00e9rigo del arzobispado de M\u00e9xico, cuya iglesia mantiene un sacerdote que colecta los diezmos, hay convento de dominicos, con tres o cuatro religiosos, hospital de San Juan de Dios, con dos o tres frailes y un beaterio de voluntarias sin clausura.<\/font><\/span><\/em><\/p>\n<p style=\"margin: 0cm 0cm 0pt; text-align: justify\" class=\"MsoNormal\"><em><span style=\"font-size: 12pt\" lang=\"ES-TRAD\"><\/span><\/em><\/p>\n<p><em><span style=\"font-size: 12pt\" lang=\"ES-TRAD\"><font face=\"Arial\"><o:p>\u00a0<\/o:p><\/font><\/span><\/em><span style=\"font-size: 12pt\" lang=\"ES-TRAD\"><o:p><font face=\"Arial\">\u00a0<\/font><\/o:p><\/span><\/p>\n<p style=\"margin: 0cm 0cm 0pt; text-align: justify\" class=\"MsoNormal\"><em><span style=\"font-size: 12pt\" lang=\"ES-TRAD\"><font face=\"Arial\">La ciudad est\u00e1 asentada sobre una loma que presenta un marcado declive que va de oriente a poniente en descenso, hasta llegar a los m\u00e1rgenes del r\u00edo, que pasa por las orillas.<\/font><\/span><\/em><\/p>\n<p style=\"margin: 0cm 0cm 0pt; text-align: justify\" class=\"MsoNormal\"><em><span style=\"font-size: 12pt\" lang=\"ES-TRAD\"><\/span><\/em><\/p>\n<p><em><span style=\"font-size: 12pt\" lang=\"ES-TRAD\"><font face=\"Arial\"><o:p>\u00a0<\/o:p><\/font><\/span><\/em><em><span style=\"font-size: 12pt\" lang=\"ES-TRAD\"><o:p><font face=\"Arial\">\u00a0<\/font><\/o:p><\/span><\/em><\/p>\n<p style=\"margin: 0cm 0cm 0pt; text-align: justify\" class=\"MsoNormal\"><em><span style=\"font-size: 12pt\" lang=\"ES-TRAD\"><font face=\"Arial\">Este r\u00edo ci\u00f1e a San Juan del R\u00edo como una faja de esmeraldas y flores, es un lugar de recreo, de poes\u00eda, nido de recuerdos y de amores.<\/font><\/span><\/em><\/p>\n<p style=\"margin: 0cm 0cm 0pt; text-align: justify\" class=\"MsoNormal\"><em><span style=\"font-size: 12pt\" lang=\"ES-TRAD\"><\/span><\/em><\/p>\n<p><em><span style=\"font-size: 12pt\" lang=\"ES-TRAD\"><font face=\"Arial\"><o:p>\u00a0<\/o:p><\/font><\/span><\/em><span style=\"font-size: 12pt\" lang=\"ES-TRAD\"><o:p><font face=\"Arial\">\u00a0<\/font><\/o:p><\/span><\/p>\n<p style=\"margin: 0cm 0cm 0pt\" class=\"MsoBodyText\"><em><span style=\"font-size: 12pt\" lang=\"ES-TRAD\"><font face=\"Arial\">San Juan Del R\u00edo tiene una rep\u00fablica de indios, compuesta por un gobernador, dos alcaldes, tres alguaciles mayores, tres jueces de sementeras y un escribano, cuyos oficiales componen lo mejor de esta rep\u00fablica.<\/font><\/span><\/em><\/p>\n<p style=\"margin: 0cm 0cm 0pt\" class=\"MsoBodyText\"><em><span style=\"font-size: 12pt\" lang=\"ES-TRAD\"><\/span><\/em><\/p>\n<p><em><span style=\"font-size: 12pt\" lang=\"ES-TRAD\"><font face=\"Arial\"><o:p>\u00a0<\/o:p><\/font><\/span><\/em><span style=\"font-size: 12pt\" lang=\"ES-TRAD\"><o:p><font face=\"Arial\">\u00a0<\/font><\/o:p><\/span><\/p>\n<p style=\"margin: 0cm 0cm 0pt\" class=\"MsoBodyText\"><em><span style=\"font-size: 12pt\" lang=\"ES-TRAD\"><font face=\"Arial\">Pues tiene adem\u00e1s de estos, varios topiles o ministros de vara y otros que se llaman mandones o tableros de los barrios, porque en cada barrio hay uno, para anotar a los indios, con el objeto que no falten a misa los d\u00edas de precepto, ni a la doctrina cristiana los domingos, porque hay en esta cabecera ocho mandones, ya que el pueblo se compone de ocho barrios.<\/font><\/span><\/em><\/p>\n<p style=\"margin: 0cm 0cm 0pt\" class=\"MsoBodyText\"><em><span style=\"font-size: 12pt\" lang=\"ES-TRAD\"><\/span><\/em><\/p>\n<p><em><span style=\"font-size: 12pt\" lang=\"ES-TRAD\"><font face=\"Arial\"><o:p>\u00a0<\/o:p><\/font><\/span><\/em><span style=\"font-size: 12pt\" lang=\"ES-TRAD\"><o:p><font face=\"Arial\">\u00a0<\/font><\/o:p><\/span><\/p>\n<p style=\"margin: 0cm 0cm 0pt\" class=\"MsoBodyText\"><span style=\"font-size: 12pt\" lang=\"ES-TRAD\"><font face=\"Arial\">Esto se dijo de Tierra blanca, Ystachichimecapan, San Juan Del R\u00edo,<span>\u00a0 <\/span>puerta de tierra adentro.<\/font><\/span><\/p>\n<p style=\"margin: 0cm 0cm 0pt\" class=\"MsoBodyText\"><span style=\"font-size: 12pt\" lang=\"ES-TRAD\"><\/span><\/p>\n<p><span style=\"font-size: 12pt\" lang=\"ES-TRAD\"><font face=\"Arial\"><o:p>\u00a0<\/o:p><\/font><\/span><span style=\"font-size: 12pt\" lang=\"ES-TRAD\"><o:p><font face=\"Arial\">\u00a0<\/font><\/o:p><\/span><\/p>\n<p style=\"margin: 0cm 0cm 0pt; text-align: justify\" class=\"MsoNormal\"><span style=\"font-size: 12pt\" lang=\"ES-TRAD\"><font face=\"Arial\">Mientras el Cristo del Sacro Monte y El Se\u00f1or de la Portada,<span>\u00a0 <\/span>Jesusito, el Cristo del Camer\u00edn o la escultura de San Juan Bautista, realizada por Mariano Arce, se instalan en los nuevos templos.<\/font><\/span><\/p>\n<p style=\"margin: 0cm 0cm 0pt; text-align: justify\" class=\"MsoNormal\"><span style=\"font-size: 12pt\" lang=\"ES-TRAD\"><\/span><\/p>\n<p><span style=\"font-size: 12pt\" lang=\"ES-TRAD\"><font face=\"Arial\"><o:p>\u00a0<\/o:p><\/font><\/span><span style=\"font-size: 12pt\" lang=\"ES-TRAD\"><o:p><font face=\"Arial\">\u00a0<\/font><\/o:p><\/span><\/p>\n<p style=\"margin: 0cm 0cm 0pt; text-align: justify\" class=\"MsoNormal\"><span style=\"font-size: 12pt\" lang=\"ES-TRAD\"><font face=\"Arial\">Tierra Blanca, Yxtachichimecapan, San Juan Del R\u00edo, est\u00e1 acomodada, entre los cerros del Maestranzo, La Trinidad, Cerro Gordo y el de La Laja, se va olvidando su milenario pasado.<\/font><\/span><\/p>\n<p style=\"margin: 0cm 0cm 0pt; text-align: justify\" class=\"MsoNormal\"><span style=\"font-size: 12pt\" lang=\"ES-TRAD\"><\/span><\/p>\n<p><span style=\"font-size: 12pt\" lang=\"ES-TRAD\"><font face=\"Arial\"><o:p>\u00a0<\/o:p><\/font><\/span><span style=\"font-size: 12pt\" lang=\"ES-TRAD\"><o:p><font face=\"Arial\">\u00a0<\/font><\/o:p><\/span><\/p>\n<p style=\"margin: 0cm 0cm 0pt; text-align: justify\" class=\"MsoNormal\"><span style=\"font-size: 12pt\" lang=\"ES-TRAD\"><font face=\"Arial\">Son en esta ciudad, cada vez menos visibles en los huertos, los capulines y las acacias, los chirimollos y los guayabos, los membrillos y los naranjos, los perales y los tejocotes.<\/font><\/span><\/p>\n<p style=\"margin: 0cm 0cm 0pt; text-align: justify\" class=\"MsoNormal\"><span style=\"font-size: 12pt\" lang=\"ES-TRAD\"><\/span><\/p>\n<p><span style=\"font-size: 12pt\" lang=\"ES-TRAD\"><font face=\"Arial\"><o:p>\u00a0<\/o:p><\/font><\/span><span style=\"font-size: 12pt\" lang=\"ES-TRAD\"><o:p><font face=\"Arial\">\u00a0<\/font><\/o:p><\/span><\/p>\n<p style=\"margin: 0cm 0cm 0pt; text-align: justify\" class=\"MsoNormal\"><span style=\"font-size: 12pt\" lang=\"ES-TRAD\"><font face=\"Arial\">Los habitantes milenarios de esta tierra, ya est\u00e1n olvidados, como permanente amenaza de los teotihuacanos, y de los invasores europeos, ya no encuentran en sus campos, el cascalote, el muicle o el palo dulce, para sus tintes.<\/font><\/span><\/p>\n<p style=\"margin: 0cm 0cm 0pt; text-align: justify\" class=\"MsoNormal\"><span style=\"font-size: 12pt\" lang=\"ES-TRAD\"><\/span><\/p>\n<p><span style=\"font-size: 12pt\" lang=\"ES-TRAD\"><font face=\"Arial\"><o:p>\u00a0<\/o:p><\/font><\/span><span style=\"font-size: 12pt\" lang=\"ES-TRAD\"><o:p><font face=\"Arial\">\u00a0<\/font><\/o:p><\/span><\/p>\n<p style=\"margin: 0cm 0cm 0pt; text-align: justify\" class=\"MsoNormal\"><span style=\"font-size: 12pt\" lang=\"ES-TRAD\"><font face=\"Arial\">En sus praderas ya no corren las comadrejas, no vuelan m\u00e1s los quebrantahuesos, ni los tordos, ni los clarines. Los campos ya no florecen con la campanela, la flor de pasi\u00f3n y la madreselva.<\/font><\/span><\/p>\n<p style=\"margin: 0cm 0cm 0pt; text-align: justify\" class=\"MsoNormal\"><span style=\"font-size: 12pt\" lang=\"ES-TRAD\"><\/span><\/p>\n<p><span style=\"font-size: 12pt\" lang=\"ES-TRAD\"><font face=\"Arial\"><o:p>\u00a0<\/o:p><\/font><\/span><span style=\"font-size: 12pt\" lang=\"ES-TRAD\"><o:p><font face=\"Arial\">\u00a0<\/font><\/o:p><\/span><\/p>\n<p style=\"margin: 0cm 0cm 0pt; text-align: justify\" class=\"MsoNormal\"><span style=\"font-size: 12pt\" lang=\"ES-TRAD\"><font face=\"Arial\">El cerro de La Cruz, guarda los secretos m\u00e1s sagrados de este pueblo, sus antepasados y los dioses antiguos, que se fueron \u201cmuriendo\u201d cuando llegaron los otros dioses.<\/font><\/span><\/p>\n<p style=\"margin: 0cm 0cm 0pt; text-align: justify\" class=\"MsoNormal\"><span style=\"font-size: 12pt\" lang=\"ES-TRAD\"><\/span><\/p>\n<p><span style=\"font-size: 12pt\" lang=\"ES-TRAD\"><font face=\"Arial\"><o:p>\u00a0<\/o:p><\/font><\/span><span style=\"font-size: 12pt\" lang=\"ES-TRAD\"><o:p><font face=\"Arial\">\u00a0<\/font><\/o:p><\/span><\/p>\n<p style=\"margin: 0cm 0cm 0pt; text-align: justify\" class=\"MsoBodyText2\"><span style=\"font-size: 12pt\" lang=\"ES-TRAD\"><font face=\"Arial\">San Juan del R\u00edo sigue siendo lugar de nostalgia, era lugar de congregaci\u00f3n antes de que llegaran de Jilotepec los invasores y se dejara escuchar, un d\u00eda 24 de junio de 1531, fiesta de San Juan Bautista, un grito extra\u00f1o, que al paso del tiempo se volver\u00eda familiar.<\/font><\/span><\/p>\n<p style=\"margin: 0cm 0cm 0pt; text-align: justify\" class=\"MsoBodyText2\"><span style=\"font-size: 12pt\" lang=\"ES-TRAD\"><\/span><\/p>\n<p><span style=\"font-size: 12pt\" lang=\"ES-TRAD\"><font face=\"Arial\"><o:p>\u00a0<\/o:p><\/font><\/span><span style=\"font-size: 12pt\" lang=\"ES-TRAD\"><o:p><font face=\"Arial\">\u00a0<\/font><\/o:p><\/span><\/p>\n<p style=\"margin: 0cm 0cm 0pt; text-align: justify\" class=\"MsoNormal\"><font face=\"Arial\"><em><span style=\"font-size: 12pt\" lang=\"ES-TRAD\">Pueblo de San Juan Del R\u00edo, en nombre de Dios Nuestro Se\u00f1or del<\/span><\/em><span style=\"font-size: 12pt\" lang=\"ES-TRAD\"> <em>cielo y de<\/em> <em>la tierra, quedas fundado<\/em>. Y as\u00ed,<span>\u00a0 <\/span>en tan solo quinientas varas se<span>\u00a0 <\/span>congreg\u00f3, lo incongregable,<span>\u00a0 <\/span>un pueblo milenario y una cultura \u00fanica.<\/span><\/font><\/p>\n<p style=\"margin: 0cm 0cm 0pt; text-align: justify\" class=\"MsoNormal\"><font face=\"Arial\"><span style=\"font-size: 12pt\" lang=\"ES-TRAD\"><\/span><\/font><\/p>\n<p><font face=\"Arial\"><span style=\"font-size: 12pt\" lang=\"ES-TRAD\"><o:p>\u00a0<\/o:p><\/span><\/font><span style=\"font-size: 12pt\" lang=\"ES-TRAD\"><o:p><font face=\"Arial\">\u00a0<\/font><\/o:p><\/span><\/p>\n<p style=\"margin: 0cm 0cm 0pt\" class=\"MsoBodyText\"><span style=\"font-size: 12pt\" lang=\"ES-TRAD\"><font face=\"Arial\">De ahora en adelante los pont\u00edfices residir\u00e1n en M\u00e9xico y las autoridades superiores en Quer\u00e9taro, es el nuevo destino de este pueblo milenario. Los m\u00e1s de 1500 a\u00f1os anteriores de la vida, parecen no haber sido tomados en cuenta.<\/font><\/span><\/p>\n<p style=\"margin: 0cm 0cm 0pt\" class=\"MsoBodyText\"><span style=\"font-size: 12pt\" lang=\"ES-TRAD\"><\/span><\/p>\n<p><span style=\"font-size: 12pt\" lang=\"ES-TRAD\"><font face=\"Arial\"><o:p>\u00a0<\/o:p><\/font><\/span><span style=\"font-size: 12pt\" lang=\"ES-TRAD\"><o:p><font face=\"Arial\">\u00a0<\/font><\/o:p><\/span><span style=\"font-size: 12pt\" lang=\"ES-TRAD\"><font face=\"Arial\">Los pobladores de Chup\u00edcuaro, Tula y Teotihuacan, venidos a estas tierras, en diferentes \u00e9pocas y que dejar\u00e1n parte de la maravillosa civilizaci\u00f3n mesoamericana, ahora ya<span>\u00a0 <\/span>no importan, pero<span>\u00a0 <\/span>en las entra\u00f1as de este lugar, se guardan los vestigios de esa presencia imborrable.<o:p><\/o:p><\/font><\/span><\/p>\n<p style=\"margin: 0cm 0cm 0pt; text-align: justify\" class=\"MsoNormal\">&nbsp;<\/p>\n<p><span style=\"font-size: 12pt\" lang=\"ES-TRAD\"><o:p><font face=\"Arial\">\u00a0<\/font><\/o:p><\/span><\/p>\n<p style=\"margin: 0cm 0cm 0pt\" class=\"MsoBodyText\"><span style=\"font-size: 12pt\" lang=\"ES-TRAD\"><font face=\"Arial\">El pueblo chichimeca, ante lo inevitable se retrae a los montes, mientras Yztachichimecapan, como fundaci\u00f3n espa\u00f1ola, se llamar\u00e1 San Juan Del R\u00edo,<span>\u00a0 <\/span>\u201cvisita\u201d de Jilotepec, en cuanto a los doctrineros se refiere y \u201cfrontera\u201d de la tierra \u201cb\u00e1rbara\u201d, para la milicia invasora, se empiezan a poblar las nuevas calles y adquirir la traza de pueblo castellano y a un\u00edrsele las poblaciones de El Alamo, Dehed\u00f3, Ahuacatl\u00e1n y Tequisquiapan.<\/font><\/span><\/p>\n<p style=\"margin: 0cm 0cm 0pt\" class=\"MsoBodyText\"><span style=\"font-size: 12pt\" lang=\"ES-TRAD\"><\/span><\/p>\n<p><span style=\"font-size: 12pt\" lang=\"ES-TRAD\"><font face=\"Arial\"><o:p>\u00a0<\/o:p><\/font><\/span><span style=\"font-size: 12pt\" lang=\"ES-TRAD\"><o:p><font face=\"Arial\">\u00a0<\/font><\/o:p><\/span><\/p>\n<p style=\"margin: 0cm 0cm 0pt\" class=\"MsoBodyText\"><span style=\"font-size: 12pt\" lang=\"ES-TRAD\"><font face=\"Arial\">El fraile Sebasti\u00e1n de Aparicio, en su af\u00e1n de hacer los \u201ccaminos\u201d de la Plata, divide a San Juan Del R\u00edo, se abre la calle real, los nuevos habitantes levantan a sus lados mesones y comercios, existentes<span>\u00a0 <\/span>hasta hoy en d\u00eda.<\/font><\/span><\/p>\n<p style=\"margin: 0cm 0cm 0pt\" class=\"MsoBodyText\"><span style=\"font-size: 12pt\" lang=\"ES-TRAD\"><\/span><\/p>\n<p><span style=\"font-size: 12pt\" lang=\"ES-TRAD\"><font face=\"Arial\"><o:p>\u00a0<\/o:p><\/font><\/span><span style=\"font-size: 12pt\" lang=\"ES-TRAD\"><o:p><font face=\"Arial\">\u00a0<\/font><\/o:p><\/span><\/p>\n<p style=\"margin: 0cm 0cm 0pt\" class=\"MsoBodyText3\"><span style=\"font-size: 12pt\" lang=\"ES-TRAD\"><em><font face=\"Arial\">La poblaci\u00f3n de San Juan Del R\u00edo estaba encerrada, dentro de una cerca que serv\u00eda de fortaleza contra los indios chichimecas, \u00e9sta cerca comenzaba atr\u00e1s del templo de La Cruz, hasta el cerro de la Venta, segu\u00eda hasta cerca del barrio de San Isidro y de all\u00ed hasta llegar a la Loma del Toro.<\/font><\/em><\/span><\/p>\n<p style=\"margin: 0cm 0cm 0pt\" class=\"MsoBodyText3\"><span style=\"font-size: 12pt\" lang=\"ES-TRAD\"><\/span><\/p>\n<p><span style=\"font-size: 12pt\" lang=\"ES-TRAD\"><em><font face=\"Arial\"><o:p>\u00a0<\/o:p><\/font><\/em><\/span><span style=\"font-size: 12pt\" lang=\"ES-TRAD\"><o:p><em><font face=\"Arial\">\u00a0<\/font><\/em><\/o:p><\/span><\/p>\n<p style=\"margin: 0cm 0cm 0pt; text-align: justify\" class=\"MsoNormal\"><em><span style=\"font-size: 12pt\" lang=\"ES-TRAD\"><font face=\"Arial\">San Juan Del R\u00edo cuenta con un aliado natural \u00fanico, su r\u00edo, el camino real queda cortado durante buena parte del a\u00f1o por las crecientes, obligando a las caravanas a acampar en una u otra margen, a colaborar en el progreso del pueblo pagando su hospitalidad.<\/font><\/span><\/em><\/p>\n<p style=\"margin: 0cm 0cm 0pt; text-align: justify\" class=\"MsoNormal\"><em><span style=\"font-size: 12pt\" lang=\"ES-TRAD\"><\/span><\/em><\/p>\n<p><em><span style=\"font-size: 12pt\" lang=\"ES-TRAD\"><font face=\"Arial\"><o:p>\u00a0<\/o:p><\/font><\/span><\/em><span style=\"font-size: 12pt\" lang=\"ES-TRAD\"><o:p><font face=\"Arial\">\u00a0<\/font><\/o:p><\/span><\/p>\n<p style=\"margin: 0cm 0cm 0pt\" class=\"MsoBodyText3\"><span style=\"font-size: 12pt\" lang=\"ES-TRAD\"><em><font face=\"Arial\">San Juan Del R\u00edo es conocido como garganta de toda<span>\u00a0 <\/span>tierra adentro, adem\u00e1s est\u00e1 fortificado, quiz\u00e1 para dar mayor seguridad a los viajeros de un supuesto ataque de los chichimecas jonaces, que ya en ocasiones han bajado de sus monta\u00f1as y causado estragos en los presidios de Vizarr\u00f3n y Pe\u00f1amiller.<\/font><\/em><\/span><\/p>\n<p style=\"margin: 0cm 0cm 0pt\" class=\"MsoBodyText3\"><span style=\"font-size: 12pt\" lang=\"ES-TRAD\"><\/span><\/p>\n<p><span style=\"font-size: 12pt\" lang=\"ES-TRAD\"><em><font face=\"Arial\"><o:p>\u00a0<\/o:p><\/font><\/em><\/span><span style=\"font-size: 12pt\" lang=\"ES-TRAD\"><o:p><font face=\"Arial\">\u00a0<\/font><\/o:p><\/span><\/p>\n<p style=\"margin: 0cm 0cm 0pt\" class=\"MsoBodyText\"><span style=\"font-size: 12pt\" lang=\"ES-TRAD\"><font face=\"Arial\">En el trazo pre hisp\u00e1nico de esta poblaci\u00f3n, cuando era solamente<span>\u00a0 <\/span>Yztachichimecapan, se erigi\u00f3 un centro ceremonial, conocido ahora como El Cerro de La Cruz.<\/font><\/span><\/p>\n<p style=\"margin: 0cm 0cm 0pt\" class=\"MsoBodyText\"><span style=\"font-size: 12pt\" lang=\"ES-TRAD\"><\/span><\/p>\n<p><span style=\"font-size: 12pt\" lang=\"ES-TRAD\"><font face=\"Arial\"><o:p>\u00a0<\/o:p><\/font><\/span><span style=\"font-size: 12pt\" lang=\"ES-TRAD\"><o:p><font face=\"Arial\">\u00a0<\/font><\/o:p><\/span><\/p>\n<p style=\"margin: 0cm 0cm 0pt\" class=\"MsoBodyText\"><span style=\"font-size: 12pt\" lang=\"ES-TRAD\"><font face=\"Arial\">En el Calvario,<span>\u00a0 <\/span>existe un Cristo crucificado, La Dolorosa y San Juan evangelista,<span>\u00a0 <\/span>tallas de la escuela queretana de santeros, muy famosa durante el siglo XVlll principalmente, con motivo de las fiestas de este templo, se dan procesiones, que van desde la Parroquia<span>\u00a0 <\/span>al templo de la Veracruz y de all\u00ed al Pante\u00f3n, lugar de los antepasados, como queriendo disfrazar un poco, la religiosidad ancestral, ahora reprimida.<\/font><\/span><\/p>\n<p style=\"margin: 0cm 0cm 0pt\" class=\"MsoBodyText\"><span style=\"font-size: 12pt\" lang=\"ES-TRAD\"><\/span><\/p>\n<p><span style=\"font-size: 12pt\" lang=\"ES-TRAD\"><font face=\"Arial\"><o:p>\u00a0<\/o:p><\/font><\/span><span style=\"font-size: 12pt\" lang=\"ES-TRAD\"><o:p><font face=\"Arial\">\u00a0<\/font><\/o:p><\/span><\/p>\n<p style=\"margin: 0cm 0cm 0pt; text-align: justify\" class=\"MsoNormal\"><span style=\"font-size: 12pt\" lang=\"ES-TRAD\"><font face=\"Arial\">Los llamados indios levantar\u00e1n, durante la invasi\u00f3n europea, en la \u201cnueva\u201d poblaci\u00f3n,<span>\u00a0 <\/span>templos a los nuevos dioses y una capilla abierta,<span>\u00a0 <\/span>para el culto que ellos le rendir\u00e1n.<\/font><\/span><\/p>\n<p style=\"margin: 0cm 0cm 0pt; text-align: justify\" class=\"MsoNormal\"><span style=\"font-size: 12pt\" lang=\"ES-TRAD\"><\/span><\/p>\n<p><span style=\"font-size: 12pt\" lang=\"ES-TRAD\"><font face=\"Arial\"><o:p>\u00a0<\/o:p><\/font><\/span><span style=\"font-size: 12pt\" lang=\"ES-TRAD\"><o:p><font face=\"Arial\">\u00a0<\/font><\/o:p><\/span><\/p>\n<p style=\"margin: 0cm 0cm 0pt\" class=\"MsoBodyText3\"><span style=\"font-size: 12pt\" lang=\"ES-TRAD\"><em><font face=\"Arial\">Cada uno de nosotros, otorgamos a trabajar personalmente con nuestras personas, en la obra. Con la condici\u00f3n y calidad de que nos han de dar de comer, carne y ma\u00edz, para todos los d\u00edas de la semana que trabajemos: sin faltar d\u00eda alguno, salvo si no fuere, por enfermedad que lo impida.<\/font><\/em><\/span><\/p>\n<p style=\"margin: 0cm 0cm 0pt\" class=\"MsoBodyText3\"><span style=\"font-size: 12pt\" lang=\"ES-TRAD\"><\/span><\/p>\n<p><span style=\"font-size: 12pt\" lang=\"ES-TRAD\"><em><font face=\"Arial\"><o:p>\u00a0<\/o:p><\/font><\/em><\/span><span style=\"font-size: 12pt\" lang=\"ES-TRAD\"><o:p><font face=\"Arial\">\u00a0<\/font><\/o:p><\/span><\/p>\n<p style=\"margin: 0cm 0cm 0pt\" class=\"MsoBodyText3\"><span style=\"font-size: 12pt\" lang=\"ES-TRAD\"><em><font face=\"Arial\">Unos cuantos hombres de naci\u00f3n otom\u00ed asentados junto a las m\u00e1rgenes del caudaloso r\u00edo que va a desembocar hasta el mar oc\u00e9ano, fueron los primeros pobladores de la floreciente ciudad sanjuanense, antes de que algunos otros lo hicieran en definitiva.<\/font><\/em><\/span><\/p>\n<p style=\"margin: 0cm 0cm 0pt\" class=\"MsoBodyText3\"><span style=\"font-size: 12pt\" lang=\"ES-TRAD\"><\/span><\/p>\n<p><span style=\"font-size: 12pt\" lang=\"ES-TRAD\"><em><font face=\"Arial\"><o:p>\u00a0<\/o:p><\/font><\/em><\/span><span style=\"font-size: 12pt\" lang=\"ES-TRAD\"><o:p><font face=\"Arial\">\u00a0<\/font><\/o:p><\/span><span style=\"font-size: 12pt\" lang=\"ES-TRAD\"><o:p><font face=\"Arial\">\u00a0<\/font><\/o:p><\/span><\/p>\n<p style=\"margin: 0cm 0cm 0pt; text-align: justify\" class=\"MsoBodyText2\"><span style=\"font-size: 12pt\" lang=\"ES-TRAD\"><font face=\"Arial\">El Sol, dios principal de estas tierras, se eclipsa en Yztachichimecapan, el culto a los antepasados y sus \u201centerramientos\u201d desaparece, para dar paso a \u201cel camposanto\u201d, mientras los fen\u00f3menos naturales tienen que ser explicados de otra manera y la conformaci\u00f3n de su pueblo, tiene una nueva traza.<\/font><\/span><\/p>\n<p style=\"margin: 0cm 0cm 0pt; text-align: justify\" class=\"MsoBodyText2\"><span style=\"font-size: 12pt\" lang=\"ES-TRAD\"><\/span><\/p>\n<p><span style=\"font-size: 12pt\" lang=\"ES-TRAD\"><font face=\"Arial\"><o:p>\u00a0<\/o:p><\/font><\/span><span style=\"font-size: 12pt\" lang=\"ES-TRAD\"><o:p><font face=\"Arial\">\u00a0<\/font><\/o:p><\/span><\/p>\n<p style=\"margin: 0cm 0cm 0pt\" class=\"MsoBodyText3\"><span style=\"font-size: 12pt\" lang=\"ES-TRAD\"><em><font face=\"Arial\">El pueblo tiene un importante grupo ind\u00edgena y el otom\u00ed sigue siendo una lengua franca. Como la rep\u00fablica de indios, es numerosa, cuentan con su propia iglesia y tienen su gobernador.<\/font><\/em><\/span><\/p>\n<p style=\"margin: 0cm 0cm 0pt\" class=\"MsoBodyText3\"><span style=\"font-size: 12pt\" lang=\"ES-TRAD\"><\/span><\/p>\n<p><span style=\"font-size: 12pt\" lang=\"ES-TRAD\"><em><font face=\"Arial\"><o:p>\u00a0<\/o:p><\/font><\/em><\/span><span style=\"font-size: 12pt\" lang=\"ES-TRAD\"><o:p><em><font face=\"Arial\">\u00a0<\/font><\/em><\/o:p><\/span><em><span style=\"font-size: 12pt\" lang=\"ES-TRAD\"><font face=\"Arial\">Se compondr\u00e1 la poblaci\u00f3n de cuatrocientas casas bajas y la mayor parte mal construidas, pero todas ellas con huerta, en las que se recoge fruta y uvas excelentes, aunque no se fabrica vino.<o:p><\/o:p><\/font><\/span><\/em><em><span style=\"font-size: 12pt\" lang=\"ES-TRAD\"><o:p><font face=\"Arial\">\u00a0<\/font><\/o:p><\/span><\/em><strong><span style=\"font-size: 12pt\" lang=\"ES-TRAD\"><o:p><font face=\"Arial\">\u00a0<\/font><\/o:p><\/span><\/strong><strong><span style=\"font-size: 12pt\" lang=\"ES-TRAD\"><o:p><font face=\"Arial\">\u00a0<\/font><\/o:p><\/span><\/strong><strong><span style=\"font-size: 12pt\" lang=\"ES-TRAD\"><o:p><font face=\"Arial\">\u00a0<\/font><\/o:p><\/span><\/strong><strong><span style=\"font-size: 12pt\" lang=\"ES-TRAD\"><font face=\"Arial\">Sus barrios<o:p><\/o:p><\/font><\/span><\/strong><em><span style=\"font-size: 12pt\" lang=\"ES-TRAD\"><o:p><font face=\"Arial\">\u00a0<\/font><\/o:p><\/span><\/em><\/p>\n<p style=\"margin: 0cm 0cm 0pt\" class=\"MsoBodyText\"><em><span style=\"font-size: 12pt\" lang=\"ES-TRAD\"><font face=\"Arial\">Es en el barrio de San Miguel donde se encuentran las mejores casas y el convento de Santo Domingo, comienza en El Puente, frente al barrio de La Concepci\u00f3n, del que dicen tus cronistas que era el lugar de los mesones.<\/font><\/span><\/em><\/p>\n<p style=\"margin: 0cm 0cm 0pt\" class=\"MsoBodyText\"><em><span style=\"font-size: 12pt\" lang=\"ES-TRAD\"><\/span><\/em><\/p>\n<p><em><span style=\"font-size: 12pt\" lang=\"ES-TRAD\"><font face=\"Arial\"><o:p>\u00a0<\/o:p><\/font><\/span><\/em><em><span style=\"font-size: 12pt\" lang=\"ES-TRAD\"><o:p><font face=\"Arial\">\u00a0<\/font><\/o:p><\/span><\/em><em><span style=\"font-size: 12pt\" lang=\"ES-TRAD\"><font face=\"Arial\">Mientras por un lado lo ba\u00f1a el r\u00edo, por el otro, la calle real le permite ver a los viandantes. Le sigue el barrio del Calvario que llega hasta la salida a M\u00e9xico, tambi\u00e9n lo llaman, Pueblo Nuevo.<o:p><\/o:p><\/font><\/span><\/em><\/p>\n<p style=\"margin: 0cm 0cm 0pt; text-align: justify\" class=\"MsoNormal\">&nbsp;<\/p>\n<p><em><span style=\"font-size: 12pt\" lang=\"ES-TRAD\"><font face=\"Arial\">.<o:p><\/o:p><\/font><\/span><\/em><em><span style=\"font-size: 12pt\" lang=\"ES-TRAD\"><o:p><font face=\"Arial\">\u00a0<\/font><\/o:p><\/span><\/em><\/p>\n<p style=\"margin: 0cm 0cm 0pt\" class=\"MsoBodyText\"><em><span style=\"font-size: 12pt\" lang=\"ES-TRAD\"><font face=\"Arial\">De la iglesia parroquial parte el barrio de San Marcos, tambi\u00e9n da con la calle real y el barrio del Calvario, en \u00e9l se encuentran la Plaza Mayor y la Parroquia.<\/font><\/span><\/em><\/p>\n<p style=\"margin: 0cm 0cm 0pt\" class=\"MsoBodyText\"><em><span style=\"font-size: 12pt\" lang=\"ES-TRAD\"><\/span><\/em><\/p>\n<p><em><span style=\"font-size: 12pt\" lang=\"ES-TRAD\"><font face=\"Arial\"><o:p>\u00a0<\/o:p><\/font><\/span><\/em><em><span style=\"font-size: 12pt\" lang=\"ES-TRAD\"><o:p><font face=\"Arial\">\u00a0<\/font><\/o:p><\/span><\/em><\/p>\n<p style=\"margin: 0cm 0cm 0pt; text-align: justify\" class=\"MsoNormal\"><em><span style=\"font-size: 12pt\" lang=\"ES-TRAD\"><font face=\"Arial\">Junto a los barrios de San Miguel y San Marcos, est\u00e1 el barrio de San Juan, all\u00ed el templo de los indios y una plaza los forman, son calles sinuosas.<\/font><\/span><\/em><\/p>\n<p style=\"margin: 0cm 0cm 0pt; text-align: justify\" class=\"MsoNormal\"><em><span style=\"font-size: 12pt\" lang=\"ES-TRAD\"><\/span><\/em><\/p>\n<p><em><span style=\"font-size: 12pt\" lang=\"ES-TRAD\"><font face=\"Arial\"><o:p>\u00a0<\/o:p><\/font><\/span><\/em><em><span style=\"font-size: 12pt\" lang=\"ES-TRAD\"><o:p><font face=\"Arial\">\u00a0<\/font><\/o:p><\/span><\/em><\/p>\n<p style=\"margin: 0cm 0cm 0pt\" class=\"MsoBodyText\"><em><span style=\"font-size: 12pt\" lang=\"ES-TRAD\"><font face=\"Arial\">Sobre la orilla del r\u00edo aparece el barrio de San Isidro, en este barrio los indios tienen sus solares y sus calles est\u00e1n trazadas con magueyes, existe una capilla y casas bien acabadas, son las de los caciques.<\/font><\/span><\/em><\/p>\n<p style=\"margin: 0cm 0cm 0pt\" class=\"MsoBodyText\"><em><span style=\"font-size: 12pt\" lang=\"ES-TRAD\"><\/span><\/em><\/p>\n<p><em><span style=\"font-size: 12pt\" lang=\"ES-TRAD\"><font face=\"Arial\"><o:p>\u00a0<\/o:p><\/font><\/span><\/em><em><span style=\"font-size: 12pt\" lang=\"ES-TRAD\"><o:p><font face=\"Arial\">\u00a0<\/font><\/o:p><\/span><\/em><\/p>\n<p style=\"margin: 0cm 0cm 0pt; text-align: justify\" class=\"MsoNormal\"><em><span style=\"font-size: 12pt\" lang=\"ES-TRAD\"><font face=\"Arial\">Del otro lado del R\u00edo est\u00e1 el barrio del Esp\u00edritu Santo o de Ahid\u00f3 o del Tepetate, son los vecinos que circundan la puebla de los espa\u00f1oles, pero no se rinden del todo.<\/font><\/span><\/em><\/p>\n<p style=\"margin: 0cm 0cm 0pt; text-align: justify\" class=\"MsoNormal\"><em><span style=\"font-size: 12pt\" lang=\"ES-TRAD\"><\/span><\/em><\/p>\n<p><em><span style=\"font-size: 12pt\" lang=\"ES-TRAD\"><font face=\"Arial\"><o:p>\u00a0<\/o:p><\/font><\/span><\/em><em><span style=\"font-size: 12pt\" lang=\"ES-TRAD\"><o:p><font face=\"Arial\">\u00a0<\/font><\/o:p><\/span><\/em><\/p>\n<p style=\"margin: 0cm 0cm 0pt; text-align: justify\" class=\"MsoNormal\"><em><span style=\"font-size: 12pt\" lang=\"ES-TRAD\"><font face=\"Arial\">Porque al otro lado del r\u00edo esta el barrio de La Santa Cruz, junto a una pe\u00f1a redonda, desgajada en la parte superior, construido un cerrito, en cuyo pin\u00e1culo est\u00e1 una cruz.<\/font><\/span><\/em><\/p>\n<p style=\"margin: 0cm 0cm 0pt; text-align: justify\" class=\"MsoNormal\"><em><span style=\"font-size: 12pt\" lang=\"ES-TRAD\"><\/span><\/em><\/p>\n<p><em><span style=\"font-size: 12pt\" lang=\"ES-TRAD\"><font face=\"Arial\"><o:p>\u00a0<\/o:p><\/font><\/span><\/em><em><span style=\"font-size: 12pt\" lang=\"ES-TRAD\"><o:p><font face=\"Arial\">\u00a0<\/font><\/o:p><\/span><\/em><em><span style=\"font-size: 12pt\" lang=\"ES-TRAD\"><font face=\"Arial\">Es Pe\u00f1a Blanca o Pe\u00f1a Techimacitl, ultimo basti\u00f3n, reliquia, cosmogon\u00eda agonizante.<o:p><\/o:p><\/font><\/span><\/em><em><span style=\"font-size: 12pt\" lang=\"ES-TRAD\"><o:p><font face=\"Arial\">\u00a0<\/font><\/o:p><\/span><\/em><strong><span style=\"font-size: 12pt\" lang=\"ES-TRAD\"><font face=\"Arial\">Cuando yo era joven deseaba viajar<o:p><\/o:p><\/font><\/span><\/strong><\/p>\n<h4 style=\"margin: 0cm 0cm 0pt\"><span style=\"font-style: normal\" lang=\"ES-TRAD\"><font face=\"Arial\">Posarme en la plaza de alg\u00fan pueblo quieto<o:p><\/o:p><\/font><\/span><\/h4>\n<p><strong><span style=\"font-size: 12pt\" lang=\"ES-TRAD\"><font face=\"Arial\">Arrancarle todos sus \u00edntimos secretos<o:p><\/o:p><\/font><\/span><\/strong><strong><span style=\"font-size: 12pt\" lang=\"ES-TRAD\"><o:p><font face=\"Arial\">\u00a0<\/font><\/o:p><\/span><\/strong><strong><span style=\"font-size: 12pt\" lang=\"ES-TRAD\"><o:p><font face=\"Arial\">\u00a0<\/font><\/o:p><\/span><\/strong><strong><span style=\"font-size: 12pt\" lang=\"ES-TRAD\"><font face=\"Arial\">Las campanas danzan<o:p><\/o:p><\/font><\/span><\/strong><strong><span style=\"font-size: 12pt\" lang=\"ES-TRAD\"><font face=\"Arial\">Los cohetes se convierten en flores<o:p><\/o:p><\/font><\/span><\/strong><strong><span style=\"font-size: 12pt\" lang=\"ES-TRAD\"><font face=\"Arial\">Estallando en las manos del viento<o:p><\/o:p><\/font><\/span><\/strong><strong><span style=\"font-size: 12pt\" lang=\"ES-TRAD\"><font face=\"Arial\">Flota un sordo rumor de aguacero<o:p><\/o:p><\/font><\/span><\/strong><\/p>\n<h5 style=\"margin: 0cm 0cm 0pt\"><span lang=\"ES-TRAD\"><font face=\"Arial\"><span>\u00a0\u00a0\u00a0\u00a0\u00a0\u00a0\u00a0\u00a0\u00a0\u00a0\u00a0\u00a0\u00a0\u00a0\u00a0\u00a0\u00a0\u00a0\u00a0\u00a0\u00a0\u00a0\u00a0\u00a0\u00a0\u00a0\u00a0\u00a0\u00a0\u00a0\u00a0\u00a0\u00a0\u00a0\u00a0\u00a0\u00a0\u00a0\u00a0\u00a0\u00a0\u00a0\u00a0\u00a0\u00a0\u00a0\u00a0\u00a0\u00a0\u00a0\u00a0\u00a0\u00a0\u00a0\u00a0 <\/span><span>\u00a0\u00a0\u00a0\u00a0\u00a0\u00a0\u00a0\u00a0\u00a0<\/span>Dice el poeta<\/font><\/span><\/h5>\n<h5 style=\"margin: 0cm 0cm 0pt\"><span lang=\"ES-TRAD\"><\/span><\/h5>\n<h5 style=\"margin: 0cm 0cm 0pt\"><span lang=\"ES-TRAD\"><font face=\"Arial\"><o:p>\u00a0<\/o:p><\/font><\/span><\/h5>\n<p><span style=\"font-size: 12pt\" lang=\"ES-TRAD\"><o:p><font face=\"Arial\">\u00a0<\/font><\/o:p><\/span><span style=\"font-size: 12pt\" lang=\"ES-TRAD\"><font face=\"Arial\">Los callejones del Ave Mar\u00eda, del Esp\u00edritu Santo, del Pante\u00f3n, del Paso Ancho, del Coyote, de San Marcos, de Santa Matilde, de San Pedro y el de La Zorra, son todos ellos leyendas, unas de amor, otras de \u00e1nimas y otras de cr\u00edmenes.<o:p><\/o:p><\/font><\/span><\/p>\n<p style=\"margin: 0cm 0cm 0pt\" class=\"MsoBodyText\">&nbsp;<\/p>\n<p><span style=\"font-size: 12pt\" lang=\"ES-TRAD\"><o:p><font face=\"Arial\">\u00a0<\/font><\/o:p><\/span><\/p>\n<p style=\"margin: 0cm 0cm 0pt; text-align: justify\" class=\"MsoNormal\"><span style=\"font-size: 12pt\" lang=\"ES-TRAD\"><font face=\"Arial\">Recordar los nombres de las calles, en tiempo de la invasi\u00f3n europea, nos habla mucho de lo que en el suelo Sanjuanense suced\u00eda.<\/font><\/span><\/p>\n<p style=\"margin: 0cm 0cm 0pt; text-align: justify\" class=\"MsoNormal\"><span style=\"font-size: 12pt\" lang=\"ES-TRAD\"><\/span><\/p>\n<p><span style=\"font-size: 12pt\" lang=\"ES-TRAD\"><font face=\"Arial\"><o:p>\u00a0<\/o:p><\/font><\/span><span style=\"font-size: 12pt\" lang=\"ES-TRAD\"><o:p><font face=\"Arial\">\u00a0<\/font><\/o:p><\/span><\/p>\n<p style=\"margin: 0cm 0cm 0pt\" class=\"MsoBodyText\"><span style=\"font-size: 12pt\" lang=\"ES-TRAD\"><font face=\"Arial\">La de <st1:personname ProductID=\"la Salitrera\" w:st=\"on\">la Salitrera<\/st1:personname>, la de las Animas, del Canal, de los Caleros, de <st1:personname ProductID=\"la Santa Veracruz\" w:st=\"on\">la Santa Veracruz<\/st1:personname>, Tareta, Providencia y Uni\u00f3n.<\/font><\/span><\/p>\n<p style=\"margin: 0cm 0cm 0pt\" class=\"MsoBodyText\"><span style=\"font-size: 12pt\" lang=\"ES-TRAD\"><\/span><\/p>\n<p><span style=\"font-size: 12pt\" lang=\"ES-TRAD\"><font face=\"Arial\"><o:p>\u00a0<\/o:p><\/font><\/span><span style=\"font-size: 12pt\" lang=\"ES-TRAD\"><o:p><font face=\"Arial\">\u00a0<\/font><\/o:p><\/span><\/p>\n<p style=\"margin: 0cm 0cm 0pt; text-align: justify\" class=\"MsoBodyText2\"><span style=\"font-size: 12pt\" lang=\"ES-TRAD\"><font face=\"Arial\">La de Diversiones, la del Sol, del Clavel, de <st1:personname ProductID=\"la Duda\" w:st=\"on\">la Duda<\/st1:personname> y del Chirimoyo, del Dulce Nombre de Mar\u00eda, de los Cristos, de San Antonio, de <st1:personname ProductID=\"la Estancia\" w:st=\"on\">la Estancia<\/st1:personname>, de Manzanares, del Obraje, de <st1:personname ProductID=\"la Amargura\" w:st=\"on\">la Amargura<\/st1:personname>, del Olvido, de C\u00f3poro, Portillo, del Pino, la del Pante\u00f3n, la del Palacio, la de Eusebio, la de Le\u00f1adores, la de las Tamboras o la de <st1:personname ProductID=\"la Bola.\" w:st=\"on\">la Bola.<\/st1:personname><\/font><\/span><\/p>\n<p style=\"margin: 0cm 0cm 0pt; text-align: justify\" class=\"MsoBodyText2\"><span style=\"font-size: 12pt\" lang=\"ES-TRAD\"><font face=\"Arial\"><st1:personname ProductID=\"la Bola.\" w:st=\"on\"><\/st1:personname><\/font><\/span>\u00a0<\/p>\n<p><span style=\"font-size: 12pt\" lang=\"ES-TRAD\"><font face=\"Arial\"><st1:personname ProductID=\"la Bola.\" w:st=\"on\"><\/st1:personname><o:p>\u00a0<\/o:p><\/font><\/span><span style=\"font-size: 12pt\" lang=\"ES-TRAD\"><o:p><font face=\"Arial\">\u00a0<\/font><\/o:p><\/span><strong><span style=\"font-size: 12pt\" lang=\"ES-TRAD\"><font face=\"Arial\">Todo lo abrazas de armoniosa suerte<o:p><\/o:p><\/font><\/span><\/strong><strong><span style=\"font-size: 12pt\" lang=\"ES-TRAD\"><font face=\"Arial\">Eres t\u00fa la paleta de todos los colores<o:p><\/o:p><\/font><\/span><\/strong><\/p>\n<h6><span lang=\"ES-TRAD\"><font size=\"3\"><font face=\"Arial\">El alba es la princesa de los ropajes de oro<o:p><\/o:p><\/font><\/font><\/span><\/h6>\n<p><strong><span style=\"font-size: 12pt\" lang=\"ES-TRAD\"><font face=\"Arial\">Arca de memoria<o:p><\/o:p><\/font><\/span><\/strong><strong><span style=\"font-size: 12pt\" lang=\"ES-TRAD\"><font face=\"Arial\">Espejo perfecto<o:p><\/o:p><\/font><\/span><\/strong><strong><span style=\"font-size: 12pt\" lang=\"ES-TRAD\"><font face=\"Arial\">Eres para M\u00e9xico, como el coraz\u00f3n<o:p><\/o:p><\/font><\/span><\/strong><strong><span style=\"font-size: 12pt\" lang=\"ES-TRAD\"><font face=\"Arial\">Aqu\u00ed en esta tierra se prendi\u00f3 la aurora<o:p><\/o:p><\/font><\/span><\/strong><span style=\"font-size: 12pt\" lang=\"ES-TRAD\"><o:p><font face=\"Arial\">\u00a0<\/font><\/o:p><\/span><\/p>\n<h5 style=\"margin: 0cm 0cm 0pt\"><font face=\"Arial\"><span style=\"font-size: 12pt\" lang=\"ES-TRAD\"><span>\u00a0\u00a0\u00a0\u00a0\u00a0\u00a0\u00a0\u00a0\u00a0\u00a0\u00a0\u00a0\u00a0\u00a0\u00a0\u00a0\u00a0\u00a0\u00a0\u00a0\u00a0\u00a0\u00a0\u00a0\u00a0\u00a0\u00a0\u00a0\u00a0\u00a0\u00a0\u00a0\u00a0\u00a0\u00a0\u00a0\u00a0\u00a0\u00a0\u00a0\u00a0\u00a0\u00a0\u00a0\u00a0\u00a0\u00a0\u00a0\u00a0\u00a0\u00a0\u00a0\u00a0\u00a0\u00a0\u00a0\u00a0\u00a0\u00a0\u00a0\u00a0\u00a0\u00a0\u00a0\u00a0\u00a0\u00a0\u00a0 <\/span><\/span><span style=\"font-weight: normal; font-size: 12pt\" lang=\"ES-TRAD\">Dice el poeta <\/span><\/font><\/h5>\n<h5 style=\"margin: 0cm 0cm 0pt\"><font face=\"Arial\"><span style=\"font-weight: normal; font-size: 12pt\" lang=\"ES-TRAD\"><\/span><\/font><\/h5>\n<h5 style=\"margin: 0cm 0cm 0pt\"><font face=\"Arial\"><span style=\"font-weight: normal; font-size: 12pt\" lang=\"ES-TRAD\"><o:p>\u00a0<\/o:p><\/span><\/font><\/h5>\n<p><span style=\"font-size: 12pt\" lang=\"ES-TRAD\"><o:p><font face=\"Arial\">\u00a0<\/font><\/o:p><\/span><span style=\"font-size: 12pt\" lang=\"ES-TRAD\"><o:p><font face=\"Arial\">\u00a0<\/font><\/o:p><\/span><\/p>\n<p style=\"margin: 0cm 0cm 0pt; text-align: justify\" class=\"MsoBodyText2\"><span style=\"font-size: 12pt\" lang=\"ES-TRAD\"><font face=\"Arial\">En ocho barrios y en una nueva traza, donde los habitantes inmemoriales de esta regi\u00f3n, ya no bautizan las calles, se guardan los hijos de este pueblo, que en perenne memoria recordar\u00e1n el d\u00eda en que fueron invadidos, mientras pasa el tiempo se vive en el rito de la permanencia.<\/font><\/span><\/p>\n<p style=\"margin: 0cm 0cm 0pt; text-align: justify\" class=\"MsoBodyText2\"><span style=\"font-size: 12pt\" lang=\"ES-TRAD\"><\/span><\/p>\n<p><span style=\"font-size: 12pt\" lang=\"ES-TRAD\"><font face=\"Arial\"><o:p>\u00a0<\/o:p><\/font><\/span><span style=\"font-size: 12pt\" lang=\"ES-TRAD\"><o:p><font face=\"Arial\">\u00a0<\/font><\/o:p><\/span><\/p>\n<p style=\"margin: 0cm 0cm 0pt\" class=\"MsoBodyText\"><span style=\"font-size: 12pt\" lang=\"ES-TRAD\"><font face=\"Arial\">No f\u00e1cil desaparecer\u00e1n los nombres de quienes fueron tus hijos que te defendieron, tampoco los nombres de quienes viniendo de lejos, no te respetaron, son los verdugos de una forma de vivir y relacionarse con la naturaleza, que desaparecen para siempre, sin que aparentemente a nadie le importe.<\/font><\/span><\/p>\n<p style=\"margin: 0cm 0cm 0pt\" class=\"MsoBodyText\"><span style=\"font-size: 12pt\" lang=\"ES-TRAD\"><\/span><\/p>\n<p><span style=\"font-size: 12pt\" lang=\"ES-TRAD\"><font face=\"Arial\"><o:p>\u00a0<\/o:p><\/font><\/span><span style=\"font-size: 12pt\" lang=\"ES-TRAD\"><o:p><font face=\"Arial\">\u00a0<\/font><\/o:p><\/span><\/p>\n<p style=\"margin: 0cm 0cm 0pt; text-align: justify\" class=\"MsoNormal\"><span style=\"font-size: 12pt\" lang=\"ES-TRAD\"><font face=\"Arial\">En esta tierra de frontera chichimeca, todo cambia, es una nueva ciudad<span>\u00a0 <\/span>que se va formando a trav\u00e9s de<span>\u00a0 <\/span>469 a\u00f1os, contados desde \u201csu fundaci\u00f3n\u201d.<\/font><\/span><\/p>\n<p style=\"margin: 0cm 0cm 0pt; text-align: justify\" class=\"MsoNormal\"><span style=\"font-size: 12pt\" lang=\"ES-TRAD\"><\/span><\/p>\n<p><span style=\"font-size: 12pt\" lang=\"ES-TRAD\"><font face=\"Arial\"><o:p>\u00a0<\/o:p><\/font><\/span><span style=\"font-size: 12pt\" lang=\"ES-TRAD\"><o:p><font face=\"Arial\">\u00a0<\/font><\/o:p><\/span><\/p>\n<p style=\"margin: 0cm 0cm 0pt; text-align: justify\" class=\"MsoNormal\"><span style=\"font-size: 12pt\" lang=\"ES-TRAD\"><font face=\"Arial\">Es un nuevo concepto de vivir y de crear, es otro mundo que irrumpe de madrugada, es una larga noche que no ve el alba, Son los indios de Yztachichimecapam que no podr\u00e1n m\u00e1s vivir en libertad.<\/font><\/span><\/p>\n<p style=\"margin: 0cm 0cm 0pt; text-align: justify\" class=\"MsoNormal\"><span style=\"font-size: 12pt\" lang=\"ES-TRAD\"><\/span><\/p>\n<p><span style=\"font-size: 12pt\" lang=\"ES-TRAD\"><font face=\"Arial\"><o:p>\u00a0<\/o:p><\/font><\/span><span style=\"font-size: 12pt\" lang=\"ES-TRAD\"><o:p><font face=\"Arial\">\u00a0<\/font><\/o:p><\/span><\/p>\n<p style=\"margin: 0cm 0cm 0pt; text-align: justify\" class=\"MsoNormal\"><span style=\"font-size: 12pt\" lang=\"ES-TRAD\"><font face=\"Arial\">Las nuevas leyendas, los nuevos mitos, empiezan a salir de entre tus calles, como una magia en las manos del prestidigitador; Aparecen en la calle del Palacio Encantado o la del Perro Negro, en la de las Diversiones, lugar donde llegaban los titiriteros y se hac\u00edan las carreras de caballos, la de los Le\u00f1adores y la de los Aguadores. Nacen los nuevos oficios que propician la nueva ciudad. <\/font><\/span><\/p>\n<p style=\"margin: 0cm 0cm 0pt; text-align: justify\" class=\"MsoNormal\"><span style=\"font-size: 12pt\" lang=\"ES-TRAD\"><\/span><\/p>\n<p><span style=\"font-size: 12pt\" lang=\"ES-TRAD\"><font face=\"Arial\"><o:p>\u00a0<\/o:p><\/font><\/span><span style=\"font-size: 12pt\" lang=\"ES-TRAD\"><o:p><font face=\"Arial\">\u00a0<\/font><\/o:p><\/span><\/p>\n<p style=\"margin: 0cm 0cm 0pt\" class=\"MsoBodyText\"><span style=\"font-size: 12pt\" lang=\"ES-TRAD\"><font face=\"Arial\">Por entre todas las calles<span>\u00a0 <\/span>San Juan Del R\u00edo aparece convertido en templo. San Isidro, El Sacro Monte, El Calvario, San Pedro, San Sebasti\u00e1n, Santo Domingo, San Juan de Dios, La Ermita, La Soledad, La Parroquia.<\/font><\/span><\/p>\n<p><span style=\"font-size: 12pt\" lang=\"ES-TRAD\"><font face=\"Arial\"><o:p><\/o:p><\/font><\/span>\u00a0<span style=\"font-size: 12pt\" lang=\"ES-TRAD\"><o:p><font face=\"Arial\">\u00a0<\/font><\/o:p><\/span><\/p>\n<p style=\"margin: 0cm 0cm 0pt; text-align: justify\" class=\"MsoNormal\"><span style=\"font-size: 12pt\" lang=\"ES-TRAD\"><font face=\"Arial\">Entre los oratorios, los nuevos hijos de esta tierra, aprenden los nuevos rezos, mientras las campanas a vuelo, saludan cada d\u00eda a un sol, que ha dejado de ser adorado,<\/font><\/span><\/p>\n<p style=\"margin: 0cm 0cm 0pt; text-align: justify\" class=\"MsoNormal\"><span style=\"font-size: 12pt\" lang=\"ES-TRAD\"><\/span><\/p>\n<p><span style=\"font-size: 12pt\" lang=\"ES-TRAD\"><font face=\"Arial\"><o:p>\u00a0<\/o:p><\/font><\/span><strong><span style=\"font-size: 12pt\" lang=\"ES-TRAD\"><o:p><font face=\"Arial\">\u00a0<\/font><\/o:p><\/span><\/strong><span style=\"font-size: 12pt\" lang=\"ES-TRAD\"><strong><font face=\"Arial\">El Beaterio<o:p><\/o:p><\/font><\/strong><\/span><span style=\"font-size: 12pt\" lang=\"ES-TRAD\"><o:p><font face=\"Arial\">\u00a0<\/font><\/o:p><\/span><\/p>\n<p style=\"margin: 0cm 0cm 0pt\" class=\"MsoBodyText\"><span style=\"font-size: 12pt\" lang=\"ES-TRAD\"><font face=\"Arial\">La calle real guarda un espacio para las mujeres, son las beatas, las nuevas doncellas, que en contemplaci\u00f3n, penitencia y oraci\u00f3n, m\u00e1s trabajo, reservan para s\u00ed, un desposorio m\u00e1s duradero. Hablo de La Casa de Recogimiento de Nuestra Se\u00f1ora de los Dolores, que el pueblo llama com\u00fanmente El Beaterio.<\/font><\/span><\/p>\n<p style=\"margin: 0cm 0cm 0pt\" class=\"MsoBodyText\"><span style=\"font-size: 12pt\" lang=\"ES-TRAD\"><\/span><\/p>\n<p><span style=\"font-size: 12pt\" lang=\"ES-TRAD\"><font face=\"Arial\"><o:p>\u00a0<\/o:p><\/font><\/span><span style=\"font-size: 12pt\" lang=\"ES-TRAD\"><o:p><font face=\"Arial\">\u00a0<\/font><\/o:p><\/span><\/p>\n<p style=\"margin: 0cm 0cm 0pt; text-align: justify\" class=\"MsoNormal\"><span style=\"font-size: 12pt\" lang=\"ES-TRAD\"><font face=\"Arial\">Cuatro mujeres llamadas, Beatriz, Josefina, Isabel y Ana Mar\u00eda, se re\u00fanen, son como las madonas de Perrusqu\u00eda, las flores son las novicias. Sor Azucena, Sor Amapola, Sor Pasionaria, mujeres del fervoroso siglo XVll, quienes se congregan bajo el b\u00e1culo del fraile Margil de Jes\u00fas. Todas custodian desde entonces esta ciudad. Por ellas se salvan los pecadores, que en las calles de la ciudad aparecen. \u201cNo las interrumpas viajero, est\u00e1n en oraci\u00f3n\u201d.<\/font><\/span><\/p>\n<p style=\"margin: 0cm 0cm 0pt; text-align: justify\" class=\"MsoNormal\"><span style=\"font-size: 12pt\" lang=\"ES-TRAD\"><\/span><\/p>\n<p><span style=\"font-size: 12pt\" lang=\"ES-TRAD\"><font face=\"Arial\"><o:p>\u00a0<\/o:p><\/font><\/span><span style=\"font-size: 12pt\" lang=\"ES-TRAD\"><o:p><font face=\"Arial\">\u00a0<\/font><\/o:p><\/span><\/p>\n<p style=\"margin: 0cm 0cm 0pt; text-align: justify\" class=\"MsoNormal\"><span style=\"font-size: 12pt\" lang=\"ES-TRAD\"><font face=\"Arial\">De las monjas fundadoras, la que m\u00e1s vivi\u00f3, fue Sor Beatriz de Jes\u00fas, setenta de esos a\u00f1os estuvo al amparo de <st1:personname ProductID=\"la Virgen\" w:st=\"on\">la Virgen<\/st1:personname> de los Dolores en el Beaterio y el patrocinio de Mar\u00eda Luisa de Borb\u00f3n, reina de Espa\u00f1a y patrona del beaterio.<\/font><\/span><\/p>\n<p style=\"margin: 0cm 0cm 0pt; text-align: justify\" class=\"MsoNormal\"><span style=\"font-size: 12pt\" lang=\"ES-TRAD\"><\/span><\/p>\n<p><span style=\"font-size: 12pt\" lang=\"ES-TRAD\"><font face=\"Arial\"><o:p>\u00a0<\/o:p><\/font><\/span><span style=\"font-size: 12pt\" lang=\"ES-TRAD\"><o:p><font face=\"Arial\">\u00a0<\/font><\/o:p><\/span><\/p>\n<p style=\"margin: 0cm 0cm 0pt; text-align: justify\" class=\"MsoNormal\"><span style=\"font-size: 12pt\" lang=\"ES-TRAD\"><font face=\"Arial\">Las monjas de este beaterio han sido exclaustradas cuatro veces, pero ellas atribuyen que siempre han regresado a la bendici\u00f3n dada por el Fraile franciscano Margil de Jes\u00fas,<\/font><\/span><\/p>\n<p style=\"margin: 0cm 0cm 0pt; text-align: justify\" class=\"MsoNormal\"><span style=\"font-size: 12pt\" lang=\"ES-TRAD\"><\/span><\/p>\n<p><span style=\"font-size: 12pt\" lang=\"ES-TRAD\"><font face=\"Arial\"><o:p>\u00a0<\/o:p><\/font><\/span><span style=\"font-size: 12pt\" lang=\"ES-TRAD\"><o:p><font face=\"Arial\">\u00a0<\/font><\/o:p><\/span><\/p>\n<p style=\"margin: 0cm 0cm 0pt\" class=\"MsoBodyText\"><span style=\"font-size: 12pt\" lang=\"ES-TRAD\"><font face=\"Arial\">Las exclaustraciones se dieron, <span>\u00a0<\/span>la primera un 21 de marzo de 1863, le sigue la del 23 de abril de 1867, estas dos motivadas por las Leyes de Reforma, despu\u00e9s se dio la del 31 de julio de <st1:metricconverter ProductID=\"1914, a\" w:st=\"on\">1914, a<\/st1:metricconverter> causa de <st1:personname ProductID=\"la Revoluci?n\" w:st=\"on\">la Revoluci\u00f3n<\/st1:personname> y la \u00faltima el 19 de febrero de 1929, con motivo de la persecuci\u00f3n religiosa.<\/font><\/span><\/p>\n<p style=\"margin: 0cm 0cm 0pt\" class=\"MsoBodyText\"><span style=\"font-size: 12pt\" lang=\"ES-TRAD\"><\/span><\/p>\n<p><span style=\"font-size: 12pt\" lang=\"ES-TRAD\"><font face=\"Arial\"><o:p>\u00a0<\/o:p><\/font><\/span><span style=\"font-size: 12pt\" lang=\"ES-TRAD\"><o:p><font face=\"Arial\">\u00a0<\/font><\/o:p><\/span><strong><span style=\"font-size: 12pt\" lang=\"ES-TRAD\"><font face=\"Arial\">Silencio&#8230;<o:p><\/o:p><\/font><\/span><\/strong><strong><span style=\"font-size: 12pt\" lang=\"ES-TRAD\"><font face=\"Arial\">Ya muri\u00f3 la algarab\u00eda<o:p><\/o:p><\/font><\/span><\/strong><strong><span style=\"font-size: 12pt\" lang=\"ES-TRAD\"><font face=\"Arial\">Los p\u00e1jaros abandonaron el nido<o:p><\/o:p><\/font><\/span><\/strong><\/p>\n<p style=\"margin: 0cm 0cm 0pt; text-align: justify\" class=\"MsoNormal\"><strong><span style=\"font-size: 12pt\" lang=\"ES-TRAD\"><font face=\"Arial\">Oh que grande es el silencio<\/font><\/span><\/strong><\/p>\n<p style=\"margin: 0cm 0cm 0pt; text-align: justify\" class=\"MsoNormal\"><strong><span style=\"font-size: 12pt\" lang=\"ES-TRAD\"><\/span><\/strong><\/p>\n<p><strong><span style=\"font-size: 12pt\" lang=\"ES-TRAD\"><font face=\"Arial\"><o:p>\u00a0<\/o:p><\/font><\/span><\/strong><span style=\"font-size: 12pt\" lang=\"ES-TRAD\"><o:p><font face=\"Arial\">\u00a0<\/font><\/o:p><\/span><\/p>\n<p style=\"margin: 0cm 0cm 0pt; text-align: justify\" class=\"MsoNormal\"><span style=\"font-size: 12pt\" lang=\"ES-TRAD\"><font face=\"Arial\">Las monjas de este beaterio mantienen, lo que otros muchos le buscan quitar a San Juan Del R\u00edo, su tradici\u00f3n, su apego a la costumbre. Es por ellas que el Se\u00f1or de la Misericordia, Jesusito, El Se\u00f1or de la Portada y tantos otros cultos locales, son mantenidos por este grupo de vestales. All\u00ed las ni\u00f1as aprenden la doctrina y las madonas tienen su refugio.<\/font><\/span><\/p>\n<p style=\"margin: 0cm 0cm 0pt; text-align: justify\" class=\"MsoNormal\"><span style=\"font-size: 12pt\" lang=\"ES-TRAD\"><\/span><\/p>\n<p><span style=\"font-size: 12pt\" lang=\"ES-TRAD\"><font face=\"Arial\"><o:p>\u00a0<\/o:p><\/font><\/span><span style=\"font-size: 12pt\" lang=\"ES-TRAD\"><o:p><font face=\"Arial\">\u00a0<\/font><\/o:p><\/span><\/p>\n<p style=\"margin: 0cm 0cm 0pt; text-align: justify\" class=\"MsoNormal\"><span style=\"font-size: 12pt\" lang=\"ES-TRAD\"><font face=\"Arial\">Estas monjas guardan con gran celo la Bula Papal de 1973, en que se declara al Beaterio como \u201cMonasterio de la tercera orden regular de San Francisco de As\u00eds\u201d.<\/font><\/span><\/p>\n<p style=\"margin: 0cm 0cm 0pt; text-align: justify\" class=\"MsoNormal\"><span style=\"font-size: 12pt\" lang=\"ES-TRAD\"><\/span><\/p>\n<p><span style=\"font-size: 12pt\" lang=\"ES-TRAD\"><font face=\"Arial\"><o:p>\u00a0<\/o:p><\/font><\/span><span style=\"font-size: 12pt\" lang=\"ES-TRAD\"><o:p><font face=\"Arial\">\u00a0<\/font><\/o:p><\/span><\/p>\n<p style=\"margin: 0cm 0cm 0pt; text-align: justify\" class=\"MsoNormal\"><span style=\"font-size: 12pt\" lang=\"ES-TRAD\"><font face=\"Arial\">Las flores que fueron regando a trav\u00e9s de los siglos las hicieron acreedoras a este rango. Son fundadoras del convento de Temazcalcingo, en 1963, del de Apaseo El Grande, en 1971, el de Xochiaca, en 1980, el de Acolman, en 1981, el de Amecameca, en 1982, y el de Toluca, en 1983.<\/font><\/span><\/p>\n<p style=\"margin: 0cm 0cm 0pt; text-align: justify\" class=\"MsoNormal\"><span style=\"font-size: 12pt\" lang=\"ES-TRAD\"><\/span><\/p>\n<p><span style=\"font-size: 12pt\" lang=\"ES-TRAD\"><font face=\"Arial\"><o:p>\u00a0<\/o:p><\/font><\/span><span style=\"font-size: 12pt\" lang=\"ES-TRAD\"><o:p><font face=\"Arial\">\u00a0<\/font><\/o:p><\/span><span style=\"font-size: 12pt\" lang=\"ES-TRAD\"><font face=\"Arial\">Este es el pueblo de San Juan Del R\u00edo repartido alrededor de los jardines sagrados.<o:p><\/o:p><\/font><\/span><span style=\"font-size: 12pt\" lang=\"ES-TRAD\"><o:p><font face=\"Arial\">\u00a0<\/font><\/o:p><\/span><\/p>\n<p style=\"margin: 0cm 0cm 0pt; text-align: justify\" class=\"MsoNormal\"><span style=\"font-size: 12pt\" lang=\"ES-TRAD\"><font face=\"Arial\">Es importante tener el recuerdo de estas beatas que le han dado nombre a la ciudad, como Beatriz Ma. De Jes\u00fas, Josefa Ma. De <st1:personname ProductID=\"la Concepci?n\" w:st=\"on\">la Concepci\u00f3n<\/st1:personname>, Antonia Gertrudis de Santa Ana, a Josefa Petra, A Mar\u00eda Francisca de las Llagas, a Vicenta del Sant\u00edsimo Sacramento, A Mar\u00eda Teresa del Sagrado Coraz\u00f3n, a Margarita Mar\u00eda, a Mar\u00eda de los Angeles del Consuelo, a Mar\u00eda de <st1:personname ProductID=\"la Divina Eucarist?a\" w:st=\"on\">la Divina Eucarist\u00eda<\/st1:personname> y as\u00ed a cientos de doncellas sanjuanenses.<\/font><\/span><\/p>\n<p style=\"margin: 0cm 0cm 0pt; text-align: justify\" class=\"MsoNormal\"><span style=\"font-size: 12pt\" lang=\"ES-TRAD\"><\/span><\/p>\n<p><span style=\"font-size: 12pt\" lang=\"ES-TRAD\"><font face=\"Arial\"><o:p>\u00a0<\/o:p><\/font><\/span><span style=\"font-size: 12pt\" lang=\"ES-TRAD\"><o:p><font face=\"Arial\">\u00a0<\/font><\/o:p><\/span><\/p>\n<p style=\"margin: 0cm 0cm 0pt; text-align: justify\" class=\"MsoNormal\"><span style=\"font-size: 12pt\" lang=\"ES-TRAD\"><font face=\"Arial\">Despu\u00e9s de recorrer algunos aspectos de la vida de la ciudad de San Juan Del R\u00edo, Tierra Blanca, Yztachichimecapam, solo queda escuchar el grito de los hombres habitantes inmemoriales de estos contornos, que junto con el poeta exclaman.<\/font><\/span><\/p>\n<p style=\"margin: 0cm 0cm 0pt; text-align: justify\" class=\"MsoNormal\"><span style=\"font-size: 12pt\" lang=\"ES-TRAD\"><\/span><\/p>\n<p><span style=\"font-size: 12pt\" lang=\"ES-TRAD\"><font face=\"Arial\"><o:p>\u00a0<\/o:p><\/font><\/span><strong><span style=\"font-size: 12pt\" lang=\"ES-TRAD\"><o:p><font face=\"Arial\">\u00a0<\/font><\/o:p><\/span><\/strong><strong><span style=\"font-size: 12pt\" lang=\"ES-TRAD\"><font face=\"Arial\">El sol por fin se hundi\u00f3 en el cielo<o:p><\/o:p><\/font><\/span><\/strong><strong><span style=\"font-size: 12pt\" lang=\"ES-TRAD\"><font face=\"Arial\">El sol en ocaso muere<o:p><\/o:p><\/font><\/span><\/strong><strong><span style=\"font-size: 12pt\" lang=\"ES-TRAD\"><font face=\"Arial\">Un reguero de la luz encantada<o:p><\/o:p><\/font><\/span><\/strong><strong><span style=\"font-size: 12pt\" lang=\"ES-TRAD\"><font face=\"Arial\">Va cayendo en los campos<o:p><\/o:p><\/font><\/span><\/strong><strong><span style=\"font-size: 12pt\" lang=\"ES-TRAD\"><o:p><font face=\"Arial\">\u00a0<\/font><\/o:p><\/span><\/strong><\/p>\n","protected":false},"excerpt":{"rendered":"<p>San Juan Del R\u00edo \u00a0 \u00a0 \u00a0 \u00a0 \u00a0 A veces ni advierto siquiera que lloro \u00bfSabr\u00e1n por que lloran las aguas del r\u00edo? \u00a0 \u00a0\u00a0\u00a0\u00a0\u00a0\u00a0\u00a0\u00a0\u00a0\u00a0\u00a0\u00a0\u00a0\u00a0\u00a0\u00a0\u00a0\u00a0\u00a0\u00a0\u00a0\u00a0\u00a0\u00a0\u00a0\u00a0\u00a0\u00a0\u00a0\u00a0\u00a0\u00a0\u00a0\u00a0\u00a0\u00a0\u00a0\u00a0\u00a0\u00a0\u00a0\u00a0\u00a0\u00a0\u00a0\u00a0\u00a0\u00a0\u00a0\u00a0\u00a0\u00a0\u00a0\u00a0\u00a0\u00a0\u00a0\u00a0\u00a0\u00a0\u00a0\u00a0\u00a0\u00a0\u00a0 Pablo Cabrera \u00a0\u00a0\u00a0 En el cerro de la Cruz,\u00a0 es el principio.\u00a0\u00a0\u00a0\u00a0\u00a0\u00a0 \u00a0 Este lugar est\u00e1 de irregular construcci\u00f3n, hay una calle muy larga con otras pocas que la [&hellip;]<\/p>\n","protected":false},"author":249,"featured_media":0,"comment_status":"open","ping_status":"closed","sticky":false,"template":"","format":"standard","meta":{"footnotes":""},"categories":[9,6],"tags":[],"class_list":["post-74","post","type-post","status-publish","format-standard","hentry","category-otros-lugares","category-valles-centrales"],"_links":{"self":[{"href":"https:\/\/eloficiodehistoriar.com.mx\/index.php?rest_route=\/wp\/v2\/posts\/74","targetHints":{"allow":["GET"]}}],"collection":[{"href":"https:\/\/eloficiodehistoriar.com.mx\/index.php?rest_route=\/wp\/v2\/posts"}],"about":[{"href":"https:\/\/eloficiodehistoriar.com.mx\/index.php?rest_route=\/wp\/v2\/types\/post"}],"author":[{"embeddable":true,"href":"https:\/\/eloficiodehistoriar.com.mx\/index.php?rest_route=\/wp\/v2\/users\/249"}],"replies":[{"embeddable":true,"href":"https:\/\/eloficiodehistoriar.com.mx\/index.php?rest_route=%2Fwp%2Fv2%2Fcomments&post=74"}],"version-history":[{"count":0,"href":"https:\/\/eloficiodehistoriar.com.mx\/index.php?rest_route=\/wp\/v2\/posts\/74\/revisions"}],"wp:attachment":[{"href":"https:\/\/eloficiodehistoriar.com.mx\/index.php?rest_route=%2Fwp%2Fv2%2Fmedia&parent=74"}],"wp:term":[{"taxonomy":"category","embeddable":true,"href":"https:\/\/eloficiodehistoriar.com.mx\/index.php?rest_route=%2Fwp%2Fv2%2Fcategories&post=74"},{"taxonomy":"post_tag","embeddable":true,"href":"https:\/\/eloficiodehistoriar.com.mx\/index.php?rest_route=%2Fwp%2Fv2%2Ftags&post=74"}],"curies":[{"name":"wp","href":"https:\/\/api.w.org\/{rel}","templated":true}]}}