{"id":75,"date":"2008-05-20T10:17:22","date_gmt":"2008-05-20T15:17:22","guid":{"rendered":"https:\/\/eloficiodehistoriar.com.mx\/?p=75"},"modified":"2008-05-24T13:07:20","modified_gmt":"2008-05-24T18:07:20","slug":"irapuato","status":"publish","type":"post","link":"https:\/\/eloficiodehistoriar.com.mx\/?p=75","title":{"rendered":"Irapuato"},"content":{"rendered":"<h1 align=\"center\" style=\"margin: 0cm 0cm 0pt; text-align: center\"><span style=\"font-weight: normal; font-size: 18pt; color: black; font-family: Arial\" lang=\"ES-TRAD\">Irapuato<o:p><\/o:p><\/span><\/h1>\n<p><span style=\"font-size: 12pt; color: black; font-family: Arial\" lang=\"ES-TRAD\"><o:p>\u00a0<\/o:p><\/span><\/p>\n<h1 style=\"margin: 0cm 0cm 0pt\"><span style=\"font-size: 12pt; color: black; font-family: Arial\" lang=\"ES-TRAD\">Eraitzicuitzio &#8211; Guayangareo<o:p><\/o:p><\/span><\/h1>\n<h1 style=\"margin: 0cm 0cm 0pt\"><span style=\"font-size: 12pt; color: black; font-family: Arial\" lang=\"ES-TRAD\">Tierra donde abunda el agua<o:p><\/o:p><\/span><\/h1>\n<p><span style=\"font-size: 12pt; color: black; font-family: Arial\" lang=\"ES-TRAD\"><o:p>\u00a0<\/o:p><\/span><span style=\"font-size: 12pt; color: black; font-family: Arial\" lang=\"ES-TRAD\"><o:p>\u00a0<\/o:p><\/span><\/p>\n<p style=\"margin: 0cm 0cm 0pt; text-align: justify\" class=\"MsoNormal\"><span style=\"font-size: 12pt; color: black; font-family: Arial\" lang=\"ES-TRAD\">Eraitzicuitzio se puede ver con mirada hacia adelante o en<span>\u00a0 <\/span>retrospectiva, el resultado es el mismo, el tiempo se detiene en los lugare\u00f1os, para ser pintado por Antonio Gonz\u00e1lez Ju\u00e1rez y apuntar lo sucedido el cronista, J. Jes\u00fas F\u00e9lix Maga\u00f1a.<\/span><\/p>\n<p style=\"margin: 0cm 0cm 0pt; text-align: justify\" class=\"MsoNormal\"><span style=\"font-size: 12pt; color: black; font-family: Arial\" lang=\"ES-TRAD\"><\/span><\/p>\n<p><span style=\"font-size: 12pt; color: black; font-family: Arial\" lang=\"ES-TRAD\"><o:p>\u00a0<\/o:p><\/span><span style=\"font-size: 12pt; color: black; font-family: Arial\" lang=\"ES-TRAD\"><o:p>\u00a0<\/o:p><\/span><\/p>\n<p style=\"margin: 0cm 0cm 0pt\" class=\"MsoBodyText\"><span style=\"font-size: 12pt; color: black; font-family: Arial\" lang=\"ES-TRAD\">Este lugar, donde abunda el agua, lo escogi\u00f3 el Dios Curicahueri para el encuentro de sus hijos, el pr\u00edncipe pur\u00e8pecha Uacux y la diosa luna Cuitzi. De este encuentro nace un pueblo, que desde que se empezaron a contar los d\u00edas de diferente manera y fue esto cuando llegaron los extra\u00f1os, ya han pasado cuatrocientos cincuenta a\u00f1os o un poco m\u00e1s.<\/span><\/p>\n<p style=\"margin: 0cm 0cm 0pt\" class=\"MsoBodyText\"><span style=\"font-size: 12pt; color: black; font-family: Arial\" lang=\"ES-TRAD\"><\/span><\/p>\n<p><span style=\"font-size: 12pt; color: black; font-family: Arial\" lang=\"ES-TRAD\"><o:p>\u00a0<\/o:p><\/span><span style=\"font-size: 12pt; color: black; font-family: Arial\" lang=\"ES-TRAD\"><o:p>\u00a0<\/o:p><\/span><\/p>\n<p style=\"margin: 0cm 0cm 0pt; text-align: justify\" class=\"MsoNormal\"><span style=\"font-size: 12pt; color: black; font-family: Arial\" lang=\"ES-TRAD\">Eraitzicuitzio, Guayangareo, \u2013 Irapuato &#8211; se abre camino entre sus bosques de mezquites, como los bosques de Las Animas, de San Miguelito y de San Juan. <\/span><\/p>\n<p style=\"margin: 0cm 0cm 0pt; text-align: justify\" class=\"MsoNormal\"><span style=\"font-size: 12pt; color: black; font-family: Arial\" lang=\"ES-TRAD\"><\/span><\/p>\n<p><span style=\"font-size: 12pt; color: black; font-family: Arial\" lang=\"ES-TRAD\"><o:p>\u00a0<\/o:p><\/span><span style=\"font-size: 12pt; color: black; font-family: Arial\" lang=\"ES-TRAD\"><o:p>\u00a0<\/o:p><\/span><span style=\"font-size: 12pt; color: black; font-family: Arial\" lang=\"ES-TRAD\">Este pueblo levanta su vista hacia \u201cel pa\u00eds de las siete luminarias\u201d en los cerros del Huilote, Buena Vista y Arandas, mientras se ba\u00f1a en las riberas del r\u00edo Silao que baja por las faldas del cerro de Arandas.<o:p><\/o:p><\/span><\/p>\n<p style=\"margin: 0cm 0cm 0pt; text-align: justify\" class=\"MsoNormal\">&nbsp;<\/p>\n<p><span style=\"font-size: 12pt; color: black; font-family: Arial\" lang=\"ES-TRAD\"><o:p>\u00a0<\/o:p><\/span><\/p>\n<p style=\"margin: 0cm 0cm 0pt; text-align: justify\" class=\"MsoNormal\"><span style=\"font-size: 12pt; color: black; font-family: Arial\" lang=\"ES-TRAD\">Esta tierra bendecida por los dioses pur\u00e8pechas y chichimecas, bendecida para la abundancia, esta tierra de frontera entre el pueblo tarasco y <st1:personname ProductID=\"la Gran Chichimeca\" w:st=\"on\">la Gran Chichimeca<\/st1:personname>, fue conquistada bien a bien no se sabe s\u00ed por Juan De<span>\u00a0 <\/span>Villase\u00f1or y Cervantes o Nu\u00f1o De Guzam\u00e0n.<\/span><\/p>\n<p style=\"margin: 0cm 0cm 0pt; text-align: justify\" class=\"MsoNormal\"><span style=\"font-size: 12pt; color: black; font-family: Arial\" lang=\"ES-TRAD\"><\/span><\/p>\n<p><span style=\"font-size: 12pt; color: black; font-family: Arial\" lang=\"ES-TRAD\"><o:p>\u00a0<\/o:p><\/span><span style=\"font-size: 12pt; color: black; font-family: Arial\" lang=\"ES-TRAD\"><o:p>\u00a0<\/o:p><\/span><\/p>\n<p style=\"margin: 0cm 0cm 0pt; text-align: justify\" class=\"MsoNormal\"><span style=\"font-size: 12pt; color: black; font-family: Arial\" lang=\"ES-TRAD\">Concedida primeramente como merced de tierras o estancia para ganado mayor, a quienes tenemos por fundadores espa\u00f1oles: Francisco Hern\u00e1ndez, Francisco Sixtos, Esteban Gami\u00f1o, Andr\u00e9s y Antonio L\u00f3pez, por c\u00e9dula real del rey Carlos V, y dice la tradici\u00f3n que fue con fecha del 15 de febrero de 1547, estando de visita el obispo Vasco de Quiroga.<\/span><\/p>\n<p style=\"margin: 0cm 0cm 0pt; text-align: justify\" class=\"MsoNormal\"><span style=\"font-size: 12pt; color: black; font-family: Arial\" lang=\"ES-TRAD\"><\/span><\/p>\n<p><span style=\"font-size: 12pt; color: black; font-family: Arial\" lang=\"ES-TRAD\"><o:p>\u00a0<\/o:p><\/span><span style=\"font-size: 12pt; color: black; font-family: Arial\" lang=\"ES-TRAD\"><o:p>\u00a0<\/o:p><\/span><\/p>\n<p style=\"margin: 0cm 0cm 0pt\" class=\"MsoBodyText\"><span style=\"font-size: 12pt; color: black; font-family: Arial\" lang=\"ES-TRAD\">El historiador Pedro Mart\u00ednez de <st1:personname ProductID=\"la Rosa\" w:st=\"on\">la Rosa<\/st1:personname>, seg\u00fan me mostr\u00f3 carta y documento, el cronista Jes\u00fas F\u00e9lix Maga\u00f1a, le inform\u00f3 que encontr\u00f3 un documento en el A.G.N., donde que el<span>\u00a0\u00a0 <\/span>30 de abril de 1557,<span>\u00a0 <\/span>a un tal Francisco Hern\u00e0ndez, el virrey Luis de Velasco le concede merced de estancia en este lugar llamado Irapuato.<\/span><\/p>\n<p style=\"margin: 0cm 0cm 0pt\" class=\"MsoBodyText\"><span style=\"font-size: 12pt; color: black; font-family: Arial\" lang=\"ES-TRAD\"><\/span><\/p>\n<p><span style=\"font-size: 12pt; color: black; font-family: Arial\" lang=\"ES-TRAD\"><o:p>\u00a0<\/o:p><\/span><span style=\"font-size: 12pt; color: black; font-family: Arial\" lang=\"ES-TRAD\"><o:p>\u00a0<\/o:p><\/span><\/p>\n<p style=\"margin: 0cm 0cm 0pt; text-align: justify\" class=\"MsoNormal\"><span style=\"font-size: 12pt; color: black; font-family: Arial\" lang=\"ES-TRAD\">Posteriormente se encontr\u00f3 otro documento en el A.H.G. donde en el mismo tenor,<span>\u00a0 <\/span>Francisco Hern\u00e0ndez concede una parte de las tierras de su estancia de Irapuato o<span>\u00a0 <\/span>Guayangareo a Pedro G\u00f3mez y Ger\u00f2nimo Giralde.<span>\u00a0 <\/span><\/span><\/p>\n<p style=\"margin: 0cm 0cm 0pt; text-align: justify\" class=\"MsoNormal\"><span style=\"font-size: 12pt; color: black; font-family: Arial\" lang=\"ES-TRAD\"><span><\/span><\/span><\/p>\n<p><span style=\"font-size: 12pt; color: black; font-family: Arial\" lang=\"ES-TRAD\"><span><\/span><o:p>\u00a0<\/o:p><\/span><span style=\"font-size: 12pt; color: black; font-family: Arial\" lang=\"ES-TRAD\"><o:p>\u00a0<\/o:p><\/span><\/p>\n<p style=\"margin: 0cm 0cm 0pt\" class=\"MsoBodyText\"><span style=\"font-size: 12pt; color: black; font-family: Arial\" lang=\"ES-TRAD\">A pesar de la fecha, 15 de febrero de 1547, que se tiene como la de la fundaci\u00f3n de Irapuato,<span>\u00a0 <\/span>la fiesta patronal de la ciudad es la del 24 de abril o la del 30 del mismo mes, y es con este tipo de festividad con la que se acostumbraba<span>\u00a0 <\/span>dar por iniciada cualquier fundaci\u00f3n espa\u00f1ola o congregaci\u00f3n de indios en la \u00e9poca de la invasi\u00f3n europea.<\/span><\/p>\n<p style=\"margin: 0cm 0cm 0pt\" class=\"MsoBodyText\"><span style=\"font-size: 12pt; color: black; font-family: Arial\" lang=\"ES-TRAD\"><\/span><\/p>\n<p><span style=\"font-size: 12pt; color: black; font-family: Arial\" lang=\"ES-TRAD\"><o:p>\u00a0<\/o:p><\/span><span style=\"font-size: 12pt; color: black; font-family: Arial\" lang=\"ES-TRAD\"><o:p>\u00a0<\/o:p><\/span><\/p>\n<p style=\"margin: 0cm 0cm 0pt\" class=\"MsoBodyText\"><span style=\"font-size: 12pt; color: black; font-family: Arial\" lang=\"ES-TRAD\">Para Irapuato la del 24 de abril es el d\u00eda de San Marcos, patrono titular o pudiera ser tambi\u00e9n la del 30 del mismo mes, d\u00eda dedicado a Nuestra Se\u00f1ora de <st1:personname ProductID=\"la Soledad\" w:st=\"on\">la Soledad<\/st1:personname>, fecha coincidente con documentos referentes a mercedes concedidas por Luis de Velasco.<\/span><\/p>\n<p style=\"margin: 0cm 0cm 0pt\" class=\"MsoBodyText\"><span style=\"font-size: 12pt; color: black; font-family: Arial\" lang=\"ES-TRAD\"><\/span><\/p>\n<p><span style=\"font-size: 12pt; color: black; font-family: Arial\" lang=\"ES-TRAD\">\u00a0<o:p><\/o:p><\/span><span style=\"font-size: 12pt; color: black; font-family: Arial\" lang=\"ES-TRAD\"><o:p>\u00a0<\/o:p><\/span><\/p>\n<p style=\"margin: 0cm 0cm 0pt\" class=\"MsoBodyText\"><span style=\"font-size: 12pt; color: black; font-family: Arial\" lang=\"ES-TRAD\">Cabe hacer menci\u00f3n que la parroquia de Irapuato tiene cura beneficiado seg\u00fan documento encontrado en los archivos de <st1:personname ProductID=\"la Parroquia\" w:st=\"on\">la Parroquia<\/st1:personname> de <st1:personname ProductID=\"la Soledad\" w:st=\"on\">la Soledad<\/st1:personname> desde 1564 y que para 1574 Irapuato pertenece a <st1:personname ProductID=\"la Alcald?a\" w:st=\"on\">la Alcald\u00eda<\/st1:personname> mayor de Guanajuato y es considerado un pueblo de indios, fechas cercanas a la de la fundaci\u00f3n, seg\u00fan la tradici\u00f3n.<\/span><\/p>\n<p style=\"margin: 0cm 0cm 0pt\" class=\"MsoBodyText\"><span style=\"font-size: 12pt; color: black; font-family: Arial\" lang=\"ES-TRAD\"><\/span><\/p>\n<p><span style=\"font-size: 12pt; color: black; font-family: Arial\" lang=\"ES-TRAD\"><o:p>\u00a0<\/o:p><\/span><span style=\"font-size: 12pt; color: black; font-family: Arial\" lang=\"ES-TRAD\"><o:p>\u00a0<\/o:p><\/span><\/p>\n<p style=\"margin: 0cm 0cm 0pt\" class=\"MsoBodyText\"><span style=\"font-size: 12pt; color: black; font-family: Arial\" lang=\"ES-TRAD\">Los verdaderos fundadores son pues,<span>\u00a0 <\/span>los pueblos pur\u00e8pechas y<span>\u00a0 <\/span>chichimecas, due\u00f1os inmemoriales de estas tierras, recu\u00e9rdese que junto a la antigua laguna, como era el lugar donde se encuentra ubicada la ciudad, se han encontrado cuesillos y osamentas, que indican poblamiento de la zona anterior a la fundaci\u00f3n espa\u00f1ola.<\/span><\/p>\n<p style=\"margin: 0cm 0cm 0pt\" class=\"MsoBodyText\"><span style=\"font-size: 12pt; color: black; font-family: Arial\" lang=\"ES-TRAD\"><\/span><\/p>\n<p><span style=\"font-size: 12pt; color: black; font-family: Arial\" lang=\"ES-TRAD\"><o:p>\u00a0<\/o:p><\/span><span style=\"font-size: 12pt; color: black; font-family: Arial\" lang=\"ES-TRAD\"><o:p>\u00a0<\/o:p><\/span><\/p>\n<p style=\"margin: 0cm 0cm 0pt\" class=\"MsoBodyText\"><span style=\"font-size: 12pt; color: black; font-family: Arial\" lang=\"ES-TRAD\">Se dan los primeros asentamientos ind\u00edgenas, despu\u00e9s de la concesi\u00f3n de mercedes de tierras y estancias para ganado, en el lugar que ocupa actualmente Irapuato.<span>\u00a0 <\/span><\/span><\/p>\n<p style=\"margin: 0cm 0cm 0pt\" class=\"MsoBodyText\"><span style=\"font-size: 12pt; color: black; font-family: Arial\" lang=\"ES-TRAD\"><span><\/span><\/span><\/p>\n<p><span style=\"font-size: 12pt; color: black; font-family: Arial\" lang=\"ES-TRAD\"><span><\/span><o:p>\u00a0<\/o:p><\/span><span style=\"font-size: 12pt; color: black; font-family: Arial\" lang=\"ES-TRAD\"><o:p>\u00a0<\/o:p><\/span><\/p>\n<p style=\"margin: 0cm 0cm 0pt\" class=\"MsoBodyText\"><span style=\"font-size: 12pt; color: black; font-family: Arial\" lang=\"ES-TRAD\">Primero el de los pur\u00e8pechas o Tarascos, ubicado junto a donde se encuentra el Hospital de Nuestra Se\u00f1ora de <st1:personname ProductID=\"la Misericordia\" w:st=\"on\">la Misericordia<\/st1:personname>, o el llamado templo del Hospitalito y el otro el de los otom\u00eces, venidos como apoyo a los espa\u00f1oles invasores, que se encontraba junto al templo de San Jos\u00e9 y formaban un barrio aparte. <\/span><\/p>\n<p style=\"margin: 0cm 0cm 0pt\" class=\"MsoBodyText\"><span style=\"font-size: 12pt; color: black; font-family: Arial\" lang=\"ES-TRAD\"><\/span><\/p>\n<p><span style=\"font-size: 12pt; color: black; font-family: Arial\" lang=\"ES-TRAD\"><o:p>\u00a0<\/o:p><\/span><span style=\"font-size: 12pt; color: black; font-family: Arial\" lang=\"ES-TRAD\"><o:p>\u00a0<\/o:p><\/span><\/p>\n<p style=\"margin: 0cm 0cm 0pt; text-align: justify\" class=\"MsoNormal\"><span style=\"font-size: 12pt; color: black; font-family: Arial\" lang=\"ES-TRAD\">Los otom\u00eces fueron pueblos civilizadores mesoamericanos tra\u00eddos por los invasores a estas tierras para \u201cpacificar\u201d y poblar la zona de <st1:personname ProductID=\"la Gran Chichimeca\" w:st=\"on\">la Gran Chichimeca<\/st1:personname>, en las incursiones al norte del continente, del camino de la plata y de la regi\u00f3n del pacifico.<\/span><\/p>\n<p style=\"margin: 0cm 0cm 0pt; text-align: justify\" class=\"MsoNormal\"><span style=\"font-size: 12pt; color: black; font-family: Arial\" lang=\"ES-TRAD\"><\/span><\/p>\n<p><span style=\"font-size: 12pt; color: black; font-family: Arial\" lang=\"ES-TRAD\"><o:p>\u00a0<\/o:p><\/span><span style=\"font-size: 12pt; color: black; font-family: Arial\" lang=\"ES-TRAD\"><o:p>\u00a0<\/o:p><\/span><\/p>\n<p style=\"margin: 0cm 0cm 0pt; text-align: justify\" class=\"MsoNormal\"><span style=\"font-size: 12pt; color: black; font-family: Arial\" lang=\"ES-TRAD\">Las calles de Irapuato se fueron formando seg\u00fan los cauces de los r\u00edos, tomando sus nombres seg\u00fan la ubicaci\u00f3n, por alg\u00fan suceso notable o por el oficio de sus moradores, siendo la primera la que conocemos hoy d\u00eda como la calle de Cortazar y as\u00ed siguieron la del Oidor, la del Zapatero, la del Cerezo, la del Socorro, la del Refugio, la de los Palos, la de <st1:personname ProductID=\"La Tanda\" w:st=\"on\">La Tanda<\/st1:personname> y otras m\u00e1s.<\/span><\/p>\n<p style=\"margin: 0cm 0cm 0pt; text-align: justify\" class=\"MsoNormal\"><span style=\"font-size: 12pt; color: black; font-family: Arial\" lang=\"ES-TRAD\"><\/span><\/p>\n<p><span style=\"font-size: 12pt; color: black; font-family: Arial\" lang=\"ES-TRAD\"><o:p>\u00a0<\/o:p><\/span><span style=\"font-size: 12pt; color: black; font-family: Arial\" lang=\"ES-TRAD\"><o:p>\u00a0<\/o:p><\/span><\/p>\n<p style=\"margin: 0cm 0cm 0pt; text-align: justify\" class=\"MsoNormal\"><span style=\"font-size: 12pt; color: black; font-family: Arial\" lang=\"ES-TRAD\">Fueron naciendo poco a poco otros barrios como el de San Miguel, San Francisco, San Cayetano, Santa Ana, el pueblo de Jaripit\u00edo, las haciendas y los ranchos que ahora son parte de la ciudad o del municipio.<\/span><\/p>\n<p style=\"margin: 0cm 0cm 0pt; text-align: justify\" class=\"MsoNormal\"><span style=\"font-size: 12pt; color: black; font-family: Arial\" lang=\"ES-TRAD\"><\/span><\/p>\n<p><span style=\"font-size: 12pt; color: black; font-family: Arial\" lang=\"ES-TRAD\"><o:p>\u00a0<\/o:p><\/span><span style=\"font-size: 12pt; color: black; font-family: Arial\" lang=\"ES-TRAD\"><o:p>\u00a0<\/o:p><\/span><\/p>\n<p style=\"margin: 0cm 0cm 0pt; text-align: justify\" class=\"MsoNormal\"><span style=\"font-size: 12pt; color: black; font-family: Arial\" lang=\"ES-TRAD\">A<span>\u00a0 <\/span>finales del siglo XlX, qui\u00e9n llegaba a Irapuato por tren, deb\u00eda salir de la estaci\u00f3n pasando por donde estaban los hoteles y el nuevo molino, tomando despu\u00e9s por <st1:personname ProductID=\"La Calzada\" w:st=\"on\">La Calzada<\/st1:personname> y subiendo el puente de 5 de mayo, hasta <st1:personname ProductID=\"la Calle Real\" w:st=\"on\">la Calle Real<\/st1:personname> que da a <st1:personname ProductID=\"la Plaza Chica\" w:st=\"on\">la Plaza Chica<\/st1:personname> y luego a <st1:personname ProductID=\"la Plaza\" w:st=\"on\">la Plaza<\/st1:personname> de Armas, siguiendo por el hospital y Guadalupe,<span>\u00a0 <\/span>rumbo al pante\u00f3n y la salida a P\u00e8njamo.<\/span><\/p>\n<p style=\"margin: 0cm 0cm 0pt; text-align: justify\" class=\"MsoNormal\"><span style=\"font-size: 12pt; color: black; font-family: Arial\" lang=\"ES-TRAD\"><\/span><\/p>\n<p><span style=\"font-size: 12pt; color: black; font-family: Arial\" lang=\"ES-TRAD\"><o:p>\u00a0<\/o:p><\/span><span style=\"font-size: 12pt; color: black; font-family: Arial\" lang=\"ES-TRAD\"><o:p>\u00a0<\/o:p><\/span><\/p>\n<p style=\"margin: 0cm 0cm 0pt; text-align: justify\" class=\"MsoNormal\"><span style=\"font-size: 12pt; color: black; font-family: Arial\" lang=\"ES-TRAD\">Volviendo a los inicios de Irapuato se cree, como todo este tipo de eventos dados durante la invasi\u00f3n occidental a este continente, que la primera misa en el actual Irapuato se dijo en el lugar que hoy conocemos como <st1:personname ProductID=\"la Plaza\" w:st=\"on\">La Plaza<\/st1:personname> de <st1:personname ProductID=\"la Fundaci?n\" w:st=\"on\">la Fundaci\u00f3n<\/st1:personname>, origen tambi\u00e9n del Hospital de Indios y dejado bajo el patrocinio de Nuestra Se\u00f1ora de <st1:personname ProductID=\"la Misericordia.\" w:st=\"on\">la Misericordia.<\/st1:personname><\/span><\/p>\n<p style=\"margin: 0cm 0cm 0pt; text-align: justify\" class=\"MsoNormal\"><span style=\"font-size: 12pt; color: black; font-family: Arial\" lang=\"ES-TRAD\"><st1:personname ProductID=\"la Misericordia.\" w:st=\"on\"><\/st1:personname><\/span>\u00a0<\/p>\n<p><span style=\"font-size: 12pt; color: black; font-family: Arial\" lang=\"ES-TRAD\"><st1:personname ProductID=\"la Misericordia.\" w:st=\"on\"><\/st1:personname><o:p>\u00a0<\/o:p><\/span><span style=\"font-size: 12pt; color: black; font-family: Arial\" lang=\"ES-TRAD\"><o:p>\u00a0<\/o:p><\/span><\/p>\n<p style=\"margin: 0cm 0cm 0pt; text-align: justify\" class=\"MsoNormal\"><span style=\"font-size: 12pt; color: black; font-family: Arial\" lang=\"ES-TRAD\">Este templo y hospital, mas su patrocinio femenino, son s\u00edmbolo de unidad de los pueblos originarios de Am\u00e9rica, debido a su gran religiosidad, sobre todo a la madre de los dioses, coincidente con la veneraci\u00f3n cat\u00f3lica a <st1:personname ProductID=\"la Virgen Mar?a\" w:st=\"on\">la Virgen Mar\u00eda<\/st1:personname>, cre\u00e1ndose un sincretismo que perdura hasta la fecha y mantiene la identidad social. <\/span><\/p>\n<p style=\"margin: 0cm 0cm 0pt; text-align: justify\" class=\"MsoNormal\"><span style=\"font-size: 12pt; color: black; font-family: Arial\" lang=\"ES-TRAD\"><\/span><\/p>\n<p><span style=\"font-size: 12pt; color: black; font-family: Arial\" lang=\"ES-TRAD\"><o:p>\u00a0<\/o:p><\/span><span style=\"font-size: 12pt; color: black; font-family: Arial\" lang=\"ES-TRAD\"><o:p>\u00a0<\/o:p><\/span><\/p>\n<p style=\"margin: 0cm 0cm 0pt\" class=\"MsoBodyText\"><span style=\"font-size: 12pt; color: black; font-family: Arial\" lang=\"ES-TRAD\">Poco despu\u00e9s y con la llegada de los otom\u00eces se construy\u00f3 el barrio y el templo de San Jos\u00e9, para que estos se congregaran, posteriormente vino la edificaci\u00f3n de <st1:personname ProductID=\"la Parroquia\" w:st=\"on\">La Parroquia<\/st1:personname>, que tuvo como primer cura a Diego Antonio Hurtado de Mendoza.<\/span><\/p>\n<p style=\"margin: 0cm 0cm 0pt\" class=\"MsoBodyText\"><span style=\"font-size: 12pt; color: black; font-family: Arial\" lang=\"ES-TRAD\"><\/span><\/p>\n<p><span style=\"font-size: 12pt; color: black; font-family: Arial\" lang=\"ES-TRAD\"><o:p>\u00a0<\/o:p><\/span><span style=\"font-size: 12pt; color: black; font-family: Arial\" lang=\"ES-TRAD\"><o:p>\u00a0<\/o:p><\/span><\/p>\n<p style=\"margin: 0cm 0cm 0pt\" class=\"MsoBodyText\"><span style=\"font-size: 12pt; color: black; font-family: Arial\" lang=\"ES-TRAD\">Despu\u00e9s vinieron: La construcci\u00f3n del Convento Franciscano y sus quince capillas mas el templo de <st1:personname ProductID=\"La Tercera Orden\" w:st=\"on\">La Tercera Orden<\/st1:personname>, con un gran atrio, pante\u00f3n y huerta, todo esto o casi, destruido con el paso de la vida en esta ciudad, luego sigui\u00f3<span>\u00a0 <\/span>la construcci\u00f3n de la iglesia grande de Guadalupe, continuando con el Santuario de Nuestra Se\u00f1ora de <st1:personname ProductID=\"la Soledad. Son\" w:st=\"on\">la Soledad. Son<\/st1:personname> las construcciones religiosas m\u00e1s valiosas con que cuenta la ciudad actualmente.<\/span><\/p>\n<p style=\"margin: 0cm 0cm 0pt\" class=\"MsoBodyText\"><span style=\"font-size: 12pt; color: black; font-family: Arial\" lang=\"ES-TRAD\"><\/span><\/p>\n<p><span style=\"font-size: 12pt; color: black; font-family: Arial\" lang=\"ES-TRAD\"><o:p>\u00a0<\/o:p><\/span><span style=\"font-size: 12pt; color: black; font-family: Arial\" lang=\"ES-TRAD\"><o:p>\u00a0<\/o:p><\/span><\/p>\n<h2 style=\"margin: 0cm 0cm 0pt; text-align: justify\"><span style=\"font-size: 12pt; color: black; font-family: Arial\" lang=\"ES-TRAD\">Los primeros benefactores de Irapuato fueron el padre Ram\u00f3n Barreto de T\u00e0bora, que don\u00f3 bienes para la construcci\u00f3n de los conventos de San Francisco y de las Monjas de <st1:personname ProductID=\"la Ense?anza\" w:st=\"on\">la Ense\u00f1anza<\/st1:personname> junto con la viuda Juana Josefa de Arroyo, que adem\u00e1s don\u00f3 dinero para el templo grande de Nuestra Se\u00f1ora de Guadalupe, de all\u00ed vinieron m\u00e1s benefactores de la ciudad, seg\u00fan la costumbre piadosa del siglo XVlll.<\/span><\/h2>\n<h2 style=\"margin: 0cm 0cm 0pt; text-align: justify\"><span style=\"font-size: 12pt; color: black; font-family: Arial\" lang=\"ES-TRAD\"><\/span><\/h2>\n<h2 style=\"margin: 0cm 0cm 0pt; text-align: justify\"><span style=\"font-size: 12pt; color: black; font-family: Arial\" lang=\"ES-TRAD\"><o:p>\u00a0<\/o:p><\/span><\/h2>\n<p><span style=\"font-size: 12pt; color: black; font-family: Arial\"><o:p>\u00a0<\/o:p><\/span><\/p>\n<p style=\"margin: 0cm 0cm 0pt; text-align: justify\" class=\"MsoNormal\"><span style=\"font-size: 12pt; color: black; font-family: Arial\">En este lugar pues,<span>\u00a0 <\/span>donde confluye<span>\u00a0 <\/span>la fertilidad del suelo, la abundancia de agua y la benignidad del clima,<span>\u00a0 <\/span>se va formando<span>\u00a0 <\/span>Irapuato, forjado por sus habitantes a fuerza de trabajo, para el a\u00f1o de 1826 ya se le reconoce oficialmente, es un pueblo pr\u00f3spero, es <st1:personname ProductID=\"la Villa\" w:st=\"on\">la Villa<\/st1:personname> de San Marcos Irapuato.<\/span><\/p>\n<p style=\"margin: 0cm 0cm 0pt; text-align: justify\" class=\"MsoNormal\"><span style=\"font-size: 12pt; color: black; font-family: Arial\"><\/span><\/p>\n<p><span style=\"font-size: 12pt; color: black; font-family: Arial\"><o:p>\u00a0<\/o:p><\/span><span style=\"font-size: 12pt; color: black; font-family: Arial\"><o:p>\u00a0<\/o:p><\/span><\/p>\n<p style=\"margin: 0cm 0cm 0pt; text-align: justify\" class=\"MsoNormal\"><span style=\"font-size: 12pt; color: black; font-family: Arial\">Abundan para ese entonces<span>\u00a0 <\/span>en sus campos el ma\u00edz, el trigo, la cebada. Ya existe por esa \u00e9poca como pueblo dependiente de <st1:personname ProductID=\"la Villa\" w:st=\"on\">la Villa<\/st1:personname>, Jaripit\u00eco, 28 haciendas y 69 ranchos, muchos telares que se traducen en frazadas, rebozos, y jorongos. Aparecen los artesanos por todos los rumbos, comenzando por los talabarteros, alfareros y alba\u00f1iles, despu\u00e9s llega la fresa, los arboles de mora y el ferrocarril.<\/span><\/p>\n<p style=\"margin: 0cm 0cm 0pt; text-align: justify\" class=\"MsoNormal\"><span style=\"font-size: 12pt; color: black; font-family: Arial\"><\/span><\/p>\n<p><span style=\"font-size: 12pt; color: black; font-family: Arial\"><o:p>\u00a0<\/o:p><\/span><span style=\"font-size: 12pt; color: black; font-family: Arial\"><o:p>\u00a0<\/o:p><\/span><\/p>\n<p style=\"margin: 0cm 0cm 0pt; text-align: justify\" class=\"MsoNormal\"><span style=\"font-size: 12pt; color: black; font-family: Arial\">Irapuato, Iritzicuitzio o Guayangareo es el lugar donde convergen los caminos, es el centro de la patria.<\/span><\/p>\n<p style=\"margin: 0cm 0cm 0pt; text-align: justify\" class=\"MsoNormal\"><span style=\"font-size: 12pt; color: black; font-family: Arial\"><\/span><\/p>\n<p><span style=\"font-size: 12pt; color: black; font-family: Arial\"><o:p>\u00a0<\/o:p><\/span><span style=\"font-size: 12pt; color: black; font-family: Arial\"><o:p>\u00a0<\/o:p><\/span><\/p>\n<p style=\"margin: 0cm 0cm 0pt; text-align: justify\" class=\"MsoNormal\"><span style=\"font-size: 12pt; color: black; font-family: Arial\">Ning\u00fan lugare\u00f1o debe olvidar el barrio tarasco del Surumbe, donde Nuestra Se\u00f1ora de <st1:personname ProductID=\"la Misericordia\" w:st=\"on\">la Misericordia<\/st1:personname> posa sobre una peana de madera sobredorada y una media luna \u00e1rabe plateada, mientras viste un manto de Damasco y porta una corona.<\/span><\/p>\n<p style=\"margin: 0cm 0cm 0pt; text-align: justify\" class=\"MsoNormal\"><span style=\"font-size: 12pt; color: black; font-family: Arial\"><\/span><\/p>\n<p><span style=\"font-size: 12pt; color: black; font-family: Arial\"><o:p>\u00a0<\/o:p><\/span><span style=\"font-size: 12pt; color: black; font-family: Arial\"><o:p>\u00a0<\/o:p><\/span><\/p>\n<p style=\"margin: 0cm 0cm 0pt; text-align: justify\" class=\"MsoNormal\"><span style=\"font-size: 12pt; color: black; font-family: Arial\">Es el lugar donde se dijo la primera misa en la regi\u00f3n, es el s\u00edmbolo del mestizaje, all\u00ed se levant\u00f3 <st1:personname ProductID=\"la Cofrad?a\" w:st=\"on\">la Cofrad\u00eda<\/st1:personname> de los indios, organizaci\u00f3n que dio origen al justo levantamiento ind\u00edgena contra la imposici\u00f3n del nombre a la poblaci\u00f3n que dejaba de llamarse solamente Irapuato para ser llamada San Marcos Irapuato<span>\u00a0.<\/span><\/span><\/p>\n<p style=\"margin: 0cm 0cm 0pt; text-align: justify\" class=\"MsoNormal\"><span style=\"font-size: 12pt; color: black; font-family: Arial\"><span><\/span><\/span><\/p>\n<p><span style=\"font-size: 12pt; color: black; font-family: Arial\"><span>\u00a0 <\/span><o:p><\/o:p><\/span><span style=\"font-size: 12pt; color: black; font-family: Arial\"><o:p>\u00a0<\/o:p><\/span><\/p>\n<p style=\"margin: 0cm 0cm 0pt; text-align: justify\" class=\"MsoNormal\"><span style=\"font-size: 12pt; color: black; font-family: Arial\">El poder y la organizaci\u00f3n de los<span>\u00a0 <\/span>tarascos, los hizo propietarios, por medio de <st1:personname ProductID=\"la Cofrad?a\" w:st=\"on\">la Cofrad\u00eda<\/st1:personname>, no exist\u00eda otra forma legal para hacerlo,<span>\u00a0 <\/span>de las haciendas del Corral, Corralejo, <st1:personname ProductID=\"La Virgen\" w:st=\"on\">La Virgen<\/st1:personname> del Hospital, del Hospicio de <st1:personname ProductID=\"la Sant?sima Virgen\" w:st=\"on\">la Sant\u00edsima Virgen<\/st1:personname> y del rancho del Se\u00f1or de <st1:personname ProductID=\"la Misericordia.\" w:st=\"on\">la Misericordia.<\/st1:personname><\/span><\/p>\n<p style=\"margin: 0cm 0cm 0pt; text-align: justify\" class=\"MsoNormal\"><span style=\"font-size: 12pt; color: black; font-family: Arial\"><st1:personname ProductID=\"la Misericordia.\" w:st=\"on\"><\/st1:personname><\/span>\u00a0<\/p>\n<p><span style=\"font-size: 12pt; color: black; font-family: Arial\"><st1:personname ProductID=\"la Misericordia.\" w:st=\"on\"><\/st1:personname><o:p>\u00a0<\/o:p><\/span><span style=\"font-size: 12pt; color: black; font-family: Arial\"><o:p>\u00a0<\/o:p><\/span><\/p>\n<p style=\"margin: 0cm 0cm 0pt; text-align: justify\" class=\"MsoNormal\"><span style=\"font-size: 12pt; color: black; font-family: Arial\">En el lugar conocido como el Hospitalito, da inicio con la llegada de los invasores, el culto al nuevo Dios, los indios construyen como lo hicieron sus antepasados en Tula, ahora un templo con moldes nuevos, en forma de cruz latina, b\u00f3veda de ca\u00f1\u00f3n corrido, c\u00fapula con tambor y base hexagonal, torre y fachada barrocas.<\/span><\/p>\n<p style=\"margin: 0cm 0cm 0pt; text-align: justify\" class=\"MsoNormal\"><span style=\"font-size: 12pt; color: black; font-family: Arial\"><\/span><\/p>\n<p><span style=\"font-size: 12pt; color: black; font-family: Arial\"><o:p>\u00a0<\/o:p><\/span><span style=\"font-size: 12pt; color: black; font-family: Arial\"><o:p>\u00a0<\/o:p><\/span><\/p>\n<p style=\"margin: 0cm 0cm 0pt; text-align: justify\" class=\"MsoNormal\"><span style=\"font-size: 12pt; color: black; font-family: Arial\">Se tiene como fecha de inicio de la construcci\u00f3n del Hospital de indios de Nuestra Se\u00f1ora de <st1:personname ProductID=\"la Misericordia\" w:st=\"on\">la Misericordia<\/st1:personname> el a\u00f1o de 1617 y como t\u00e9rmino de esta el a\u00f1o de 1681 y ya para 1705 los tarascos se rebelan y se quejan contra el procurador de indios en la ciudad de M\u00e9xico y se\u00f1alan a Irapuato como pueblo de indios.<\/span><\/p>\n<p style=\"margin: 0cm 0cm 0pt; text-align: justify\" class=\"MsoNormal\"><span style=\"font-size: 12pt; color: black; font-family: Arial\"><\/span><\/p>\n<p><span style=\"font-size: 12pt; color: black; font-family: Arial\"><o:p>\u00a0<\/o:p><\/span><span style=\"font-size: 12pt; color: black; font-family: Arial\"><o:p>\u00a0<\/o:p><\/span><\/p>\n<p style=\"margin: 0cm 0cm 0pt; text-align: justify\" class=\"MsoNormal\"><span style=\"font-size: 12pt; color: black; font-family: Arial\">Para 1733 se construye el hermoso frontispicio del templo que conocemos como el Hospitalito y para 1748 llega a la ciudad y a este mismo templo un Cristo llamado de <st1:personname ProductID=\"la Humildad\" w:st=\"on\">la Humildad<\/st1:personname> y que se venera hasta la fecha con el nombre del Santo Cristo de <st1:personname ProductID=\"la Misericordia.\" w:st=\"on\">la Misericordia.<\/st1:personname><\/span><\/p>\n<p style=\"margin: 0cm 0cm 0pt; text-align: justify\" class=\"MsoNormal\"><span style=\"font-size: 12pt; color: black; font-family: Arial\"><st1:personname ProductID=\"la Misericordia.\" w:st=\"on\"><\/st1:personname><\/span>\u00a0<\/p>\n<p><span style=\"font-size: 12pt; color: black; font-family: Arial\"><st1:personname ProductID=\"la Misericordia.\" w:st=\"on\"><\/st1:personname><o:p>\u00a0<\/o:p><\/span><span style=\"font-size: 12pt; color: black; font-family: Arial\"><o:p>\u00a0<\/o:p><\/span><\/p>\n<p style=\"margin: 0cm 0cm 0pt; text-align: justify\" class=\"MsoNormal\"><span style=\"font-size: 12pt; color: black; font-family: Arial\">En estas circunstancias los indios constructores le dieron lugar a su ideolog\u00eda y creencia culturalmente milenarias, esculpiendo en lugar privilegiado al Sol y a <st1:personname ProductID=\"la Luna\" w:st=\"on\">la Luna<\/st1:personname>, en la fachada lateral una figura antropomorfa, signo inequ\u00edvoco de su pensar milenario sobre el mundo, el cosmos y la divinidad.<\/span><\/p>\n<p style=\"margin: 0cm 0cm 0pt; text-align: justify\" class=\"MsoNormal\"><span style=\"font-size: 12pt; color: black; font-family: Arial\"><\/span><\/p>\n<p><span style=\"font-size: 12pt; color: black; font-family: Arial\"><o:p>\u00a0<\/o:p><\/span><span style=\"font-size: 12pt; color: black; font-family: Arial\"><o:p>\u00a0<\/o:p><\/span><\/p>\n<p style=\"margin: 0cm 0cm 0pt; text-align: justify\" class=\"MsoNormal\"><span style=\"font-size: 12pt; color: black; font-family: Arial\">Donde se encuentra <st1:personname ProductID=\"la Plaza\" w:st=\"on\">la Plaza<\/st1:personname> de <st1:personname ProductID=\"la Fundaci?n\" w:st=\"on\">la Fundaci\u00f3n<\/st1:personname> y el templo del Hospitalito es sin duda el lugar m\u00e1s representativo de la ciudad, por ser el lugar del dominio tarasco y de inicio de la ciudad en Irapuato. Ya no existe el Hospital de indios.<\/span><\/p>\n<p style=\"margin: 0cm 0cm 0pt; text-align: justify\" class=\"MsoNormal\"><span style=\"font-size: 12pt; color: black; font-family: Arial\"><\/span><\/p>\n<p><span style=\"font-size: 12pt; color: black; font-family: Arial\"><o:p>\u00a0<\/o:p><\/span><span style=\"font-size: 12pt; color: black; font-family: Arial\"><o:p>\u00a0<\/o:p><\/span><\/p>\n<p style=\"margin: 0cm 0cm 0pt; text-align: justify\" class=\"MsoNormal\"><span style=\"font-size: 12pt; color: black; font-family: Arial\">Existe en esta Plaza de <st1:personname ProductID=\"la Fundaci?n\" w:st=\"on\">la Fundaci\u00f3n<\/st1:personname> un mural realizado en piedras de colores por Salvador Almar\u00e1z representando la historia de Irapuato desde sus or\u00edgenes, pasando por la invasi\u00f3n espa\u00f1ola.<\/span><\/p>\n<p style=\"margin: 0cm 0cm 0pt; text-align: justify\" class=\"MsoNormal\"><span style=\"font-size: 12pt; color: black; font-family: Arial\"><\/span><\/p>\n<p><span style=\"font-size: 12pt; color: black; font-family: Arial\"><o:p>\u00a0<\/o:p><\/span><span style=\"font-size: 12pt; color: black; font-family: Arial\"><o:p>\u00a0<\/o:p><\/span><\/p>\n<p style=\"margin: 0cm 0cm 0pt; text-align: justify\" class=\"MsoNormal\"><span style=\"font-size: 12pt; color: black; font-family: Arial\">Tambi\u00e9n existe un mural de Luis Arag\u00f3n donde se expresa por medio de s\u00edmbolos y figuras el origen inmemorial de los primeros habitantes de este lugar y la invasi\u00f3n espa\u00f1ola con su mestizaje en Irapuato.<\/span><\/p>\n<p style=\"margin: 0cm 0cm 0pt; text-align: justify\" class=\"MsoNormal\"><span style=\"font-size: 12pt; color: black; font-family: Arial\"><\/span><\/p>\n<p><span style=\"font-size: 12pt; color: black; font-family: Arial\"><o:p>\u00a0<\/o:p><\/span><span style=\"font-size: 12pt; color: black; font-family: Arial\"><o:p>\u00a0<\/o:p><\/span><\/p>\n<p style=\"margin: 0cm 0cm 0pt; text-align: justify\" class=\"MsoNormal\"><span style=\"font-size: 12pt; color: black; font-family: Arial\">Las monjas de <st1:personname ProductID=\"la Ense?anza\" w:st=\"on\">la Ense\u00f1anza<\/st1:personname> de M\u00e9xico fundan en esta poblaci\u00f3n un convento y templo, orgullo local y se dedica a la preparaci\u00f3n y educaci\u00f3n de la ni\u00f1ez femenina, mientras que para 1761, en un 17 de julio se funda el convento de San Francisco siendo su primer Prior, Fray Domingo de Villase\u00f1or. <\/span><\/p>\n<p style=\"margin: 0cm 0cm 0pt; text-align: justify\" class=\"MsoNormal\"><span style=\"font-size: 12pt; color: black; font-family: Arial\"><\/span><\/p>\n<p><span style=\"font-size: 12pt; color: black; font-family: Arial\"><o:p>\u00a0<\/o:p><\/span><span style=\"font-size: 12pt; color: black; font-family: Arial\"><o:p>\u00a0<\/o:p><\/span><span style=\"font-size: 12pt; color: black; font-family: Arial\">Se levantan los primeros portales, conocidos actualmente como Portal Libertad, por el a\u00f1o de 1736.<o:p><\/o:p><\/span><span style=\"font-size: 12pt; color: black; font-family: Arial\"><o:p>\u00a0<\/o:p><\/span><\/p>\n<p style=\"margin: 0cm 0cm 0pt; text-align: justify\" class=\"MsoNormal\"><span style=\"font-size: 12pt; color: black; font-family: Arial\">La llegada del ferrocarril, la orientaci\u00f3n que se da a la exportaci\u00f3n<span>\u00a0 <\/span>de los productos agr\u00edcolas, los productos<span>\u00a0 <\/span>agroindustriales y la peque\u00f1a industria del vestido, han hecho de Irapuato una ciudad de gran importancia en el estado y en el pa\u00eds.<\/span><\/p>\n<p style=\"margin: 0cm 0cm 0pt; text-align: justify\" class=\"MsoNormal\"><span style=\"font-size: 12pt; color: black; font-family: Arial\"><\/span><\/p>\n<p><span style=\"font-size: 12pt; color: black; font-family: Arial\"><o:p>\u00a0<\/o:p><\/span><span style=\"font-size: 12pt; color: black; font-family: Arial\"><o:p>\u00a0<\/o:p><\/span><\/p>\n<p style=\"margin: 0cm 0cm 0pt; text-align: justify\" class=\"MsoNormal\"><span style=\"font-size: 12pt; color: black; font-family: Arial\">Para principios del siglo XlX eran quince mil los habitantes y con el desarrollo mencionado pas\u00f3 r\u00e1pidamente a cincuenta mil habitantes, teniendo en cuenta que con ello los comerciantes y la banca, entraron a darle un nuevo impulso a la poblaci\u00f3n.<\/span><\/p>\n<p style=\"margin: 0cm 0cm 0pt; text-align: justify\" class=\"MsoNormal\"><span style=\"font-size: 12pt; color: black; font-family: Arial\"><\/span><\/p>\n<p><span style=\"font-size: 12pt; color: black; font-family: Arial\"><o:p>\u00a0<\/o:p><\/span><span style=\"font-size: 12pt; color: black; font-family: Arial\"><o:p>\u00a0<\/o:p><\/span><\/p>\n<p style=\"margin: 0cm 0cm 0pt; text-align: justify\" class=\"MsoNormal\"><span style=\"font-size: 12pt; color: black; font-family: Arial\">El palacio municipal ya ubicado en el antiguo colegio de <st1:personname ProductID=\"la Ense?anza\" w:st=\"on\">la Ense\u00f1anza<\/st1:personname>, el hospital civil, los puentes sobre el r\u00edo, el jard\u00edn de San Francisco, y las huertas con frutales y hortalizas, le daban un aire de prosperidad, lo mismo que sus ranchos y haciendas.<\/span><\/p>\n<p style=\"margin: 0cm 0cm 0pt; text-align: justify\" class=\"MsoNormal\"><span style=\"font-size: 12pt; color: black; font-family: Arial\"><\/span><\/p>\n<p><span style=\"font-size: 12pt; color: black; font-family: Arial\"><o:p>\u00a0<\/o:p><\/span><span style=\"font-size: 12pt; color: black; font-family: Arial\"><o:p>\u00a0<\/o:p><\/span><\/p>\n<p style=\"margin: 0cm 0cm 0pt; text-align: justify\" class=\"MsoNormal\"><span style=\"font-size: 12pt; color: black; font-family: Arial\">Cuando se le reconoce oficialmente como ciudad en el a\u00f1o de 1893, ya tiene un hermoso paseo que es <st1:personname ProductID=\"La Calzada\" w:st=\"on\">la Calzada<\/st1:personname> de Guadalupe, dos curas contando el de Jaripit\u00eco, doce templos, cerca de setenta profesionistas y doscientos bur\u00f3cratas.<\/span><\/p>\n<p style=\"margin: 0cm 0cm 0pt; text-align: justify\" class=\"MsoNormal\"><span style=\"font-size: 12pt; color: black; font-family: Arial\"><\/span><\/p>\n<p><span style=\"font-size: 12pt; color: black; font-family: Arial\"><o:p>\u00a0<\/o:p><\/span><span style=\"font-size: 12pt; color: black; font-family: Arial\"><o:p>\u00a0<\/o:p><\/span><\/p>\n<p style=\"margin: 0cm 0cm 0pt; text-align: justify\" class=\"MsoNormal\"><span style=\"font-size: 12pt; color: black; font-family: Arial\">La actividad industrial crec\u00eda r\u00e1pidamente entre telares y tener\u00edas, zapater\u00edas, talabarter\u00edas y productos como el jab\u00f3n, velas, pastas y much\u00ecsimos otros m\u00e1s. Junto a esto un gran comercio y servicios como imprenta, molinos, peluquer\u00edas, fot\u00f3grafos, ba\u00f1os, hoteles y ranchos que se poblaban r\u00e1pidamente como <st1:personname ProductID=\"La Calera\" w:st=\"on\">La Calera<\/st1:personname>, Tomelopitos, Carrizalitos, Lo de Ju\u00e1rez.<\/span><\/p>\n<p style=\"margin: 0cm 0cm 0pt; text-align: justify\" class=\"MsoNormal\"><span style=\"font-size: 12pt; color: black; font-family: Arial\"><\/span><\/p>\n<p><span style=\"font-size: 12pt; color: black; font-family: Arial\"><o:p>\u00a0<\/o:p><\/span><span style=\"font-size: 12pt; color: black; font-family: Arial\"><o:p>\u00a0<\/o:p><\/span><\/p>\n<p style=\"margin: 0cm 0cm 0pt; text-align: justify\" class=\"MsoNormal\"><span style=\"font-size: 12pt; color: black; font-family: Arial\">Sus tradiciones aumentaban: La garbanza, las gorditas de trigo, el pan de horno, el alfe\u00f1ique, las gardenias, las tardes de serenata, las mujeres obreras, la cigarrera, la cerillera, los tranv\u00edas tirados por mulas, las fiestas de diciembre, la feria de la fresa, el duelo a <st1:personname ProductID=\"La Virgen\" w:st=\"on\">la Virgen<\/st1:personname> de <st1:personname ProductID=\"la Soledad\" w:st=\"on\">la Soledad<\/st1:personname>, el culto al se\u00f1or de <st1:personname ProductID=\"la Misericordia\" w:st=\"on\">la Misericordia<\/st1:personname>,<span>\u00a0 <\/span>las fiestas de los barrios, la fiesta de san Cayetano.<\/span><\/p>\n<p style=\"margin: 0cm 0cm 0pt; text-align: justify\" class=\"MsoNormal\"><span style=\"font-size: 12pt; color: black; font-family: Arial\"><\/span><\/p>\n<p><span style=\"font-size: 12pt; color: black; font-family: Arial\"><o:p>\u00a0<\/o:p><\/span><span style=\"font-size: 12pt; color: black; font-family: Arial\"><o:p>\u00a0<\/o:p><\/span><\/p>\n<p style=\"margin: 0cm 0cm 0pt; text-align: justify\" class=\"MsoNormal\"><span style=\"font-size: 12pt; color: black; font-family: Arial\">Brotan los nombres de sus ciudadanos distinguidos durante su transcurrir del tiempo como el del P. Juan Nepomuceno Garc\u00eda, iniciador de la tradici\u00f3n de la fiesta de los barrios, la se\u00f1ora Guadalupe de Vargas fundadora del actual hospital civil, el torero Arcadio Ram\u00edrez, el primer impresor Vicente Cervantes,<span>\u00a0 <\/span>la religiosa Magdalena Vargas Galeana, el historiador Luis Ch\u00e0vez Orozco, los obispos R\u00f2mulo Betancurt, J. Jes\u00fas Rico y Samuel Ruiz Garc\u00eda, Pedro Mart\u00ednez, iniciador de las escuelas municipales, el pintor Salvador Almaraz, el periodista y cronista Eduardo M. Vargas.<\/span><\/p>\n<p style=\"margin: 0cm 0cm 0pt; text-align: justify\" class=\"MsoNormal\"><span style=\"font-size: 12pt; color: black; font-family: Arial\"><\/span><\/p>\n<p><span style=\"font-size: 12pt; color: black; font-family: Arial\"><o:p>\u00a0<\/o:p><\/span><span style=\"font-size: 12pt; color: black; font-family: Arial\"><o:p>\u00a0<\/o:p><\/span><\/p>\n<p style=\"margin: 0cm 0cm 0pt; text-align: justify\" class=\"MsoNormal\"><span style=\"font-size: 12pt; color: black; font-family: Arial\">Es verdaderamente grato, detenerse en el templo otom\u00ec llamado San Jos\u00e9, obra escult\u00f3rica interpretada por los grandes escultores de los templos toltecas, est\u00e1 hecho en forma de cruz latina, simula tres naves, b\u00f3veda de ca\u00f1\u00f3n corrida, c\u00fapula de tambor con base octagonal, torre de cuatro cuerpos y un remate, parece esculpida en cera.<\/span><\/p>\n<p style=\"margin: 0cm 0cm 0pt; text-align: justify\" class=\"MsoNormal\"><span style=\"font-size: 12pt; color: black; font-family: Arial\"><\/span><\/p>\n<p><span style=\"font-size: 12pt; color: black; font-family: Arial\"><o:p>\u00a0<\/o:p><\/span><span style=\"font-size: 12pt; color: black; font-family: Arial\"><o:p>\u00a0<\/o:p><\/span><\/p>\n<p style=\"margin: 0cm 0cm 0pt\" class=\"MsoBodyText\"><span style=\"font-size: 12pt; color: black; font-family: Arial\">Los nichos de la fachada est\u00e1n acortinados con cantera labrada bellamente, una escultura de San Jos\u00e9 preside desde lo alto, el Cristo de la portada no deja lugar a distracci\u00f3n de la vista, lo contemplan Mar\u00eda y Juan, formando un Calvario en cantera rosa antigua, es la doctrina cristiana que facinar\u00eca al indio, por la semejanza con la suya, los \u00e1ngeles con caras de indios vigilan, en un sincretismo puro. Hay dos pasillos entre columnas de orden corintio.<\/span><\/p>\n<p style=\"margin: 0cm 0cm 0pt\" class=\"MsoBodyText\"><span style=\"font-size: 12pt; color: black; font-family: Arial\"><\/span><\/p>\n<p><span style=\"font-size: 12pt; color: black; font-family: Arial\"><o:p>\u00a0<\/o:p><\/span><span style=\"font-size: 12pt; color: black; font-family: Arial\"><o:p>\u00a0<\/o:p><\/span><\/p>\n<p style=\"margin: 0cm 0cm 0pt; text-align: justify\" class=\"MsoNormal\"><span style=\"font-size: 12pt; color: black; font-family: Arial\">Irapuato: estancia y merced de tierras en 1547, Congregaci\u00f3n de indios en 1589, Villa de Irapuato para 1825, ciudad en 1893, esa es la casa de todos nosotros.<\/span><\/p>\n<p style=\"margin: 0cm 0cm 0pt; text-align: justify\" class=\"MsoNormal\"><span style=\"font-size: 12pt; color: black; font-family: Arial\"><\/span><\/p>\n<p><span style=\"font-size: 12pt; color: black; font-family: Arial\"><o:p>\u00a0<\/o:p><\/span><span style=\"font-size: 12pt; color: black; font-family: Arial\"><o:p>\u00a0<\/o:p><\/span><\/p>\n<p style=\"margin: 0cm 0cm 0pt; text-align: justify\" class=\"MsoNormal\"><span style=\"font-size: 12pt; color: black; font-family: Arial\">Sus fresas importadas de Francia en 1849 por Nicol\u00e1s Tesada, plantadas en su alm\u00e1cigo a orillas del r\u00edo Guanajuato y comercializadas por Carlos Drogge y Joaqu\u00edn Chico, son nuestro emblema.<\/span><\/p>\n<p style=\"margin: 0cm 0cm 0pt; text-align: justify\" class=\"MsoNormal\"><span style=\"font-size: 12pt; color: black; font-family: Arial\"><\/span><\/p>\n<p><span style=\"font-size: 12pt; color: black; font-family: Arial\"><o:p>\u00a0<\/o:p><\/span><span style=\"font-size: 12pt; color: black; font-family: Arial\"><o:p>\u00a0<\/o:p><\/span><span style=\"font-size: 12pt; color: black; font-family: Arial\">Salvador Almaraz y Luis Arag\u00f3n sus pintores, Eduardo M. Vargas y J Jes\u00fas F\u00e9lix Maga\u00f1a sus cronistas.<o:p><\/o:p><\/span><\/p>\n<p style=\"margin: 0cm 0cm 0pt; text-align: justify\" class=\"MsoNormal\">&nbsp;<\/p>\n<p><span style=\"font-size: 12pt; color: black; font-family: Arial\"><o:p>\u00a0<\/o:p><\/span><span style=\"font-size: 12pt; color: black; font-family: Arial\">El Colegio de <st1:personname ProductID=\"la Ense?anza\" w:st=\"on\">la Ense\u00f1anza<\/st1:personname>, nuestro orgullo, <st1:personname ProductID=\"la Plaza\" w:st=\"on\">la Plaza<\/st1:personname> de <st1:personname ProductID=\"La Tanda\" w:st=\"on\">la Tanda<\/st1:personname> el lugar de reuni\u00f3n.<\/span><span style=\"font-size: 12pt; color: black; font-family: Arial\" lang=\"ES-TRAD\"> <o:p><\/o:p><\/span><span style=\"font-size: 12pt; color: black; font-family: Arial\" lang=\"ES-TRAD\"><o:p>\u00a0<\/o:p><\/span><\/p>\n","protected":false},"excerpt":{"rendered":"<p>Irapuato \u00a0 Eraitzicuitzio &#8211; Guayangareo Tierra donde abunda el agua \u00a0\u00a0 Eraitzicuitzio se puede ver con mirada hacia adelante o en\u00a0 retrospectiva, el resultado es el mismo, el tiempo se detiene en los lugare\u00f1os, para ser pintado por Antonio Gonz\u00e1lez Ju\u00e1rez y apuntar lo sucedido el cronista, J. Jes\u00fas F\u00e9lix Maga\u00f1a. \u00a0\u00a0 Este lugar, donde [&hellip;]<\/p>\n","protected":false},"author":249,"featured_media":0,"comment_status":"open","ping_status":"closed","sticky":false,"template":"","format":"standard","meta":{"footnotes":""},"categories":[9],"tags":[],"class_list":["post-75","post","type-post","status-publish","format-standard","hentry","category-otros-lugares"],"_links":{"self":[{"href":"https:\/\/eloficiodehistoriar.com.mx\/index.php?rest_route=\/wp\/v2\/posts\/75","targetHints":{"allow":["GET"]}}],"collection":[{"href":"https:\/\/eloficiodehistoriar.com.mx\/index.php?rest_route=\/wp\/v2\/posts"}],"about":[{"href":"https:\/\/eloficiodehistoriar.com.mx\/index.php?rest_route=\/wp\/v2\/types\/post"}],"author":[{"embeddable":true,"href":"https:\/\/eloficiodehistoriar.com.mx\/index.php?rest_route=\/wp\/v2\/users\/249"}],"replies":[{"embeddable":true,"href":"https:\/\/eloficiodehistoriar.com.mx\/index.php?rest_route=%2Fwp%2Fv2%2Fcomments&post=75"}],"version-history":[{"count":0,"href":"https:\/\/eloficiodehistoriar.com.mx\/index.php?rest_route=\/wp\/v2\/posts\/75\/revisions"}],"wp:attachment":[{"href":"https:\/\/eloficiodehistoriar.com.mx\/index.php?rest_route=%2Fwp%2Fv2%2Fmedia&parent=75"}],"wp:term":[{"taxonomy":"category","embeddable":true,"href":"https:\/\/eloficiodehistoriar.com.mx\/index.php?rest_route=%2Fwp%2Fv2%2Fcategories&post=75"},{"taxonomy":"post_tag","embeddable":true,"href":"https:\/\/eloficiodehistoriar.com.mx\/index.php?rest_route=%2Fwp%2Fv2%2Ftags&post=75"}],"curies":[{"name":"wp","href":"https:\/\/api.w.org\/{rel}","templated":true}]}}