{"id":7712,"date":"2011-02-22T08:48:26","date_gmt":"2011-02-22T14:48:26","guid":{"rendered":"https:\/\/eloficiodehistoriar.com.mx\/?p=7712"},"modified":"2011-02-22T08:48:26","modified_gmt":"2011-02-22T14:48:26","slug":"los-periodistas-del-diario-en-el-norte","status":"publish","type":"post","link":"https:\/\/eloficiodehistoriar.com.mx\/?p=7712","title":{"rendered":"Los periodistas del \u00abDiario\u00bb en el norte"},"content":{"rendered":"<p><strong>El Diario: periodismo entre sangre<\/strong><\/p>\n<p><strong>Miguel \u00c1ngel Granados Chapa<\/strong><\/p>\n<p><strong>\u00a0<\/strong><\/p>\n<p><strong>\u00a0<\/strong><\/p>\n<p><strong>\u00a0<\/strong><\/p>\n<p><strong>Hace un a\u00f1o se instituy\u00f3 el programa \u201cTodos somos Ju\u00e1rez\u201d, una amplia movilizaci\u00f3n administrativa y social destinada a paliar las atroces condiciones de inseguridad que prevalecen en la ciudad de ese nombre, donde el a\u00f1o pasado fueron asesinadas 3 mil 100 personas, la quinta parte del total de muertes atribuibles al crimen organizado en todo el pa\u00eds.<\/strong><\/p>\n<p><strong>\u00a0<\/strong><\/p>\n<p><strong>El 31 de enero de 2010 fueron asesinadas 15 personas, casi todos muchachos estudiantes, en un barrio popular de aquella poblaci\u00f3n, Lomas de Salv\u00e1rcar. Ligero en su juicio, no obstante que carec\u00eda de informaci\u00f3n puntual puesto que se hallaba en Jap\u00f3n, el presidente Felipe Calder\u00f3n lanz\u00f3 una admonici\u00f3n contra las v\u00edctimas, crey\u00e9ndolas delincuentes que perecieron en un ajuste de cuentas. Cuando se le enrostr\u00f3 su error, que a\u00f1adi\u00f3 vituperio al agravio de la muerte misma, el presidente se vio obligado a encarar no s\u00f3lo el desliz, sino la abominable realidad en que se hab\u00eda producido esa matanza. Viaj\u00f3 a Ju\u00e1rez el 17 de febrero para instaurar aquel programa; ha vuelto otras veces, y este jueves hizo un balance de lo realizado en este a\u00f1o. A pesar de que, medidas con criterios de productividad administrativa, las acciones han avanzado (\u00bfy c\u00f3mo no si el plan es invertir 3 mil 300 millones de pesos), lo cierto es que en el corto plazo la inseguridad permanece y empeora.<\/strong><\/p>\n<p><strong>\u00a0<\/strong><\/p>\n<p><strong>Para s\u00f3lo citar casos aislados, ocurridos en la v\u00edspera de esta visita presidencial, en el centro de la ciudad fue atacado un veh\u00edculo sobre cuyo tripulante y su hijo de ocho a\u00f1os se lanzaron 39 disparos. Y en seguida el veh\u00edculo fue incendiado y las v\u00edctimas, ya muertas a balazos, quedaron calcinadas. No lejos de all\u00ed, en un enfrentamiento entre polic\u00edas y matones, tres agentes quedaron heridos y dos delincuentes murieron.<\/strong><\/p>\n<p><strong>\u00a0<\/strong><\/p>\n<p><strong>Pero hubo acontecimientos m\u00e1s graves. En el t\u00e9rmino de 24 horas fueron incendiadas las casas de dos mujeres participantes en acc<\/p>\n","protected":false},"excerpt":{"rendered":"<p>El Diario: periodismo entre sangre Miguel \u00c1ngel Granados Chapa \u00a0 \u00a0 \u00a0 Hace un a\u00f1o se instituy\u00f3 el programa \u201cTodos somos Ju\u00e1rez\u201d, una amplia movilizaci\u00f3n administrativa y social destinada a paliar las atroces condiciones de inseguridad que prevalecen en la ciudad de ese nombre, donde el a\u00f1o pasado fueron asesinadas 3 mil 100 personas, la [&hellip;]<\/p>\n","protected":false},"author":249,"featured_media":0,"comment_status":"closed","ping_status":"closed","sticky":false,"template":"","format":"standard","meta":{"footnotes":""},"categories":[26],"tags":[],"class_list":["post-7712","post","type-post","status-publish","format-standard","hentry","category-mundo"],"_links":{"self":[{"href":"https:\/\/eloficiodehistoriar.com.mx\/index.php?rest_route=\/wp\/v2\/posts\/7712","targetHints":{"allow":["GET"]}}],"collection":[{"href":"https:\/\/eloficiodehistoriar.com.mx\/index.php?rest_route=\/wp\/v2\/posts"}],"about":[{"href":"https:\/\/eloficiodehistoriar.com.mx\/index.php?rest_route=\/wp\/v2\/types\/post"}],"author":[{"embeddable":true,"href":"https:\/\/eloficiodehistoriar.com.mx\/index.php?rest_route=\/wp\/v2\/users\/249"}],"replies":[{"embeddable":true,"href":"https:\/\/eloficiodehistoriar.com.mx\/index.php?rest_route=%2Fwp%2Fv2%2Fcomments&post=7712"}],"version-history":[{"count":2,"href":"https:\/\/eloficiodehistoriar.com.mx\/index.php?rest_route=\/wp\/v2\/posts\/7712\/revisions"}],"predecessor-version":[{"id":7714,"href":"https:\/\/eloficiodehistoriar.com.mx\/index.php?rest_route=\/wp\/v2\/posts\/7712\/revisions\/7714"}],"wp:attachment":[{"href":"https:\/\/eloficiodehistoriar.com.mx\/index.php?rest_route=%2Fwp%2Fv2%2Fmedia&parent=7712"}],"wp:term":[{"taxonomy":"category","embeddable":true,"href":"https:\/\/eloficiodehistoriar.com.mx\/index.php?rest_route=%2Fwp%2Fv2%2Fcategories&post=7712"},{"taxonomy":"post_tag","embeddable":true,"href":"https:\/\/eloficiodehistoriar.com.mx\/index.php?rest_route=%2Fwp%2Fv2%2Ftags&post=7712"}],"curies":[{"name":"wp","href":"https:\/\/api.w.org\/{rel}","templated":true}]}}