{"id":7715,"date":"2011-02-22T08:52:32","date_gmt":"2011-02-22T14:52:32","guid":{"rendered":"https:\/\/eloficiodehistoriar.com.mx\/?p=7715"},"modified":"2011-02-22T08:52:32","modified_gmt":"2011-02-22T14:52:32","slug":"el-unico-gran-templo-y-convento-neoclasico-en-queretaro-teresitas","status":"publish","type":"post","link":"https:\/\/eloficiodehistoriar.com.mx\/?p=7715","title":{"rendered":"El \u00fanico gran templo y convento neocl\u00e1sico en Quer\u00e9taro; Teresitas"},"content":{"rendered":"<p><strong>Teresitas<\/strong><\/p>\n<p><strong>Jos\u00e9 F\u00e9lix Zavala<\/strong><\/p>\n<p><strong>Convento de Carmelitas descalzas de Santa Teresa de Jes\u00fas en Quer\u00e9taro, llamado del\u2026<\/strong><\/p>\n<p><strong>\u00a0<\/strong><\/p>\n<p><strong>\u201cDulc\u00edsimo nombre de Jes\u00fas\u201d<\/strong><\/p>\n<p><strong>Las Teresas<\/strong><\/p>\n<p><strong>Templo y Convento son una joya del neocl\u00e1sico y es el \u00faltimo monumental convento construido en la ciudad de Quer\u00e9taro, de 17 existentes durante la colonia.<\/strong><\/p>\n<p><strong>La fachada del templo tiene un gran p\u00f3rtico de cantera gris, con seis columnas j\u00f3nicas estriadas en toda su longitud, de ca\u00f1a y capiteles que sostienen el arquitrabe, friso, cornisa y un frontis moldurado que en su t\u00edmpano y dentro de un \u00f3valo recuerda el vers\u00edculo 3 del salmo 113 \u201cDesde donde sale el sol hasta el ocaso sea alabado el nombre del Se\u00f1or\u201d<\/strong> <strong>el muro que forma la fachada interior de este templo\u00a0 est\u00e1 realizada con marcos ciegos simplistas, m\u00e1s tableros.<\/strong><\/p>\n<p><strong>El convento es sobrio, con su entrada, porter\u00eda, torno y locutorio, que da entrada a un patio de cuatro corredores con arcos de medio punto y fuente al centro y a trav\u00e9s de un amplio pasillo se llega al segundo patio, los corredores de este patio est\u00e1n formados por arcos de medio punto y s\u00f3lidas pilastras.<\/strong><\/p>\n<p><strong>Ten\u00eda una amplia huerta con bardas muy altas y en ella la ermita, construida en octubre de 1812, Este convento funcion\u00f3 solo 54 a\u00f1os y despu\u00e9s de la exclaustraci\u00f3n, sigui\u00f3 el fin de todas las obras religiosas en M\u00e9xico por su gran deterioro, de la capilla de la huerta se rescat\u00f3 una escultura guadalupana que ahora se encuentra en las oficinas del templo.<\/strong><\/p>\n<p><strong>Al templo se entra por tres puertas de hermosa simetr\u00eda, que cierran el p\u00f3rtico de la fachada. <\/strong><\/p>\n<p><strong>El cuerpo del templo tiene tres b\u00f3vedas de arista y \u00e1bside esf\u00e9rico separadas por arcos de medio punto y una cornisa sostenida por catorce pilastras j\u00f3nicas<\/strong><\/p>\n<p><strong>El presbiterio tiene un altar de m\u00e1rmol de Vizarr\u00f3n y en la parte baja del mismo existe un nicho que contiene las reliquias y la escultura yaciente de San Mansueto, a partir de 1905, obra de Enrique Mosqueda, un sagrario de madera y cincelado en fino metal un cronograma eucar\u00edstico, un inmejorable \u00e1bside y un hermoso cipr\u00e9s, donde se encuentra El Cristo de Santa Teresa y faltan tristemente las tallas de Teresa de Avila y Juan De La Cruz, obras de la escuela queretana de escultores.<\/strong><\/p>\n<p><strong>En el \u00e1bside del presbiterio destacan seis entrepa\u00f1os, en las de los extremos se abren dos puertas que daban acceso a \u201clos sepulcros\u201d o el osario donde eran inhumadas las monjas.<\/strong><\/p>\n<p><strong>Las pilastras laterales con dos del \u00e1bside enmarcan, cuatro de cada lado, dando cabida del lado del evangelio al coro bajo o tribuna abasial y del lado de la ep\u00edstola a la sacrist\u00eda donde se encuentra el \u201capostolado\u201d Obra de Eduardo Tresguerras.<\/strong><\/p>\n<p><strong>Las b\u00f3vedas del cuerpo del templo y el frontis arriba del enrejado del coro alto existen frescos de Tresguerras y pinturas al fresco de santos relacionados con las monjas fundadores o la orden reformada de teresa de Avila<\/strong><\/p>\n<p><strong>Los arcos del cuerpo del templo guardan altares de cantera gris labrada alineados a los muros longitudinales y a los arcos, se corresponden sim\u00e9tricamente.<\/strong><\/p>\n<p><strong>En el muro norte del templo y t\u00e9rmino de las arcadas laterales y las dos pilastras restantes corresponden al coro alto enrejado como buen convento de monjas y en la parte inferior dan cabida a pasillos planos de gran m\u00e9rito y corresponden a las tres puertas de entrada.<\/strong><\/p>\n<p><strong>En el coro alto existe un retablo y altar dedicado al Se\u00f1or San Jos\u00e9 y existen frescos de la vida de San El\u00edas, de gran m\u00e9rito, el piso es de madera.<\/strong><\/p>\n<p><strong>Un poco de historia:<\/strong><\/p>\n<p><strong>Antonia G\u00f3mez Rodr\u00edguez Pedroso y Soria de Pedroso, Marquesa de Selvanevada, viuda de Manuel Rodr\u00edguez de Pinillos L\u00f3pez Montero y Garc\u00eda Cortes, renunciando a su t\u00edtulo y al mayorazgo a favor de su hija mayor, entr\u00f3 de criada al convento de San Jer\u00f3nimo, en la ciudad de M\u00e9xico.<\/strong><\/p>\n<p><strong>M\u00e1s tarde cedi\u00f3 su caudal de m\u00e1s de ciento cinco mil pesos para fundar en Quer\u00e9taro un convento y enseguida tom\u00f3 el h\u00e1bito en el convento de Regina Coelli, tambi\u00e9n en la ciudad de M\u00e9xico.<\/strong><\/p>\n<p><strong>El 25 de junio de 1802 se expidi\u00f3 la c\u00e9dula real para la fundaci\u00f3n de dicho convento, inici\u00e1ndose provisionalmente en una casa rentada en la calle de Posadas, junto al Mes\u00f3n de San Antonio, las gestiones hab\u00edan comenzado desde 1797..<\/strong><\/p>\n<p><strong>Adem\u00e1s de la marquesa de Selvanevada, entonces llamada sor Antonia De Los Dolores y posteriormente, Sor Mar\u00eda Josefa de Santa Teresa, vinieron del Convento de Santa Teresa La Antigua, ubicado en la ciudad de M\u00e9xico como fundadoras, adem\u00e1s de la marquesa las carmelitas,\u00a0 Sor Mar\u00eda B\u00e1rbara de la Concepci\u00f3n, Sor Mar\u00eda Ignacia de San El\u00edas, Mar\u00eda Eufrosina de San Juan Bautista y Sor Mar\u00eda Clara de San Eliseo.<\/strong><\/p>\n<p><strong>La celebraci\u00f3n de la noticia del nuevo convento se celebr\u00f3 en Quer\u00e9taro el 22 de octubre de 1802, con repiques de campanas y el 22 de abril de 1803 llegaron a Quer\u00e9taro estas monjas fundadoras de \u201cTeresitas\u201d, aloj\u00e1ndose en el Convento de Santa Clara y despu\u00e9s llevadas solemnemente a su convento provisional por el clero secular y regular y la poblaci\u00f3n entera.<\/strong><\/p>\n<p><strong>El d\u00eda 21 de junio de 1803 se coloc\u00f3 la primera piedra de convento definitivo con asistencia del Arzobispo de M\u00e9xico, Francisco Xavier de Lizana. <\/strong><\/p>\n<p><strong>Se bendijo el convento y se dedic\u00f3 el templo en uno de enero de 1807, a un costo de 150 mil pesos oro y cuyos benefactores fueron adem\u00e1s de la Marquesa de Selvanevada, Juan Antonio Del Castillo y Llata, Jos\u00e9 de Escand\u00f3n y Loreto Ma. De La Canal y Samaniego.<\/strong><\/p>\n<p><strong>Los planos para el futuro convento fueron realizados por el arquitecto Manuel Tols\u00e1 y enviados a la corte espa\u00f1ola con una carta del virrey Miguel de la Gr\u00faa Talamanca y Branciforte el 20 de noviembre de 1797.<\/strong><\/p>\n<p><strong>Manuel Tols\u00e1 era director de escultura de la Academia de San Carlos, en cuya junta ordinaria del 31 de octubre de 1797 fueron aprobados los planos del proyecto del mencionado convento, con un costo inicial de 57 mil 897 pesos y 7 reales<\/strong><\/p>\n<p><strong>El proyecto de Manuel Tols\u00e1, realizado sin saber siquiera donde iba a ser edificado, nuca se realiz\u00f3, sino que se contrat\u00f3 al arquitecto\u00a0 Pedro Ortiz, para realizar otro y ejecutarlo, la presencia del arquitecto Eduardo Tres Guerras, fue para la decoraci\u00f3n\u00a0 existente.<\/strong><\/p>\n<p><strong>La presencia del arquitecto Eduardo Tres Guerras, fue principalmente para la decoraci\u00f3n que existe. Los frescos del coro, los del \u00e1bside, entre los ventanales, el apostolado de la sacrist\u00eda, coro alto, entre otras muchas obras m\u00e1s.<\/strong><\/p>\n","protected":false},"excerpt":{"rendered":"<p>Teresitas Jos\u00e9 F\u00e9lix Zavala Convento de Carmelitas descalzas de Santa Teresa de Jes\u00fas en Quer\u00e9taro, llamado del\u2026 \u00a0 \u201cDulc\u00edsimo nombre de Jes\u00fas\u201d Las Teresas Templo y Convento son una joya del neocl\u00e1sico y es el \u00faltimo monumental convento construido en la ciudad de Quer\u00e9taro, de 17 existentes durante la colonia. La fachada del templo tiene [&hellip;]<\/p>\n","protected":false},"author":249,"featured_media":0,"comment_status":"open","ping_status":"closed","sticky":false,"template":"","format":"standard","meta":{"footnotes":""},"categories":[8,10,6],"tags":[],"class_list":["post-7715","post","type-post","status-publish","format-standard","hentry","category-ciudad-de-queretaro","category-historia","category-valles-centrales"],"_links":{"self":[{"href":"https:\/\/eloficiodehistoriar.com.mx\/index.php?rest_route=\/wp\/v2\/posts\/7715","targetHints":{"allow":["GET"]}}],"collection":[{"href":"https:\/\/eloficiodehistoriar.com.mx\/index.php?rest_route=\/wp\/v2\/posts"}],"about":[{"href":"https:\/\/eloficiodehistoriar.com.mx\/index.php?rest_route=\/wp\/v2\/types\/post"}],"author":[{"embeddable":true,"href":"https:\/\/eloficiodehistoriar.com.mx\/index.php?rest_route=\/wp\/v2\/users\/249"}],"replies":[{"embeddable":true,"href":"https:\/\/eloficiodehistoriar.com.mx\/index.php?rest_route=%2Fwp%2Fv2%2Fcomments&post=7715"}],"version-history":[{"count":1,"href":"https:\/\/eloficiodehistoriar.com.mx\/index.php?rest_route=\/wp\/v2\/posts\/7715\/revisions"}],"predecessor-version":[{"id":7716,"href":"https:\/\/eloficiodehistoriar.com.mx\/index.php?rest_route=\/wp\/v2\/posts\/7715\/revisions\/7716"}],"wp:attachment":[{"href":"https:\/\/eloficiodehistoriar.com.mx\/index.php?rest_route=%2Fwp%2Fv2%2Fmedia&parent=7715"}],"wp:term":[{"taxonomy":"category","embeddable":true,"href":"https:\/\/eloficiodehistoriar.com.mx\/index.php?rest_route=%2Fwp%2Fv2%2Fcategories&post=7715"},{"taxonomy":"post_tag","embeddable":true,"href":"https:\/\/eloficiodehistoriar.com.mx\/index.php?rest_route=%2Fwp%2Fv2%2Ftags&post=7715"}],"curies":[{"name":"wp","href":"https:\/\/api.w.org\/{rel}","templated":true}]}}