{"id":7719,"date":"2011-02-23T09:08:55","date_gmt":"2011-02-23T15:08:55","guid":{"rendered":"https:\/\/eloficiodehistoriar.com.mx\/?p=7719"},"modified":"2011-02-23T09:08:55","modified_gmt":"2011-02-23T15:08:55","slug":"ya-basta-de-rezagos-desigualdad-y-exclusion","status":"publish","type":"post","link":"https:\/\/eloficiodehistoriar.com.mx\/?p=7719","title":{"rendered":"\u00abYa basta de rezagos, desigualdad y exclusi\u00f3n\u00bb"},"content":{"rendered":"<p>Rinden tributo en esa casa de estudios al historiador por su cumplea\u00f1os 85<\/p>\n<div><strong>La UNAM es el faro de esperanza para M\u00e9xico, dice Le\u00f3n-Portilla<\/strong><\/div>\n<div>\n<p><strong><q>\u201cYa basta de desigualdad, rezagos y exclusi\u00f3n\u201d<\/q>, secunda el rector Jos\u00e9 Narro Robles<\/strong><\/p>\n<p><strong>\u00a0<\/strong><\/p>\n<p><strong>Los m\u00e1s marginados son los descendientes de los pueblos originarios, deplora el homenajeado<\/strong><\/p>\n<p><strong>\u00a0<\/strong><\/p>\n<div id=\"article-text\">\n<div><img decoding=\"async\" src=\"http:\/\/www.jornada.unam.mx\/2011\/02\/23\/fotos\/a03n1cul-1.jpg\" alt=\"Foto\" \/><\/p>\n<div>\n<div onmouseout=\"lupa.mouseOut (this, event)\">Miguel Le\u00f3n-Portilla y el rector Jos\u00e9 Narro Robles, ayer, durante el homenaje que se rindi\u00f3 al historiador y antrop\u00f3logo en la UNAM<\/div>\n<div onmouseout=\"lupa.mouseOut (this, event)\">Foto Cristina Rodr\u00edguez<\/div>\n<\/div>\n<\/div>\n<div>\u00c1ngel Vargas<\/div>\n<p>\u00a0<\/p><\/div>\n<div>La Jornada<\/div>\n<p>Si alguna esperanza existe para hallar soluci\u00f3n a la violencia y <q>\u201cla espantosa desigualdad econ\u00f3mica y social\u201d<\/q> prevalecientes en el pa\u00eds, \u00e9sta se encuentra en la educaci\u00f3n superior, en particular en la Universidad Nacional Aut\u00f3noma de M\u00e9xico (UNAM).\u00a0<\/p>\n<p>As\u00ed lo sostuvo el historiador Miguel Le\u00f3n-Portilla, quien aprovech\u00f3 el homenaje que le rindi\u00f3 ayer la m\u00e1xima casa de estudios con motivo de sus 85 a\u00f1os, cumplidos este martes, para pronunciar una l\u00facida apolog\u00eda de <q>\u201cla misi\u00f3n trascendente\u201d<\/q> de la UNAM en el actual contexto hist\u00f3rico y ante el futuro de la naci\u00f3n.<\/p>\n<p>Convoc\u00f3 a la comunidad universitaria y al resto de los mexicanos a no perder la esperanza y luchar, as\u00ed como a vigilar lo que hagan los gobernantes, en particular quien habr\u00e1 de ser el pr\u00f3ximo presidente de la Rep\u00fablica, para corregirlo y encaminarlo.<\/p>\n<p>La ceremonia tuvo lugar en el Instituto de Investigaciones Hist\u00f3ricas (IIH) y all\u00ed Jos\u00e9 Narro Robles, rector de la UNAM, secund\u00f3 lo expresado por el maestro em\u00e9rito e investigador, y agreg\u00f3 que es tiempo de decir <q>\u201cya basta\u201d<\/q> a la situaci\u00f3n de marcados contrastes y desigualdades.<\/p>\n<p><q>\u201cEso es a lo que muchos mexicanos como Miguel (Le\u00f3n-Portilla), como muchos universitarios decimos, ya no puede ser; ya basta de esas diferencias, ya basta de esos rezagos, ya basta de esa exclusi\u00f3n\u201d<\/q>, enfatiz\u00f3.<\/p>\n<p>El rector consider\u00f3 que sin faltar a la encomienda que tiene la UNAM, es deber de cada universitario, adem\u00e1s de estar atentos y ser cr\u00edticos de los gobernantes, ofrecer soluciones desde la perspectiva de quienes tienen un compromiso con la vida acad\u00e9mica.<\/p>\n<p><q>\u201cOjal\u00e1 que desde las universidades, desde las instituciones p\u00fablicas de educaci\u00f3n superior seamos capaces de organizar un ejercicio de aporte, de propuesta, para todos aquellos que quieran conducir a este pa\u00eds\u201d<\/q>, agreg\u00f3.<\/p>\n<p><q>\u201cLe har\u00edamos un bien a M\u00e9xico y siento que en las condiciones en las que vive nuestro pa\u00eds es lo menos que podemos intentar. Ojal\u00e1 podamos hacerlo.\u201d<\/q><\/p>\n<p>Lacerantes desigualdades<\/p>\n<p>Luego de que la directora del IIH, Alicia Mayer Gonz\u00e1lez, y la maestra em\u00e9rita Clementina D\u00edaz y de Ovando dedicaron sus respectivas intervenciones a destacar la prol\u00edfica y generosa vida y obra acad\u00e9micas del homenajeado, Miguel Le\u00f3n-Portilla comenz\u00f3 su breve alocuci\u00f3n con uno de esos chispazos de buen humor que lo caracterizan y destac\u00f3 que mientras para otros 85 a\u00f1os representan vejez, <q>\u201cen mi caso son juventud acumulada\u201d<\/q>.\u00a0<\/p>\n<p>Acto seguido, su voz y gesto afables se tornaron serios y espet\u00f3: <q>\u201cMe duele M\u00e9xico\u201d<\/q>, por la verdad y la vigencia que hasta la fecha tiene la descripci\u00f3n que Alexander von Humboldt hizo a principio del siglo XIX <q>\u201cde que no hab\u00eda visto desigualdad social y econ\u00f3mica m\u00e1s espantosa\u201d<\/q> que la de este pa\u00eds.<\/p>\n<p>Una desigualdad que, agreg\u00f3, a la fecha tiene como <q>\u201clos m\u00e1s marginados, olvidados y despreciados a los descendientes de los pueblos originarios. Y si recordamos el cuadro que vivimos, M\u00e9xico nos duele por esas desigualdades espantosas: hay personas que tienen miles de millones y otros que no tienen para comer, que no perciben siquiera el salario m\u00ednimo tan rid\u00edculo\u201d<\/q>.<\/p>\n<div>\n<p>El otro gran dolor del autor de <em>Visi\u00f3n de los vencidos<\/em> es por la violencia en el pa\u00eds, seg\u00fan dijo el maestro, quien consider\u00f3 que ante las elecciones presidenciales de 2012, es deber dentro de la UNAM reflexionar sobre desigualdad y violencia y exigir la opini\u00f3n y las propuestas que al respecto tengan los aspirantes a la primera magistratura del pa\u00eds.<\/p>\n<p><q>\u201cPero no queremos escuchar palabras huecas, sino proposiciones espec\u00edficas\u201d<\/q>, recalc\u00f3, para luego rememorar que cuando los mexicas nombraban a los tlatoanis (sus gobernantes), se reun\u00edan con el elegido para hacerle ver que no era mejor que otras personas, que los dioses lo hab\u00edan nombrado para que sirviera al pueblo, no para que sacara provecho personal, y que si no cumpl\u00eda, los dioses les hab\u00edan dado la piedra y el palo.<\/p>\n<p><q>\u201cY yo les repetir\u00eda a los candidatos 10 veces la piedra y el palo; a ver, qu\u00e9 vas a hacer, dime, porque estamos fritos. No podemos seguir as\u00ed.\u201d<\/q><\/p>\n<p>Fue en esta parte de su intervenci\u00f3n cuando Le\u00f3n-Portilla destac\u00f3 la importancia de la UNAM: <q>\u201cDir\u00e1n que qu\u00e9 pesimista ando, pero no. Tengo ahora una esperanza y sonr\u00edo; tenemos a la universidad (nacional), \u00e9sta es nuestra esperanza\u201d<\/q>.<\/p>\n<p>La universidad no pide limosna<\/p>\n<p>\u201cEl se\u00f1or rector ha insistido en todos los tonos \u2013dijo Le\u00f3n-Portilla\u2013 que la universidad tiene una misi\u00f3n trascendente, que la universidad no pide limosna al Estado, que exige el apoyo, porque el pueblo mexicano es el que da los recursos al Estado para que gobierne, y la universidad es la \u00fanica que puede encaminar por la v\u00eda de la educaci\u00f3n superior propuestas de soluci\u00f3n. As\u00ed lo creo sinceramente\u201d.\u00a0<\/p>\n<p>En su opini\u00f3n, la m\u00e1xima casa de estudios es la formadora de los cuadros que deben guiar al pa\u00eds, la que puede lograr que mediante la investigaci\u00f3n puedan encontrarse mejores caminos de soluci\u00f3n.<\/p>\n<p><q>\u201cLa universidad es nuestra casa y es el faro de esperanza. Creo que los mexicanos no podemos perder la esperanza, porque si alg\u00fan d\u00eda ocurriera eso, estar\u00edamos perdidos nosotros mismos. Un motivo, no una tontera, no una utop\u00eda, sino una realidad es la universidad; tenemos que estar fortalecidos codo con codo, trabajando\u201d<\/q>, rubric\u00f3.<\/p>\n<p><q>\u201cQueridos colegas universitarios, trabajemos juntos, no perdamos la esperanza, luchemos, discutamos y, si es necesario, a quien nos va a gobernar, no s\u00e9 de d\u00f3nde saldr\u00e1, decirle: el palo y la piedra, ten mucho cuidado, los universitarios, cuando es necesario, podemos usarlos tambi\u00e9n, para corregirte y encaminarte, recuerda que no eres sino un siervo de la naci\u00f3n.\u201d<\/q><\/p>\n<\/div>\n<p>\u00a0<\/p>\n<\/div>\n","protected":false},"excerpt":{"rendered":"<p>Rinden tributo en esa casa de estudios al historiador por su cumplea\u00f1os 85 La UNAM es el faro de esperanza para M\u00e9xico, dice Le\u00f3n-Portilla \u201cYa basta de desigualdad, rezagos y exclusi\u00f3n\u201d, secunda el rector Jos\u00e9 Narro Robles \u00a0 Los m\u00e1s marginados son los descendientes de los pueblos originarios, deplora el homenajeado \u00a0 Miguel Le\u00f3n-Portilla y [&hellip;]<\/p>\n","protected":false},"author":249,"featured_media":0,"comment_status":"open","ping_status":"closed","sticky":false,"template":"","format":"standard","meta":{"footnotes":""},"categories":[26],"tags":[],"class_list":["post-7719","post","type-post","status-publish","format-standard","hentry","category-mundo"],"_links":{"self":[{"href":"https:\/\/eloficiodehistoriar.com.mx\/index.php?rest_route=\/wp\/v2\/posts\/7719","targetHints":{"allow":["GET"]}}],"collection":[{"href":"https:\/\/eloficiodehistoriar.com.mx\/index.php?rest_route=\/wp\/v2\/posts"}],"about":[{"href":"https:\/\/eloficiodehistoriar.com.mx\/index.php?rest_route=\/wp\/v2\/types\/post"}],"author":[{"embeddable":true,"href":"https:\/\/eloficiodehistoriar.com.mx\/index.php?rest_route=\/wp\/v2\/users\/249"}],"replies":[{"embeddable":true,"href":"https:\/\/eloficiodehistoriar.com.mx\/index.php?rest_route=%2Fwp%2Fv2%2Fcomments&post=7719"}],"version-history":[{"count":1,"href":"https:\/\/eloficiodehistoriar.com.mx\/index.php?rest_route=\/wp\/v2\/posts\/7719\/revisions"}],"predecessor-version":[{"id":7720,"href":"https:\/\/eloficiodehistoriar.com.mx\/index.php?rest_route=\/wp\/v2\/posts\/7719\/revisions\/7720"}],"wp:attachment":[{"href":"https:\/\/eloficiodehistoriar.com.mx\/index.php?rest_route=%2Fwp%2Fv2%2Fmedia&parent=7719"}],"wp:term":[{"taxonomy":"category","embeddable":true,"href":"https:\/\/eloficiodehistoriar.com.mx\/index.php?rest_route=%2Fwp%2Fv2%2Fcategories&post=7719"},{"taxonomy":"post_tag","embeddable":true,"href":"https:\/\/eloficiodehistoriar.com.mx\/index.php?rest_route=%2Fwp%2Fv2%2Ftags&post=7719"}],"curies":[{"name":"wp","href":"https:\/\/api.w.org\/{rel}","templated":true}]}}