{"id":7721,"date":"2011-02-23T09:13:04","date_gmt":"2011-02-23T15:13:04","guid":{"rendered":"https:\/\/eloficiodehistoriar.com.mx\/?p=7721"},"modified":"2011-02-23T09:13:04","modified_gmt":"2011-02-23T15:13:04","slug":"frente-a-la-suprema-corte-de-justicia-de-la-nacion-se-hostiga-a-ejidatarios","status":"publish","type":"post","link":"https:\/\/eloficiodehistoriar.com.mx\/?p=7721","title":{"rendered":"Frente a la Suprema Corte de Justicia de la Naci\u00f3n se hostiga a ejidatarios"},"content":{"rendered":"<ul>\n<li><strong>Funcionarios del municipio hostigan a ejidatarios de T\u00edla en plena Suprema Corte de Justicia de la Naci\u00f3n<\/strong><\/li>\n<\/ul>\n<p>\u00a0<\/p>\n<p>El d\u00eda de hoy, a las 11:15 hrs. cuando integrantes de este Centro de Derechos Humanos y del Consejo de Vigilancia del ejido Tila, se encontraban en la Suprema Corte de Justicia de la Naci\u00f3n (SCJN), en la ciudad de M\u00e9xico, para dar seguimiento jur\u00eddico al expediente del ejido Tila bajo estudio de la Primera Sala, funcionarios del Ayuntamiento Municipal de Tila comenzaron a seguirlos y a fotografiarlos sin su consentimiento y de forma intimidatoria.<\/p>\n<p>Momentos despu\u00e9s, cuando iban a cruzar la avenida Pino Su\u00e1rez, a una distancia de 10 metros los funcionarios del Ayuntamiento continuaron tomando fotograf\u00edas. Dos de estas personas fueron identificadas, por los integrantes del Consejo de Vigilancia y de este Centro de Derechos Humanos, y corresponden a los nombres de: Jos\u00e9 \u00c1ngel Decelis Guill\u00e9n, quien al parecer todav\u00eda es secretario municipal de Tila; Sandra Luz Cruz Espinoza, Presidenta Municipal del Ayuntamiento de Tila por el Partido Verde Ecologista de M\u00e9xico (esposa del Ing. Limber Guti\u00e9rrez G\u00f3mez, ex presidente municipal anterior).<\/p>\n<p>El d\u00eda de ma\u00f1ana, 23 de febrero de 2011, la Primera Sala de la SCJN sesionar\u00e1 en audiencia p\u00fablica para resolver el Incidente de Inejecuci\u00f3n 1302\/2010 referente a la solicitud del Juez Primero de Distrito en Chiapas, Alejandro Jim\u00e9nez L\u00f3pez quien ha solicitado que el m\u00e1ximo tribunal del pa\u00eds determine el pago de una indemnizaci\u00f3n al ejido Tila por la expropiaci\u00f3n inconstitucional de 130 hect\u00e1reas de su territorio efectuada mediante el Decreto 72 emitido por el entonces gobernador Juan Sabines Guti\u00e9rrez.<\/p>\n<p>El ejido Tila a trav\u00e9s de su Consejo de Vigilancia el d\u00eda de hoy ha reiterado a la SCJN que la Asamblea General no aceptar\u00e1 ninguna indemnizaci\u00f3n econ\u00f3mica por sus tierras y exige que sea respetado su derecho como pueblo ind\u00edgena.<\/p>\n<p>Para mayor informaci\u00f3n: <a href=\"http:\/\/www.frayba.org.mx\/archivo\/informes\/100901_informe_tila_2.pdf\">Estado mexicano pretende despojar parte del territorio del Pueblo Ch\u00b4ol de Tila<\/a><\/p>\n","protected":false},"excerpt":{"rendered":"<p>Funcionarios del municipio hostigan a ejidatarios de T\u00edla en plena Suprema Corte de Justicia de la Naci\u00f3n \u00a0 El d\u00eda de hoy, a las 11:15 hrs. cuando integrantes de este Centro de Derechos Humanos y del Consejo de Vigilancia del ejido Tila, se encontraban en la Suprema Corte de Justicia de la Naci\u00f3n (SCJN), en [&hellip;]<\/p>\n","protected":false},"author":249,"featured_media":0,"comment_status":"open","ping_status":"closed","sticky":false,"template":"","format":"standard","meta":{"footnotes":""},"categories":[26],"tags":[],"class_list":["post-7721","post","type-post","status-publish","format-standard","hentry","category-mundo"],"_links":{"self":[{"href":"https:\/\/eloficiodehistoriar.com.mx\/index.php?rest_route=\/wp\/v2\/posts\/7721","targetHints":{"allow":["GET"]}}],"collection":[{"href":"https:\/\/eloficiodehistoriar.com.mx\/index.php?rest_route=\/wp\/v2\/posts"}],"about":[{"href":"https:\/\/eloficiodehistoriar.com.mx\/index.php?rest_route=\/wp\/v2\/types\/post"}],"author":[{"embeddable":true,"href":"https:\/\/eloficiodehistoriar.com.mx\/index.php?rest_route=\/wp\/v2\/users\/249"}],"replies":[{"embeddable":true,"href":"https:\/\/eloficiodehistoriar.com.mx\/index.php?rest_route=%2Fwp%2Fv2%2Fcomments&post=7721"}],"version-history":[{"count":1,"href":"https:\/\/eloficiodehistoriar.com.mx\/index.php?rest_route=\/wp\/v2\/posts\/7721\/revisions"}],"predecessor-version":[{"id":7722,"href":"https:\/\/eloficiodehistoriar.com.mx\/index.php?rest_route=\/wp\/v2\/posts\/7721\/revisions\/7722"}],"wp:attachment":[{"href":"https:\/\/eloficiodehistoriar.com.mx\/index.php?rest_route=%2Fwp%2Fv2%2Fmedia&parent=7721"}],"wp:term":[{"taxonomy":"category","embeddable":true,"href":"https:\/\/eloficiodehistoriar.com.mx\/index.php?rest_route=%2Fwp%2Fv2%2Fcategories&post=7721"},{"taxonomy":"post_tag","embeddable":true,"href":"https:\/\/eloficiodehistoriar.com.mx\/index.php?rest_route=%2Fwp%2Fv2%2Ftags&post=7721"}],"curies":[{"name":"wp","href":"https:\/\/api.w.org\/{rel}","templated":true}]}}