{"id":7727,"date":"2011-02-24T07:49:17","date_gmt":"2011-02-24T13:49:17","guid":{"rendered":"https:\/\/eloficiodehistoriar.com.mx\/?p=7727"},"modified":"2011-02-24T11:24:29","modified_gmt":"2011-02-24T17:24:29","slug":"se-reconoce-almenos-que-en-queretaro-mas-de-ocho-mil-personas-en-el-campo-comen-cuando-se-puede","status":"publish","type":"post","link":"https:\/\/eloficiodehistoriar.com.mx\/?p=7727","title":{"rendered":"Se reconoce al menos que en Quer\u00e9taro m\u00e1s de ocho mil personas en el campo comen \u00abcuando se puede\u00bb"},"content":{"rendered":"<div>M\u00e1s de 8 mil no tienen ni para comer<\/div>\n<div>Diario de Quer\u00e9taro<\/div>\n<p>\u00a0<\/p>\n<div>Heidy Wagner<\/div>\n<div>El titular de la Secretar\u00eda de Desarrollo Agropecuario (SEDEA), Manuel Valdez Rodr\u00edguez, afirm\u00f3 que actualmente en el campo queretano viven m\u00e1s de 8 mil personas en pobreza extrema, gente que come lo que puede y cuando puede; dada esta situaci\u00f3n a partir del 15 de marzo esta dependencia arrancar\u00e1 el programa \u00abHuertos Familiares\u00bb.<\/div>\n<p>Ve, con el objetivo de brindar seguridad alimentaria a m\u00e1s de 4 mil familias de 100 comunidades localizadas en los municipios de Amealco, Pe\u00f1amiller, Cadereyta, Tolim\u00e1n, Col\u00f3n, San Joaqu\u00edn y Ezequiel Montes.<\/p>\n<p>El funcionario abund\u00f3 que el Gobierno del Estado a trav\u00e9s de la SEDEA tiene la intenci\u00f3n de incrementar la seguridad alimentaria, sobre todo en las comunidades m\u00e1s marginadas, \u00abla idea es dar los elementos tanto tecnol\u00f3gicos como los elementos materiales para que las familias puedan producir gran parte de los alimentos que usualmente consumen\u00bb.<\/p>\n<p>Para ello dijo, el 15 de marzo dar\u00e1 inicio el programa \u00abHuertos Familiares\u00bb con la producci\u00f3n de vegetales y verduras: calabaza, chile, jitomate, lechuga y betabel entre otros, en el traspatio de cientos de hogares, \u00aba partir de estos huertos vamos a generar proyectos adicionales como peque\u00f1as granjas de pollos y de conejos que sirvan tambi\u00e9n para complementar la alimentaci\u00f3n familiar y darle seguridad a las personas en su alimentaci\u00f3n\u00bb.<\/p>\n<p>El funcionario consider\u00f3 que no se puede pensar en frenar la migraci\u00f3n o en arraigar a la gente a sus comunidades si no cuenta con los elementos b\u00e1sicos para alimentarse, \u00abeste es un programa muy ambicioso donde est\u00e1 contemplada la producci\u00f3n, nutrici\u00f3n, higiene, salud y el consumo de estos alimentos en el n\u00facleo familiar\u00bb.<\/p>\n<p>Asimismo Manuel Valdez puntualiz\u00f3 que este programa ser\u00e1 aplicado en municipios con alto \u00edndice de marginaci\u00f3n tal es el caso de Amealco y los del Semidesierto: Pe\u00f1amiller, Cadereyta, Tolim\u00e1n, Col\u00f3n, San Joaqu\u00edn y Ezequiel Montes, \u00abque son los que tienen mayor rezago y dificultad para la producci\u00f3n de alimentos, vamos a atender 100 comunidades en esta primera etapa y estimamos en cada comunidad atender aproximadamente 40 familias, estamos hablando de 4 mil familias en este primer a\u00f1o\u00bb.<\/p>\n","protected":false},"excerpt":{"rendered":"<p>M\u00e1s de 8 mil no tienen ni para comer Diario de Quer\u00e9taro \u00a0 Heidy Wagner El titular de la Secretar\u00eda de Desarrollo Agropecuario (SEDEA), Manuel Valdez Rodr\u00edguez, afirm\u00f3 que actualmente en el campo queretano viven m\u00e1s de 8 mil personas en pobreza extrema, gente que come lo que puede y cuando puede; dada esta situaci\u00f3n [&hellip;]<\/p>\n","protected":false},"author":249,"featured_media":0,"comment_status":"open","ping_status":"closed","sticky":false,"template":"","format":"standard","meta":{"footnotes":""},"categories":[26],"tags":[],"class_list":["post-7727","post","type-post","status-publish","format-standard","hentry","category-mundo"],"_links":{"self":[{"href":"https:\/\/eloficiodehistoriar.com.mx\/index.php?rest_route=\/wp\/v2\/posts\/7727","targetHints":{"allow":["GET"]}}],"collection":[{"href":"https:\/\/eloficiodehistoriar.com.mx\/index.php?rest_route=\/wp\/v2\/posts"}],"about":[{"href":"https:\/\/eloficiodehistoriar.com.mx\/index.php?rest_route=\/wp\/v2\/types\/post"}],"author":[{"embeddable":true,"href":"https:\/\/eloficiodehistoriar.com.mx\/index.php?rest_route=\/wp\/v2\/users\/249"}],"replies":[{"embeddable":true,"href":"https:\/\/eloficiodehistoriar.com.mx\/index.php?rest_route=%2Fwp%2Fv2%2Fcomments&post=7727"}],"version-history":[{"count":3,"href":"https:\/\/eloficiodehistoriar.com.mx\/index.php?rest_route=\/wp\/v2\/posts\/7727\/revisions"}],"predecessor-version":[{"id":7730,"href":"https:\/\/eloficiodehistoriar.com.mx\/index.php?rest_route=\/wp\/v2\/posts\/7727\/revisions\/7730"}],"wp:attachment":[{"href":"https:\/\/eloficiodehistoriar.com.mx\/index.php?rest_route=%2Fwp%2Fv2%2Fmedia&parent=7727"}],"wp:term":[{"taxonomy":"category","embeddable":true,"href":"https:\/\/eloficiodehistoriar.com.mx\/index.php?rest_route=%2Fwp%2Fv2%2Fcategories&post=7727"},{"taxonomy":"post_tag","embeddable":true,"href":"https:\/\/eloficiodehistoriar.com.mx\/index.php?rest_route=%2Fwp%2Fv2%2Ftags&post=7727"}],"curies":[{"name":"wp","href":"https:\/\/api.w.org\/{rel}","templated":true}]}}