{"id":8064,"date":"2011-03-25T11:58:51","date_gmt":"2011-03-25T17:58:51","guid":{"rendered":"https:\/\/eloficiodehistoriar.com.mx\/?p=8064"},"modified":"2011-03-25T11:58:51","modified_gmt":"2011-03-25T17:58:51","slug":"grito-de-la-voz-del-amate","status":"publish","type":"post","link":"https:\/\/eloficiodehistoriar.com.mx\/?p=8064","title":{"rendered":"Grito  de la Voz del Amate"},"content":{"rendered":"<p>A la opini\u00f3n publica<\/p>\n<p>A los medios de comunicaci\u00f3n Estatal, Nacional e Internacional<\/p>\n<p>A los adherentes de la otra campa\u00f1a<\/p>\n<p>A la Primera Internacional<\/p>\n<p>A las Organizaciones Independientes <\/p>\n<p>A los Derechos Humanos No Gubernamentales<\/p>\n<p>16 de marzo 2011-20:00 PM arribaron al penal N. 15 de Copainala Chiapas. Los Grupos: Lobo y t\u00e1cticos de la sectorial al mando del titular de los Centros C. Lic. Gustavo Francisco Ferreira Jimenez, al tiempo nos ordenaron descender de los niveles hacia la cancha, donde nos embrocaron entre gritos y patadas, amarr\u00e1ndonos las manos hacia atr\u00e1s con \u201cfajillas\u201d de pl\u00e1stico.<\/p>\n<p>Por orden superior no permitieron que sac\u00e1semos nuestras pertenencias: cuadros, hamacas, bolsas y hilos, y material para la elaboraci\u00f3n de los diferentes trabajos que son el medio de subsistencia para medio sostener a nuestras familias, tampoco nos dejaron traer nuestros utiles de aseo personal; ropa, zapato, solo nos dejaron traer una sola cobija.<\/p>\n<p>Nos dividieron en dos grupos sentenciados y procesados. Los procesados se los llevaron al penal N. 1 de Chiapa de Corzo Chis.<\/p>\n<p>23:35 PM misma fecha empezaron a pasar lista al mismo tiempo que nos sub\u00edan a los autobuses recibiendo maltrato por el grupo \u201cLobo\u201d. No permitieron que fueramos al ba\u00f1o a hacer nuestras necesidades fisiol\u00f3gicas lo que provoco que durante el trayecto muchos internos se orinaron defecaron en sus ropas.<\/p>\n<p>Entre Copainala y Motozintla hicieron dos intermedios: San Crist\u00f3bal _ \u201cChamic\u201d en el primero nos dejaron 2 horas 30 minutos arriba de los autobuses sin dejarnos ir al ba\u00f1o y sin darnos nada con que cubrirnos del frio de la madrugada mientras ellos algunos se fueron a dormir y a comer, e el segundo intermedio nuevamente sin importarles nada nuestra situaci\u00f3n en la que est\u00e1bamos algunos vomitados, otros orinados y muchos ya se hab\u00edan hecho en los pantalones, mientras ellos se fueron a tomar refrescos a comer tacos y tortas, y a nosotros ni un baso de agua nos dieron. Seguida la trayectoria a la altura de la colonia el \u201cPortal\u201d municipio de Frontera Comalapa un elemento del grupo \u201cLobo\u201d hizo tres disparos con su arma_ que dispara gomas con gas_ solo porque nosotros les ped\u00edamos que se pararan que fueramos al ba\u00f1o. A la altura de Amatenango de la Frontera se descompuso un microb\u00fas y todo el convoy se paro sin darnos la oportunidad de ir al ba\u00f1o. Seguimos la trayectoria hasta llegar a Motozintla al penal N. 16 y una vez al entrar al interior dos de los internos fueron golpeados por parte del grupo \u201cLobo\u201d.<\/p>\n<p>Con este traslado masivo termina el lugar de castigo de Copainala para dar inicio a otro peor como es el caso del penal N. 6 de Motozintla de Mendoza donde nos mantienen alejados de nuestras familias. Por tal motivo pido al C. Juan Sabines Guerrero su intervenci\u00f3n para ordenar mi traslado la penal N. 10 de la ciudad de Comitan de Domingues ya que es un lugar cercano para que pueda mi familia llegar a vicitarme.<\/p>\n<p>Por su amable intervenci\u00f3n le doy mis agradecimientos.<\/p>\n<p>Motozintla de Mendoza Chiapas penal N.6 <\/p>\n<p>Martes 22 de marzo 2011.<\/p>\n<p>ATENTAMENTE<\/p>\n<p>LA VOZ DEL AMATE <\/p>\n<p>ENRIQUE GOMEZ HERNANDEZ <\/p>\n","protected":false},"excerpt":{"rendered":"<p>A la opini\u00f3n publica A los medios de comunicaci\u00f3n Estatal, Nacional e Internacional A los adherentes de la otra campa\u00f1a A la Primera Internacional A las Organizaciones Independientes A los Derechos Humanos No Gubernamentales 16 de marzo 2011-20:00 PM arribaron al penal N. 15 de Copainala Chiapas. Los Grupos: Lobo y t\u00e1cticos de la sectorial [&hellip;]<\/p>\n","protected":false},"author":249,"featured_media":0,"comment_status":"open","ping_status":"closed","sticky":false,"template":"","format":"standard","meta":{"footnotes":""},"categories":[26],"tags":[],"class_list":["post-8064","post","type-post","status-publish","format-standard","hentry","category-mundo"],"_links":{"self":[{"href":"https:\/\/eloficiodehistoriar.com.mx\/index.php?rest_route=\/wp\/v2\/posts\/8064","targetHints":{"allow":["GET"]}}],"collection":[{"href":"https:\/\/eloficiodehistoriar.com.mx\/index.php?rest_route=\/wp\/v2\/posts"}],"about":[{"href":"https:\/\/eloficiodehistoriar.com.mx\/index.php?rest_route=\/wp\/v2\/types\/post"}],"author":[{"embeddable":true,"href":"https:\/\/eloficiodehistoriar.com.mx\/index.php?rest_route=\/wp\/v2\/users\/249"}],"replies":[{"embeddable":true,"href":"https:\/\/eloficiodehistoriar.com.mx\/index.php?rest_route=%2Fwp%2Fv2%2Fcomments&post=8064"}],"version-history":[{"count":1,"href":"https:\/\/eloficiodehistoriar.com.mx\/index.php?rest_route=\/wp\/v2\/posts\/8064\/revisions"}],"predecessor-version":[{"id":8065,"href":"https:\/\/eloficiodehistoriar.com.mx\/index.php?rest_route=\/wp\/v2\/posts\/8064\/revisions\/8065"}],"wp:attachment":[{"href":"https:\/\/eloficiodehistoriar.com.mx\/index.php?rest_route=%2Fwp%2Fv2%2Fmedia&parent=8064"}],"wp:term":[{"taxonomy":"category","embeddable":true,"href":"https:\/\/eloficiodehistoriar.com.mx\/index.php?rest_route=%2Fwp%2Fv2%2Fcategories&post=8064"},{"taxonomy":"post_tag","embeddable":true,"href":"https:\/\/eloficiodehistoriar.com.mx\/index.php?rest_route=%2Fwp%2Fv2%2Ftags&post=8064"}],"curies":[{"name":"wp","href":"https:\/\/api.w.org\/{rel}","templated":true}]}}