{"id":8068,"date":"2011-03-25T12:14:41","date_gmt":"2011-03-25T18:14:41","guid":{"rendered":"https:\/\/eloficiodehistoriar.com.mx\/?p=8068"},"modified":"2011-03-25T12:14:41","modified_gmt":"2011-03-25T18:14:41","slug":"una-mujer-llamada-rita","status":"publish","type":"post","link":"https:\/\/eloficiodehistoriar.com.mx\/?p=8068","title":{"rendered":"Una mujer llamada RITA"},"content":{"rendered":"<p>Santa Rita<\/p>\n<p>Hermann Bellinghausen<\/p>\n<p>Hubo una vez una banda de rock llamada Santa Sabina, algo as\u00ed como un experimento art\u00edstico que sale bien. Qu\u00e9 digo bien. Marca el punto m\u00e1s alto, tal vez, del rock mexicano en t\u00e9rminos estrictamente musicales. Su propuesta esc\u00e9nica y su conmovedora vocaci\u00f3n literaria \u2013presente en sus letras y en la concepci\u00f3n entera de su existencia como banda\u2013 los hicieron un motor de renovaci\u00f3n y, por su ejemplo (habitualmente bueno), mentores extracurriculares para miles de j\u00f3venes que tuvieron la suerte de tenerlos ah\u00ed.<\/p>\n<p>La experiencia durar\u00eda casi 20 a\u00f1os (1989-2008) casi que de milagro, pues las acechanzas ser\u00edan muchas. Su nombre los proteg\u00eda. Y las ganas de trabajar, igual que sus estrictos contempor\u00e1neos de Caf\u00e9 Tacvba, que ya ven cu\u00e1nto han hecho y hasta d\u00f3nde han ido a parar. Uno-Dos.<\/p>\n<p>Los m\u00fasicos de Santa Sabina formaron siempre un ensamble con buenas ideas y brillante capacidad de interpretaci\u00f3n, desde sus or\u00edgenes como Psicotr\u00f3picos, grupo en liga college, de-escuela-activa, que cruz\u00f3 sus progresivos y a\u00fan adolescentes pasos con los de una actriz-cantora que hab\u00eda dejado atr\u00e1s Guadalajara para internarse en la escuela de teatro de nuestro capullo favorito: la UNAM.<\/p>\n<p>En sus or\u00edgenes est\u00e1n Kafka, Brecht, King Crimsom, una vena darqueta al parecer cong\u00e9nita, no adquirida. Pero tambi\u00e9n Jaco Pastorius, Murnau, Baudelaire y un funk que a saber de d\u00f3nde sacaron, a lo mejor tambi\u00e9n fue cong\u00e9nito o por alguna sobredosis a edad temprana de Funkadelic en la cuna de alguno de ellos.<\/p>\n<p>Quien esto escribe fue su fan insobornable y fiel antes de que ellos se dieran cuenta de qui\u00e9nes eran, y menos, de lo que llegar\u00edan a ser. No s\u00f3lo empezaron bien. Al paso del tiempo y los cambios en su alineaci\u00f3n siempre fueron mejores. Al final, con su concierto de 15 aniversario (2004), los m\u00fasicos de Santa Sabina demostraron estar en el c\u00e9nit. \u00bfEs mucho pedir inteligencia, buen gusto, compromiso social profundo, originalidad creativa y encanto en una banda? Pues Santa Sabina nunca nos qued\u00f3 a deber.<\/p>\n<p>La primera noche debi\u00f3 ser en 1989, en el desaparecido LUCC, La \u00daltima Carcajada de la Cumbancha, en la calle Perpetua, memorable espacio del rock en libertad, algo que no abundaba entonces. Tampoco ahora. Era el concierto de alguien m\u00e1s, pudieron ser El Tri (en una \u00e9poca chida), Maldita Vecindad, Jaime L\u00f3pez o alguien as\u00ed. Curioso que no lo recuerdo, y s\u00ed en cambio a la desconocida banda que taloneaba de abridora.<\/p>\n<p>\u00bfQui\u00e9nes eran? \u00bfQui\u00e9n esa chava de cara grande y voz inesperada, envuelta en el beat sorpresivamente perfecto de unos chamacos que, oh, pod\u00edan tocar? Ya entonces resultaba evidente que Rita Guerrero era el coraz\u00f3n de Santa Sabina, y lo ser\u00eda hasta el final. Corazones de ese tama\u00f1o no se dan en maceta.<\/p>\n<p>A partir de este 21 de marzo, Radio Educaci\u00f3n recordar\u00e1 a la cantante y actriz Rita Guerrero (1964-2011) y su actuaci\u00f3n en la radionovela La fuga, producci\u00f3n original de esta emisora, realizada en 1994, la cual ser\u00e1 transmitida. Los 27 cap\u00edtulos que conforman la serie podr\u00e1n ser escuchados, de lunes a viernes, a las 10:30 horas, por el 1060 de amplitud modulada y a trav\u00e9s de www.radioeducacion.edu.mxFoto Yazm\u00edn Ortega Cort\u00e9s<br \/>\nRita. La gran Rita. Hoy, qu\u00e9 chiste, ya sabemos que es la mejor voz que ha habitado nuestro rock, la diva definitiva, la mam\u00e1 de los pollitos. Pero en aquella lejana noche chilanga con cierto aroma a hach\u00eds todav\u00eda no sab\u00edamos nada. En ese tiempo rol\u00e9 las tierras bajas del rock nacional, y no recordaba haber visto una presencia igual.<\/p>\n<p>Rita era. Los animales esc\u00e9nicos sencillamente son, da la impresi\u00f3n de que a\u00fan si no lo quisieran, no pueden evitarlo. Y su voz, soprano alto de verdad. Un acierto hist\u00f3rico de la banda es no haber puesto nunca a cantar a nadie m\u00e1s. Quiz\u00e1 Rita no tuvo 10 en \u00f3pera (o nom\u00e1s en las de tres centavos, que como Monteverdi sab\u00eda, pueden resultar espl\u00e9ndidas), pero dif\u00edcilmente hemos tenido otra voz corolatura con tal personalidad. Cuando uno la escucha en el Ensamble Galileo (su posterior proyecto paralelo) entonando a pecho de p\u00e1jaro piezas de Sumaya o cantos sefarad\u00edes, uno sigue escuchando, no a la soprano de la partitura, sino a Rita, la voz que es. La de Nos queremos morir, pues. Como decimos de Billie Hollyday, de Nina Simon, de Patti Smith, aunque la mona se vista de seda, Rita se queda.<\/p>\n<p>Desde aquella primera noche del 89 recuerdo que pens\u00e9 que esos chavos pod\u00edan ir por todo. Se ve que ellos tambi\u00e9n, porque lo hicieron. Pero me quedaba corto. Con el tiempo (su primer disco a\u00fan estaba a dos a\u00f1os de distancia), esa presencia y su pasta sonora los convertir\u00eda en personalidades entra\u00f1ables y generosas, no s\u00f3lo en la escena roquera, sino tambi\u00e9n en nuestras luchas populares y eso que podemos llamar sin pena la vida real.<\/p>\n<p>Sus pasos primeritos los llevan a protestar contra la central nuclear de Laguna Verde. Con responsabilidad como artistas populares y l\u00edderes de una generaci\u00f3n, junto con otros roqueros emprendieron el camino de las luchas ind\u00edgenas y de las comunidades zapatistas. Con Roco y Pante\u00f3n Rococ\u00f3, Guillermo Brise\u00f1o, Los de Abajo y otros, Rita Guerrero y el bajista Poncho Figueroa pusieron a Santa Sabina donde serv\u00eda para algo m\u00e1s. Esa falta de indiferencia, esa capacidad de rabia y simpat\u00eda (esc\u00fachense Olvido o su portentosa despedida con Distante instante de Rockdrigo), retratan a Rita en todo su esplendor. (Continuar\u00e1.)<\/p>\n","protected":false},"excerpt":{"rendered":"<p>Santa Rita Hermann Bellinghausen Hubo una vez una banda de rock llamada Santa Sabina, algo as\u00ed como un experimento art\u00edstico que sale bien. Qu\u00e9 digo bien. Marca el punto m\u00e1s alto, tal vez, del rock mexicano en t\u00e9rminos estrictamente musicales. Su propuesta esc\u00e9nica y su conmovedora vocaci\u00f3n literaria \u2013presente en sus letras y en la [&hellip;]<\/p>\n","protected":false},"author":249,"featured_media":0,"comment_status":"open","ping_status":"closed","sticky":false,"template":"","format":"standard","meta":{"footnotes":""},"categories":[26],"tags":[],"class_list":["post-8068","post","type-post","status-publish","format-standard","hentry","category-mundo"],"_links":{"self":[{"href":"https:\/\/eloficiodehistoriar.com.mx\/index.php?rest_route=\/wp\/v2\/posts\/8068","targetHints":{"allow":["GET"]}}],"collection":[{"href":"https:\/\/eloficiodehistoriar.com.mx\/index.php?rest_route=\/wp\/v2\/posts"}],"about":[{"href":"https:\/\/eloficiodehistoriar.com.mx\/index.php?rest_route=\/wp\/v2\/types\/post"}],"author":[{"embeddable":true,"href":"https:\/\/eloficiodehistoriar.com.mx\/index.php?rest_route=\/wp\/v2\/users\/249"}],"replies":[{"embeddable":true,"href":"https:\/\/eloficiodehistoriar.com.mx\/index.php?rest_route=%2Fwp%2Fv2%2Fcomments&post=8068"}],"version-history":[{"count":1,"href":"https:\/\/eloficiodehistoriar.com.mx\/index.php?rest_route=\/wp\/v2\/posts\/8068\/revisions"}],"predecessor-version":[{"id":8069,"href":"https:\/\/eloficiodehistoriar.com.mx\/index.php?rest_route=\/wp\/v2\/posts\/8068\/revisions\/8069"}],"wp:attachment":[{"href":"https:\/\/eloficiodehistoriar.com.mx\/index.php?rest_route=%2Fwp%2Fv2%2Fmedia&parent=8068"}],"wp:term":[{"taxonomy":"category","embeddable":true,"href":"https:\/\/eloficiodehistoriar.com.mx\/index.php?rest_route=%2Fwp%2Fv2%2Fcategories&post=8068"},{"taxonomy":"post_tag","embeddable":true,"href":"https:\/\/eloficiodehistoriar.com.mx\/index.php?rest_route=%2Fwp%2Fv2%2Ftags&post=8068"}],"curies":[{"name":"wp","href":"https:\/\/api.w.org\/{rel}","templated":true}]}}