{"id":8075,"date":"2011-03-26T08:15:11","date_gmt":"2011-03-26T14:15:11","guid":{"rendered":"https:\/\/eloficiodehistoriar.com.mx\/?p=8075"},"modified":"2011-03-26T08:15:11","modified_gmt":"2011-03-26T14:15:11","slug":"la-censura-contra-la-verdad","status":"publish","type":"post","link":"https:\/\/eloficiodehistoriar.com.mx\/?p=8075","title":{"rendered":"La censura contra la verdad"},"content":{"rendered":"<p>Mesura, no censura, espera el episcopado del pacto entre medios<\/p>\n<p>Consorcios se aferran a dar la l\u00ednea informativa: acad\u00e9mico<br \/>\nConf\u00eda la CEM que no se pretender\u00e1 \u201cdisfrazar la verdad\u201d<\/p>\n<p> Representantes de los medios de comunicaci\u00f3n que firmaron el Acuerdo para la Cobertura Informativa de la Violencia<\/p>\n<p>Emir Olivares Alonso y Carolina G\u00f3mez Mena<\/p>\n<p>La Jornada<\/p>\n<p>La unificaci\u00f3n de criterios editoriales \u2013pactada por algunos medios de comunicaci\u00f3n\u2013 para informar sobre la violencia demuestra que son los grandes consorcios los que se aferran a seguir \u201cdando l\u00ednea\u201d informativa, asegur\u00f3 Ren\u00e9 Jim\u00e9nez Ornelas, coordinador de la unidad de an\u00e1lisis sobre violencia social del Instituto de Investigaciones Sociales de la Universidad Nacional Aut\u00f3noma de M\u00e9xico.<\/p>\n<p>Sobre el mismo tema, Manuel Corral Mart\u00edn, secretario ejecutivo de Relaciones Institucionales de la Conferencia del Episcopado Mexicano (CEM) advirti\u00f3: \u201clas noticias no se pueden callar y los medios est\u00e1n para comunicarlas\u201d.<\/p>\n<p>No obstante, dijo, ante el temor que vive la poblaci\u00f3n derivado de la situaci\u00f3n de violencia existente en el pa\u00eds, los medios deber\u00edan cuidar \u201cno sobredimensionar\u201d la informaci\u00f3n sobre las acciones del crimen organizado.<\/p>\n<p>El sacerdote confi\u00f3 en que este pacto no pretenda \u201cdisfrazar la verdad\u201d, sino m\u00e1s bien \u201cno exagerar ni descontextualizar la informaci\u00f3n\u201d.<\/p>\n<p>En tanto, Jim\u00e9nez Ornelas, indic\u00f3 que la iniciativa encabezada por Televisa y Tv Azteca responde a las necesidades \u201cinmediatistas\u201d de la autoridad federal, estatal y hasta municipal en la lucha contra el crimen organizado.<\/p>\n<p>Asever\u00f3 que ahora aquellos medios que critiquen o no tengan a bien aplicar ese pacto seguramente ser\u00e1n objeto de varios calificativos, entre otros el de amarillistas. Con este convenio infor- mativo \u201cse corre el riesgo de generar una especie de limitaci\u00f3n en la calidad informativa e inclusive podr\u00eda llegarse a la autocensura\u201d.<br \/>\nMuchos de los medios que firmaron el pacto, subray\u00f3 Jim\u00e9nez Ortiz, siguen el discurso oficial del gobierno de Felipe Calder\u00f3n de que la violencia se presenta por culpa de los criminales, por lo que no es de extra\u00f1ar que uno de los puntos del dec\u00e1logo haga \u00e9nfasis en reiterar esa idea.<\/p>\n<p>Corral Mart\u00edn, opin\u00f3 por su parte, que es necesario crear una \u201ccultura de la comunicaci\u00f3n\u201d y desterrar la \u201ccultura del amarillismo\u201d, porque en concordancia con la libertad de expresi\u00f3n no ser\u00edan v\u00e1lidas ni la censura ni la autocensura, si es que ese fuese el caso.<\/p>\n<p>\u201cEn estos tiempos no se vale la censura, los medios tienen la libertad de decir lo que ocurre, si fuese censura habr\u00eda que censurarla, porque eso a corto plazo trae m\u00e1s problemas que beneficios; definitivamente hay que decir no a la censura, pero s\u00ed a la mesura\u201d, dijo.<\/p>\n<p>Consider\u00f3 que lo medios deben informar con \u201cprontitud y claridad\u201d los hechos que ocurran en el pa\u00eds, incluidos los de violencia, pero dijo que \u201cno deber\u00edan exagerar\u201d porque se puede generar \u201czozobra\u201d, pero insisti\u00f3 en que ello no quiere decir que deban maquillar, desvirtuar, negar u ocultar la verdad.<\/p>\n","protected":false},"excerpt":{"rendered":"<p>Mesura, no censura, espera el episcopado del pacto entre medios Consorcios se aferran a dar la l\u00ednea informativa: acad\u00e9mico Conf\u00eda la CEM que no se pretender\u00e1 \u201cdisfrazar la verdad\u201d Representantes de los medios de comunicaci\u00f3n que firmaron el Acuerdo para la Cobertura Informativa de la Violencia Emir Olivares Alonso y Carolina G\u00f3mez Mena La Jornada [&hellip;]<\/p>\n","protected":false},"author":249,"featured_media":0,"comment_status":"open","ping_status":"closed","sticky":false,"template":"","format":"standard","meta":{"footnotes":""},"categories":[26],"tags":[],"class_list":["post-8075","post","type-post","status-publish","format-standard","hentry","category-mundo"],"_links":{"self":[{"href":"https:\/\/eloficiodehistoriar.com.mx\/index.php?rest_route=\/wp\/v2\/posts\/8075","targetHints":{"allow":["GET"]}}],"collection":[{"href":"https:\/\/eloficiodehistoriar.com.mx\/index.php?rest_route=\/wp\/v2\/posts"}],"about":[{"href":"https:\/\/eloficiodehistoriar.com.mx\/index.php?rest_route=\/wp\/v2\/types\/post"}],"author":[{"embeddable":true,"href":"https:\/\/eloficiodehistoriar.com.mx\/index.php?rest_route=\/wp\/v2\/users\/249"}],"replies":[{"embeddable":true,"href":"https:\/\/eloficiodehistoriar.com.mx\/index.php?rest_route=%2Fwp%2Fv2%2Fcomments&post=8075"}],"version-history":[{"count":1,"href":"https:\/\/eloficiodehistoriar.com.mx\/index.php?rest_route=\/wp\/v2\/posts\/8075\/revisions"}],"predecessor-version":[{"id":8076,"href":"https:\/\/eloficiodehistoriar.com.mx\/index.php?rest_route=\/wp\/v2\/posts\/8075\/revisions\/8076"}],"wp:attachment":[{"href":"https:\/\/eloficiodehistoriar.com.mx\/index.php?rest_route=%2Fwp%2Fv2%2Fmedia&parent=8075"}],"wp:term":[{"taxonomy":"category","embeddable":true,"href":"https:\/\/eloficiodehistoriar.com.mx\/index.php?rest_route=%2Fwp%2Fv2%2Fcategories&post=8075"},{"taxonomy":"post_tag","embeddable":true,"href":"https:\/\/eloficiodehistoriar.com.mx\/index.php?rest_route=%2Fwp%2Fv2%2Ftags&post=8075"}],"curies":[{"name":"wp","href":"https:\/\/api.w.org\/{rel}","templated":true}]}}