{"id":8079,"date":"2011-03-26T08:24:55","date_gmt":"2011-03-26T14:24:55","guid":{"rendered":"https:\/\/eloficiodehistoriar.com.mx\/?p=8079"},"modified":"2011-03-26T08:25:16","modified_gmt":"2011-03-26T14:25:16","slug":"las-victimas-del-delito-siempre-desprotegidas-en-mexico","status":"publish","type":"post","link":"https:\/\/eloficiodehistoriar.com.mx\/?p=8079","title":{"rendered":"Las v\u00edctimas del delito siempre desprotegidas en M\u00e9xico"},"content":{"rendered":"<p>El turno de la Suprema Corte<\/p>\n<p>Miguel Concha<\/p>\n<p>La Jornada<\/p>\n<p>Pocos cr\u00edmenes gozan de un rechazo social tan fuerte como el abuso sexual de menores. A pesar de esto, lamentablemente nos encontramos con casos en los que el Estado mexicano no ha podido garantizar justicia para las v\u00edctimas. Hace aproximadamente tres a\u00f1os el pa\u00eds se sacudi\u00f3 al conocer el relato de un ni\u00f1o de cuatro a\u00f1os que dijo haber sido violado sexualmente con la complicidad de al menos tres maestros de esa instituci\u00f3n, uno de ellos esposo de la due\u00f1a, en el Instituto San Felipe, de Oaxaca. Esta denuncia no ocasion\u00f3 s\u00f3lo la indignaci\u00f3n de la mayor parte de la poblaci\u00f3n, sino una resistencia encarnizada por parte de los acusados, quienes cuentan entre sus abogados y defensores a personas que se ha vinculado en numerosas ocasiones con el ex gobernador Ulises Ruiz.<\/p>\n<p>Los familiares de la v\u00edctima denunciaron en su momento dilaciones injustificadas en la cumplimentaci\u00f3n de \u00f3rdenes de aprehensi\u00f3n a los presuntos responsables, as\u00ed como complicidad de las autoridades estatales. Se denunci\u00f3 asimismo que la procuradur\u00eda estatal les ha sugerido en diversas ocasiones llegar a un \u201cacuerdo conciliatorio y de car\u00e1cter econ\u00f3mico\u201d. A pesar de que hasta ahora se ha detenido a la maestra de la escuela, a\u00fan quedan otros dos presuntos responsables libres. Libertad que las v\u00edctimas achacan a la complicidad de la procuradur\u00eda estatal. Esto se confirm\u00f3 con la recomendaci\u00f3n 04\/2008 de la Comisi\u00f3n Nacional de los Derechos Humanos contra las pr\u00e1cticas dilatorias en que incurri\u00f3 la Fiscal\u00eda en Delitos Sexuales de la Procuradur\u00eda General de Justicia de Oaxaca durante la integraci\u00f3n de la averiguaci\u00f3n previa por la agresi\u00f3n f\u00edsica y sexual que sufri\u00f3 el menor el 7 de noviembre de 2006.<\/p>\n<p>En t\u00e9rminos generales la recomendaci\u00f3n pide que se instruya al procurador general de Justicia para que \u201cse realicen las diligencias necesarias para dar cumplimiento a las \u00f3rdenes de aprehensi\u00f3n que libr\u00f3 el juez tercero de primera instancia en materia penal en Ixcotel, Centro, Oaxaca\u201d, con el fin de aprehender a los probables responsables. Le pide adem\u00e1s que se sirva instruir a quien corresponda \u201ca efecto de que se d\u00e9 vista al \u00d3rgano Interno de Control en la Procuradur\u00eda y se inicie el procedimiento administrativo de investigaci\u00f3n correspondiente al agente del Ministerio P\u00fablico encargado del tr\u00e1mite de la averiguaci\u00f3n previa\u201d, por la injustificada dilaci\u00f3n en las averiguaciones. Si de las investigaciones respectivas se desprendiera la comisi\u00f3n de un delito, la recomendaci\u00f3n pide tambi\u00e9n que \u201cse d\u00e9 vista a la Representaci\u00f3n Social Federal para el ejercicio de sus atribuciones\u201d, y \u201cse instruya a quien corresponda a efecto de que las consideraciones detalladas en el cap\u00edtulo de observaciones del presente documento se hagan del conocimiento del \u00d3rgano Interno de Control en el Instituto Estatal de Educaci\u00f3n P\u00fablica de Oaxaca, para que se inicie un procedimiento administrativo de investigaci\u00f3n en contra de los servidores p\u00fablicos de ese instituto que omitieron intervenir oportuna y debidamente en el caso del menor\u201d.<br \/>\nNo cabe duda de que el asunto es delicado. Por una parte los abogados de las v\u00edctimas han denunciado en reiteradas ocasiones el encubrimiento de autoridades estatales, incluyendo el ex gobernador Ulises Ruiz, a quien se\u00f1alan como una persona que descalific\u00f3 de entrada las declaraciones de la madre de la v\u00edctima. La defensa de los probables responsables ha desviado por otra parte la atenci\u00f3n del caso, descalificando el dicho de las v\u00edctimas y de sus abogados. Como menciona Lydia Cacho en su art\u00edculo del 7 de marzo en El Universal, \u201cLa pornograf\u00eda y la Suprema Corte\u201d, el caso se ha vuelto paradigm\u00e1tico, toda vez que evidencia muchos vac\u00edos institucionales para garantizar los derechos de protecci\u00f3n y acceso a la justicia de ni\u00f1as y ni\u00f1os v\u00edctimas del delito.<\/p>\n<p>Inexplicablemente, el Ejecutivo estatal se ha mostrado reacio y contumaz para ejecutar \u00f3rdenes de aprehensi\u00f3n en contra de estos perpetradores, a pesar de que, como afirma Felipe Canseco, abogado coadyuvante de las v\u00edctimas, existe evidencia que uno de los acusados se present\u00f3 en p\u00fablico. \u201cVestido de traje de gala con sus familiares en una fiesta, ha sido visto en diversos puntos de Oaxaca y es sabido que mantiene comunicaci\u00f3n constante con sus familiares; s\u00f3lo los encargados de la aprehensi\u00f3n no saben en d\u00f3nde se encuentra y no han rendido cuentas al juez sobre pesquisa alguna que hayan realizado para lograr la captura\u201d. Se\u00f1ala adem\u00e1s que parad\u00f3jicamente se aprob\u00f3 hace poco en Oaxaca una reforma al C\u00f3digo Penal, que brinda protecci\u00f3n a la integridad sicosexual de los ni\u00f1os y las ni\u00f1as, mientras la ley se incumple, al no existir voluntad pol\u00edtica para ejecutar las \u00f3rdenes de aprehensi\u00f3n dictadas por el juez.<\/p>\n<p>Toca ahora a la Corte resolver los amparos directos 14\/2010 y 15\/2010, actualmente en la primera sala, que por una parte corresponden al que interpuso la sentenciada en contra de su condena a seis a\u00f1os y nueve meses de prisi\u00f3n, y al que interpuso por otra la madre de la v\u00edctima en contra de una parte de esa misma resoluci\u00f3n, en lo referente a la reducci\u00f3n de la pena de prisi\u00f3n de 10 a seis a\u00f1os y nueve meses, a la anulaci\u00f3n de su inhabilitaci\u00f3n para ejercer su profesi\u00f3n de maestra por cinco a\u00f1os, y a la absoluci\u00f3n de su obligaci\u00f3n de reparar el da\u00f1o. Ahora que ya cuenta con todos sus miembros, se espera que el asunto se resuelva conforme a derecho, privilegiando el inter\u00e9s superior del ni\u00f1o, en la sesi\u00f3n de la primera sala de la Suprema Corte de Justicia de la Naci\u00f3n el pr\u00f3ximo mi\u00e9rcoles 30.<\/p>\n","protected":false},"excerpt":{"rendered":"<p>El turno de la Suprema Corte Miguel Concha La Jornada Pocos cr\u00edmenes gozan de un rechazo social tan fuerte como el abuso sexual de menores. A pesar de esto, lamentablemente nos encontramos con casos en los que el Estado mexicano no ha podido garantizar justicia para las v\u00edctimas. Hace aproximadamente tres a\u00f1os el pa\u00eds se [&hellip;]<\/p>\n","protected":false},"author":249,"featured_media":0,"comment_status":"open","ping_status":"closed","sticky":false,"template":"","format":"standard","meta":{"footnotes":""},"categories":[26],"tags":[],"class_list":["post-8079","post","type-post","status-publish","format-standard","hentry","category-mundo"],"_links":{"self":[{"href":"https:\/\/eloficiodehistoriar.com.mx\/index.php?rest_route=\/wp\/v2\/posts\/8079","targetHints":{"allow":["GET"]}}],"collection":[{"href":"https:\/\/eloficiodehistoriar.com.mx\/index.php?rest_route=\/wp\/v2\/posts"}],"about":[{"href":"https:\/\/eloficiodehistoriar.com.mx\/index.php?rest_route=\/wp\/v2\/types\/post"}],"author":[{"embeddable":true,"href":"https:\/\/eloficiodehistoriar.com.mx\/index.php?rest_route=\/wp\/v2\/users\/249"}],"replies":[{"embeddable":true,"href":"https:\/\/eloficiodehistoriar.com.mx\/index.php?rest_route=%2Fwp%2Fv2%2Fcomments&post=8079"}],"version-history":[{"count":2,"href":"https:\/\/eloficiodehistoriar.com.mx\/index.php?rest_route=\/wp\/v2\/posts\/8079\/revisions"}],"predecessor-version":[{"id":8081,"href":"https:\/\/eloficiodehistoriar.com.mx\/index.php?rest_route=\/wp\/v2\/posts\/8079\/revisions\/8081"}],"wp:attachment":[{"href":"https:\/\/eloficiodehistoriar.com.mx\/index.php?rest_route=%2Fwp%2Fv2%2Fmedia&parent=8079"}],"wp:term":[{"taxonomy":"category","embeddable":true,"href":"https:\/\/eloficiodehistoriar.com.mx\/index.php?rest_route=%2Fwp%2Fv2%2Fcategories&post=8079"},{"taxonomy":"post_tag","embeddable":true,"href":"https:\/\/eloficiodehistoriar.com.mx\/index.php?rest_route=%2Fwp%2Fv2%2Ftags&post=8079"}],"curies":[{"name":"wp","href":"https:\/\/api.w.org\/{rel}","templated":true}]}}